{"id":11669,"date":"2015-04-04T00:43:01","date_gmt":"2015-04-03T22:43:01","guid":{"rendered":"http:\/\/www.loscrigno.it\/beautycase\/?p=11669"},"modified":"2016-02-06T13:37:35","modified_gmt":"2016-02-06T12:37:35","slug":"cosmoprof-cosmetica-italia-made-italy","status":"publish","type":"post","link":"https:\/\/www.loscrigno.it\/beautycase\/index.php\/cosmoprof-cosmetica-italia-made-italy\/","title":{"rendered":"Cosmoprof e Cosmetica Italia: il futuro della cosmesi made in Italy"},"content":{"rendered":"<p style=\"text-align: justify;\">Dopo <strong><a title=\"Al Cosmoprof con Cosmetica Italia: la bellezza \u00e8 made in Italy\" href=\"https:\/\/www.loscrigno.it\/beautycase\/index.php\/cosmoprof-cosmetica-italia\/\">la splendida esperienza dell&#8217;anno scorso<\/a><\/strong>, domenica 22 marzo ho avuto nuovamente l&#8217;opportunit\u00e0 di visitare il <strong>Cosmoprof<\/strong> guidata da due padrone di casa d&#8217;eccezione, <strong>Valentina<\/strong> e <strong>Benedetta<\/strong> di <strong>Cosmetica Italia<\/strong>, che ringrazio moltissimo per la bella giornata trascorsa inseme.<\/p>\n<p style=\"text-align: justify;\">Riuniteci in quell&#8217;angolo di pace che \u00e8 la <strong>lounge di Cosmetica Italia<\/strong> abbiamo avuto modo di confrontarci con i dati reali raccolti ed elaborati dal Centro Studi Unipro, traendone preziose informazioni sull&#8217;andamento del mercato cosmetico, uno dei pochi ancora capace di supportare l&#8217;economia del nostro paese. Se il fatturato interno ha subito nel 2014 un lieve calo rispetto all&#8217;anno precedente (-1,4%), le esportazioni vantano infatti una crescita importante (+4,9%) che testimonia non solo le capacit\u00e0 tecniche delle imprese del territorio, ma anche il fascino che il made in Italy continua ad esercitare nel resto del mondo.<\/p>\n<figure id=\"attachment_11714\" aria-describedby=\"caption-attachment-11714\" style=\"width: 600px\" class=\"wp-caption aligncenter\"><img loading=\"lazy\" decoding=\"async\" class=\"size-full wp-image-11714 lazyload\" alt=\"La bella lounge di Cosmetica Italia\" src=\"data:image\/gif;base64,R0lGODlhAQABAAAAACH5BAEKAAEALAAAAAABAAEAAAICTAEAOw==\" data-src=\"https:\/\/www.loscrigno.it\/beautycase\/wp-content\/uploads\/2015\/04\/01-Cosmoprof.jpg\" width=\"600\" height=\"400\" data-sizes=\"auto\" data-srcset=\"https:\/\/www.loscrigno.it\/beautycase\/wp-content\/uploads\/2015\/04\/01-Cosmoprof.jpg 600w, https:\/\/www.loscrigno.it\/beautycase\/wp-content\/uploads\/2015\/04\/01-Cosmoprof-232x154.jpg 232w\" sizes=\"auto, (max-width: 600px) 100vw, 600px\" \/><figcaption id=\"caption-attachment-11714\" class=\"wp-caption-text\">La bella lounge di Cosmetica Italia<\/figcaption><\/figure>\n<!--more--><\/p>\n<p style=\"text-align: justify;\">Nel 2014 abbiamo acquistato pi\u00f9 spesso i nostri prodotti di bellezza in farmacia (+1,1%, il 18,9% del totale di vendita di tutti i cosmetici sul mercato nazionale) ed in erboristeria (+2,4%) e ci siamo recate meno in profumeria (-2,5%). Una situazione, quest&#8217;ultima, che ha spinto i grandi <em>player<\/em> del settore ad aprire un interessante dibattito in merito alle motivazioni della disaffezione della clientela ed alle\u00a0strategie pi\u00f9 efficaci per contrastarla: cornice dell&#8217;importante appuntamento \u00e8 stata proprio la fiera bolognese, che nella giornata di venerd\u00ec ha riunito per la prima volta\u00a0sullo stesso palcoscenico\u00a0<strong>Patrizio Stella<\/strong>, Amministratore Delegato LVMH Italia, <strong>Jean Luc Michelot<\/strong>, Vice Presidente Gruppo Cosmetici in Profumeria di Cosmetica Italia, <strong>Maria Luisa Bionda<\/strong>, titolare di 2B Research e <strong>Marco Vaccari<\/strong>, titolare di Marco e Luisa Vaccari profumerie, personalit\u00e0 di alto livello magistralmente moderate dal fascino e dalla competenza di <strong>Giovanna Mudulu<\/strong>, direttrice editoriale di <strong>Allure<\/strong>.<\/p>\n<figure id=\"attachment_11737\" aria-describedby=\"caption-attachment-11737\" style=\"width: 600px\" class=\"wp-caption aligncenter\"><img loading=\"lazy\" decoding=\"async\" class=\"size-full wp-image-11737 lazyload\" alt=\"Tavola rotonda sul futuro della profumeria\" src=\"data:image\/gif;base64,R0lGODlhAQABAAAAACH5BAEKAAEALAAAAAABAAEAAAICTAEAOw==\" data-src=\"https:\/\/www.loscrigno.it\/beautycase\/wp-content\/uploads\/2015\/04\/16-Cosmoprof.jpg\" width=\"600\" height=\"400\" data-sizes=\"auto\" data-srcset=\"https:\/\/www.loscrigno.it\/beautycase\/wp-content\/uploads\/2015\/04\/16-Cosmoprof.jpg 600w, https:\/\/www.loscrigno.it\/beautycase\/wp-content\/uploads\/2015\/04\/16-Cosmoprof-232x154.jpg 232w\" sizes=\"auto, (max-width: 600px) 100vw, 600px\" \/><figcaption id=\"caption-attachment-11737\" class=\"wp-caption-text\">Tavola rotonda sul futuro della profumeria<\/figcaption><\/figure>\n<p style=\"text-align: justify;\">Ho particolarmente apprezzato, in tale occasione, la lucidit\u00e0 dell&#8217;analisi complessiva e la rivalutazione dell&#8217;importanza della socializzazione, da raggiungere anche attraverso le moderne tecnologie -smartphone in primis- che finalmente abbandonano il supposto ruolo di strumenti di isolamento per essere riconosciuti come mezzo per il concretizzarsi di un fine ben pi\u00f9 nobile. La costruzione di una <strong>proficua relazione interpersonale<\/strong>, che si appresta a divenire stella polare di ogni piano strategico di sviluppo, enfatizza di conseguenza l&#8217;importanza delle <em><strong>vendeuses<\/strong><\/em>, categoria che -a mio personale giudizio- dovrebbe non solo essere maggiormente motivata nello svolgimento impeccabile del proprio lavoro, ma anche costantemente aggiornata sulle novit\u00e0 del mercato grazie a <em>briefing<\/em> periodici che l&#8217;azienda dovrebbe auspicabilmente prevedere, cos\u00ec da non demandare un aspetto gi\u00e0 identificato come centrale alla buona volont\u00e0 ed all&#8217;interesse personale della singola dipendente. Aiuterebbe anche un <strong>alleggerimento delle disposizioni di vendita<\/strong>, ordini superiori dietro ai quali molte commesse giustificano consigli quantomeno opinabili se non addirittura improbabili, spingendole invece verso la costruzione di un rapporto di fiducia e verso la <strong>creazione di esperienza<\/strong>, merce immateriale rara a trovarsi nelle comuni <em>boutiques<\/em> ma garante di incassi sul lungo periodo.<br \/>\nPur essendo fermamente convinta che tali azioni darebbero nuovo respiro alle profumerie, non riconosco loro la capacit\u00e0 di erodere volumi di <span style=\"color: #000000;\">vendita <\/span>al <strong>canale farmaceutico<\/strong>: la persona che si reca in farmacia percepisce il proprio bisogno come affine ad un problema medico ed \u00e8 spinto dal desiderio di ottenere una cura, laddove l&#8217;acquisto in profumeria si attesta ad un livello prettamente estetico. La concorrenza dovrebbe allora spostarsi su un altro piano, coinvolgendo personale qualificato in ambito dermatologico, oltrepassando il limite della consulenza di cosmesi puramente\u00a0decorativa.<\/p>\n<p style=\"text-align: justify;\">Chiudo questa stimolante parentesi chiedendovi di condividere con me il vostro pensiero sull&#8217;argomento, magari attraverso un commento lasciato sotto questo articolo o sulla <a title=\"Visita la pagina facebook del blog\" href=\"http:\/\/www.facebook.it\/beautycaseblog\">pagina Facebook del blog<\/a>, e mi appresto a tornare alla nostra visita domenicale ed alla scoperta di alcune delle aziende italiane pi\u00f9 attive e pronte al rinnovamento.<\/p>\n<p>&nbsp;<\/p>\n<h2 style=\"text-align: center;\">Equilibra, novit\u00e0 skin care e make up<\/h2>\n<p style=\"text-align: justify;\">La prima tappa ci ha portate da <strong>Equilibra<\/strong>, impresa torinese dall&#8217;ottimo rapporto qualit\u00e0-prezzo e reperibile\u00a0nella grande distribuzione. Lo ammetto, ho una particolare fiducia nei confronti dei prodotti piemontesi perch\u00e9 so che la mia regione eccelle in innovazione, capacit\u00e0 produttiva e dedizione: amiamo ideare e costruire prodotti al massimo delle nostre possibilit\u00e0 e ci piace presentarli con orgoglio.<\/p>\n<blockquote class=\"instagram-media\" data-instgrm-version=\"4\" style=\" background:#FFF; border:0; border-radius:3px; box-shadow:0 0 1px 0 rgba(0,0,0,0.5),0 1px 10px 0 rgba(0,0,0,0.15); margin: 1px; max-width:658px; padding:0; width:99.375%; width:-webkit-calc(100% - 2px); width:calc(100% - 2px);\">\n<div style=\"padding:8px;\">\n<div style=\" background:#F8F8F8; line-height:0; margin-top:40px; padding:50% 0; text-align:center; width:100%;\">\n<div style=\" background:url(data:image\/png;base64,iVBORw0KGgoAAAANSUhEUgAAACwAAAAsCAMAAAApWqozAAAAGFBMVEUiIiI9PT0eHh4gIB4hIBkcHBwcHBwcHBydr+JQAAAACHRSTlMABA4YHyQsM5jtaMwAAADfSURBVDjL7ZVBEgMhCAQBAf\/\/42xcNbpAqakcM0ftUmFAAIBE81IqBJdS3lS6zs3bIpB9WED3YYXFPmHRfT8sgyrCP1x8uEUxLMzNWElFOYCV6mHWWwMzdPEKHlhLw7NWJqkHc4uIZphavDzA2JPzUDsBZziNae2S6owH8xPmX8G7zzgKEOPUoYHvGz1TBCxMkd3kwNVbU0gKHkx+iZILf77IofhrY1nYFnB\/lQPb79drWOyJVa\/DAvg9B\/rLB4cC+Nqgdz\/TvBbBnr6GBReqn\/nRmDgaQEej7WhonozjF+Y2I\/fZou\/qAAAAAElFTkSuQmCC); display:block; height:44px; margin:0 auto -44px; position:relative; top:-22px; width:44px;\"><\/div>\n<\/div>\n<p style=\" color:#c9c8cd; font-family:Arial,sans-serif; font-size:14px; line-height:17px; margin-bottom:0; margin-top:8px; overflow:hidden; padding:8px 0 7px; text-align:center; text-overflow:ellipsis; white-space:nowrap;\"><a href=\"https:\/\/instagram.com\/p\/0h85RbucPn\/\" style=\" color:#c9c8cd; font-family:Arial,sans-serif; font-size:14px; font-style:normal; font-weight:normal; line-height:17px; text-decoration:none;\" target=\"_top\">Una foto pubblicata da MaricaBeautyCase (@maricabeautycaseblog)<\/a> in data: <time style=\" font-family:Arial,sans-serif; font-size:14px; line-height:17px;\" datetime=\"2015-03-22T12:46:34+00:00\">22 Mar 2015 alle ore 05:46 PDT<\/time><\/p>\n<\/div>\n<\/blockquote>\n<p><script  class=\"_iub_cs_activate\" type=\"text\/plain\" async defer src=\"\/\/platform.instagram.com\/en_US\/embeds.js\"><\/script><\/p>\n<figure id=\"attachment_11715\" aria-describedby=\"caption-attachment-11715\" style=\"width: 600px\" class=\"wp-caption aligncenter\"><img loading=\"lazy\" decoding=\"async\" class=\"size-full wp-image-11715 lazyload\" alt=\"Da Equilibra, scoprendo nuovi prodotti\" src=\"data:image\/gif;base64,R0lGODlhAQABAAAAACH5BAEKAAEALAAAAAABAAEAAAICTAEAOw==\" data-src=\"https:\/\/www.loscrigno.it\/beautycase\/wp-content\/uploads\/2015\/04\/02-Cosmoprof.jpg\" width=\"600\" height=\"400\" data-sizes=\"auto\" data-srcset=\"https:\/\/www.loscrigno.it\/beautycase\/wp-content\/uploads\/2015\/04\/02-Cosmoprof.jpg 600w, https:\/\/www.loscrigno.it\/beautycase\/wp-content\/uploads\/2015\/04\/02-Cosmoprof-232x154.jpg 232w\" sizes=\"auto, (max-width: 600px) 100vw, 600px\" \/><figcaption id=\"caption-attachment-11715\" class=\"wp-caption-text\">Da Equilibra, scoprendo nuovi prodotti<\/figcaption><\/figure>\n<p style=\"text-align: justify;\">Abbiamo cos\u00ec scoperto i nuovi <strong>Fanghi Termali Anticellulite<\/strong> ed i nuovi <strong>Scrub Corpo Nutriente Zuccherino<\/strong> e <strong>Scrub Corpo Rimodellante<\/strong> ai sali del mar morto, da utilizzare da soli per un effetto levigante e drenante o uniti ai fanghi stessi, per un trattamento due-in-uno pensato per chi ha poco tempo ma non vuole rinunciare a prendersi cura di s\u00e9.\u00a0Dedicata al benessere del corpo \u00e8 anche la nuova linea di <strong>creme al burro di karit\u00e9<\/strong>, alle <strong>mandorle<\/strong> ed all&#8217;<strong>olio di argan<\/strong>.<\/p>\n<figure id=\"attachment_11718\" aria-describedby=\"caption-attachment-11718\" style=\"width: 600px\" class=\"wp-caption aligncenter\"><img loading=\"lazy\" decoding=\"async\" class=\"size-full wp-image-11718 lazyload\" alt=\"Equilibra, nuove creme corpo\" src=\"data:image\/gif;base64,R0lGODlhAQABAAAAACH5BAEKAAEALAAAAAABAAEAAAICTAEAOw==\" data-src=\"https:\/\/www.loscrigno.it\/beautycase\/wp-content\/uploads\/2015\/04\/05-Cosmoprof.jpg\" width=\"600\" height=\"400\" data-sizes=\"auto\" data-srcset=\"https:\/\/www.loscrigno.it\/beautycase\/wp-content\/uploads\/2015\/04\/05-Cosmoprof.jpg 600w, https:\/\/www.loscrigno.it\/beautycase\/wp-content\/uploads\/2015\/04\/05-Cosmoprof-232x154.jpg 232w\" sizes=\"auto, (max-width: 600px) 100vw, 600px\" \/><figcaption id=\"caption-attachment-11718\" class=\"wp-caption-text\">Equilibra, nuove creme corpo<\/figcaption><\/figure>\n<p style=\"text-align: justify;\">Naturale al 99% e privo di profumo, il <strong>Dermo-Oil Multiattivo<\/strong> \u00e8 stato studiato per attenuare i segni di smagliature e cicatrici oltre che per combattere la secchezza della pelle e ritardare l&#8217;invecchiamento cutaneo.<\/p>\n<figure id=\"attachment_11717\" aria-describedby=\"caption-attachment-11717\" style=\"width: 600px\" class=\"wp-caption aligncenter\"><img loading=\"lazy\" decoding=\"async\" class=\"size-full wp-image-11717   lazyload\" alt=\"Equilibra - Dermo-Oil Multiattivo\" src=\"data:image\/gif;base64,R0lGODlhAQABAAAAACH5BAEKAAEALAAAAAABAAEAAAICTAEAOw==\" data-src=\"https:\/\/www.loscrigno.it\/beautycase\/wp-content\/uploads\/2015\/04\/04-Cosmoprof.jpg\" width=\"600\" height=\"400\" data-sizes=\"auto\" data-srcset=\"https:\/\/www.loscrigno.it\/beautycase\/wp-content\/uploads\/2015\/04\/04-Cosmoprof.jpg 600w, https:\/\/www.loscrigno.it\/beautycase\/wp-content\/uploads\/2015\/04\/04-Cosmoprof-232x154.jpg 232w\" sizes=\"auto, (max-width: 600px) 100vw, 600px\" \/><figcaption id=\"caption-attachment-11717\" class=\"wp-caption-text\">Equilibra &#8211; Dermo-Oil Multiattivo<\/figcaption><\/figure>\n<p style=\"text-align: justify;\">Il viso potr\u00e0 invece trovare nuova luce grazie alle <strong>salviette esfolianti<\/strong> ed alla nuova <strong>linea di make up<\/strong> nei colori brillanti ed allegri dell&#8217;estate: la pigmentazione \u00e8 ottima e particolarmente interessanti mi sono parsi i rossetti ed i matitoni-ombretto, validi alleati per un trucco veloce che deve resistere alle alte temperature di stagione.<\/p>\n<figure id=\"attachment_11716\" aria-describedby=\"caption-attachment-11716\" style=\"width: 600px\" class=\"wp-caption aligncenter\"><img loading=\"lazy\" decoding=\"async\" class=\"size-full wp-image-11716 lazyload\" alt=\"La linea makeup firmata Equilibra\" src=\"data:image\/gif;base64,R0lGODlhAQABAAAAACH5BAEKAAEALAAAAAABAAEAAAICTAEAOw==\" data-src=\"https:\/\/www.loscrigno.it\/beautycase\/wp-content\/uploads\/2015\/04\/03-Cosmoprof.jpg\" width=\"600\" height=\"515\" data-sizes=\"auto\" data-srcset=\"https:\/\/www.loscrigno.it\/beautycase\/wp-content\/uploads\/2015\/04\/03-Cosmoprof.jpg 600w, https:\/\/www.loscrigno.it\/beautycase\/wp-content\/uploads\/2015\/04\/03-Cosmoprof-232x199.jpg 232w\" sizes=\"auto, (max-width: 600px) 100vw, 600px\" \/><figcaption id=\"caption-attachment-11716\" class=\"wp-caption-text\">La linea makeup firmata Equilibra<\/figcaption><\/figure>\n<p>&nbsp;<\/p>\n<h2 style=\"text-align: center;\">\u00a0Bioline, i trattamenti estetici che amiamo<\/h2>\n<p style=\"text-align: justify;\">Il grande stand di <strong>Bioline<\/strong> ci ha accolte come amiche di vecchia data alle quali raccontare non solo la filosofia del brand, centrata sull&#8217;importanza del massaggio manuale e del continuo aggiornamento delle estetiste, ma anche quegli aneddoti che pur non trovando posto sul sito ufficiale costruiscono la storia vera e viva di un marchio.\u00a0Osservare il risultato di un <strong>restyling veramente ben ideato<\/strong>, in grado di offrire un&#8217;immagine pi\u00f9 moderna senza snaturare l&#8217;anima profonda della marca, ricevendo contemporaneamente in dono i ricordi degli arredi della prima apparizione di Bioline al Cosmoprof \u00e8 stata un&#8217;esperienza preziosa che sono felice di aver fatto.<\/p>\n<figure id=\"attachment_11720\" aria-describedby=\"caption-attachment-11720\" style=\"width: 600px\" class=\"wp-caption aligncenter\"><img loading=\"lazy\" decoding=\"async\" class=\"size-full wp-image-11720 lazyload\" alt=\"Bioline, un restyling riuscito\" src=\"data:image\/gif;base64,R0lGODlhAQABAAAAACH5BAEKAAEALAAAAAABAAEAAAICTAEAOw==\" data-src=\"https:\/\/www.loscrigno.it\/beautycase\/wp-content\/uploads\/2015\/04\/07-Cosmoprof.jpg\" width=\"600\" height=\"400\" data-sizes=\"auto\" data-srcset=\"https:\/\/www.loscrigno.it\/beautycase\/wp-content\/uploads\/2015\/04\/07-Cosmoprof.jpg 600w, https:\/\/www.loscrigno.it\/beautycase\/wp-content\/uploads\/2015\/04\/07-Cosmoprof-232x154.jpg 232w\" sizes=\"auto, (max-width: 600px) 100vw, 600px\" \/><figcaption id=\"caption-attachment-11720\" class=\"wp-caption-text\">Bioline, un restyling riuscito<\/figcaption><\/figure>\n<figure id=\"attachment_11721\" aria-describedby=\"caption-attachment-11721\" style=\"width: 600px\" class=\"wp-caption aligncenter\"><img loading=\"lazy\" decoding=\"async\" class=\"size-full wp-image-11721 lazyload\" alt=\"Coccole da Bioline\" src=\"data:image\/gif;base64,R0lGODlhAQABAAAAACH5BAEKAAEALAAAAAABAAEAAAICTAEAOw==\" data-src=\"https:\/\/www.loscrigno.it\/beautycase\/wp-content\/uploads\/2015\/04\/08-Cosmoprof.jpg\" width=\"600\" height=\"400\" data-sizes=\"auto\" data-srcset=\"https:\/\/www.loscrigno.it\/beautycase\/wp-content\/uploads\/2015\/04\/08-Cosmoprof.jpg 600w, https:\/\/www.loscrigno.it\/beautycase\/wp-content\/uploads\/2015\/04\/08-Cosmoprof-232x154.jpg 232w\" sizes=\"auto, (max-width: 600px) 100vw, 600px\" \/><figcaption id=\"caption-attachment-11721\" class=\"wp-caption-text\">Coccole da Bioline<\/figcaption><\/figure>\n<figure id=\"attachment_11722\" aria-describedby=\"caption-attachment-11722\" style=\"width: 600px\" class=\"wp-caption aligncenter\"><img loading=\"lazy\" decoding=\"async\" class=\"size-full wp-image-11722 lazyload\" alt=\"Ascoltando aneddoti e curiosit\u00e0 su Bioline\" src=\"data:image\/gif;base64,R0lGODlhAQABAAAAACH5BAEKAAEALAAAAAABAAEAAAICTAEAOw==\" data-src=\"https:\/\/www.loscrigno.it\/beautycase\/wp-content\/uploads\/2015\/04\/09-Cosmoprof.jpg\" width=\"600\" height=\"400\" data-sizes=\"auto\" data-srcset=\"https:\/\/www.loscrigno.it\/beautycase\/wp-content\/uploads\/2015\/04\/09-Cosmoprof.jpg 600w, https:\/\/www.loscrigno.it\/beautycase\/wp-content\/uploads\/2015\/04\/09-Cosmoprof-232x154.jpg 232w\" sizes=\"auto, (max-width: 600px) 100vw, 600px\" \/><figcaption id=\"caption-attachment-11722\" class=\"wp-caption-text\">Ascoltando aneddoti e curiosit\u00e0 su Bioline<\/figcaption><\/figure>\n<blockquote class=\"instagram-media\" data-instgrm-captioned data-instgrm-version=\"4\" style=\" background:#FFF; border:0; border-radius:3px; box-shadow:0 0 1px 0 rgba(0,0,0,0.5),0 1px 10px 0 rgba(0,0,0,0.15); margin: 1px; max-width:658px; padding:0; width:99.375%; width:-webkit-calc(100% - 2px); width:calc(100% - 2px);\">\n<div style=\"padding:8px;\">\n<div style=\" background:#F8F8F8; line-height:0; margin-top:40px; padding:50% 0; text-align:center; width:100%;\">\n<div style=\" background:url(data:image\/png;base64,iVBORw0KGgoAAAANSUhEUgAAACwAAAAsCAMAAAApWqozAAAAGFBMVEUiIiI9PT0eHh4gIB4hIBkcHBwcHBwcHBydr+JQAAAACHRSTlMABA4YHyQsM5jtaMwAAADfSURBVDjL7ZVBEgMhCAQBAf\/\/42xcNbpAqakcM0ftUmFAAIBE81IqBJdS3lS6zs3bIpB9WED3YYXFPmHRfT8sgyrCP1x8uEUxLMzNWElFOYCV6mHWWwMzdPEKHlhLw7NWJqkHc4uIZphavDzA2JPzUDsBZziNae2S6owH8xPmX8G7zzgKEOPUoYHvGz1TBCxMkd3kwNVbU0gKHkx+iZILf77IofhrY1nYFnB\/lQPb79drWOyJVa\/DAvg9B\/rLB4cC+Nqgdz\/TvBbBnr6GBReqn\/nRmDgaQEej7WhonozjF+Y2I\/fZou\/qAAAAAElFTkSuQmCC); display:block; height:44px; margin:0 auto -44px; position:relative; top:-22px; width:44px;\"><\/div>\n<\/div>\n<p style=\" margin:8px 0 0 0; padding:0 4px;\"> <a href=\"https:\/\/instagram.com\/p\/0iC-ddOcKo\/\" style=\" color:#000; font-family:Arial,sans-serif; font-size:14px; font-style:normal; font-weight:normal; line-height:17px; text-decoration:none; word-wrap:break-word;\" target=\"_top\">Da #BiolineJato si parla di tecniche di massaggio&#8230; provo ad offrirmi come modella? Per un buon reportage questo ed altro ;)))) #CosmeticaItalia #Cosmoprof #CosmoprofBologna #Cosmoprof2015 #news #Beauty #girl #girlstuff #skincare<\/a><\/p>\n<p style=\" color:#c9c8cd; font-family:Arial,sans-serif; font-size:14px; line-height:17px; margin-bottom:0; margin-top:8px; overflow:hidden; padding:8px 0 7px; text-align:center; text-overflow:ellipsis; white-space:nowrap;\">Una foto pubblicata da MaricaBeautyCase (@maricabeautycaseblog) in data: <time style=\" font-family:Arial,sans-serif; font-size:14px; line-height:17px;\" datetime=\"2015-03-22T13:39:42+00:00\">22 Mar 2015 alle ore 06:39 PDT<\/time><\/p>\n<\/div>\n<\/blockquote>\n<p><script class=\"_iub_cs_activate\" type=\"text\/plain\" async defer src=\"\/\/platform.instagram.com\/en_US\/embeds.js\"><\/script><\/p>\n<p>&nbsp;<\/p>\n<h2 style=\"text-align: center;\">Cosmopack: come nasce un mascara?<\/h2>\n<p style=\"text-align: justify;\">Spostarsi nella zona del <strong>Cosmopack<\/strong> \u00e8 un po&#8217; come varcare la soglia di un museo della tecnica: tra gli stand \u00e8 infatti possibile osservare in funzione i macchinari utilizzati per la produzione dei cosmetici, scoprendo aspetti di norma non accessibili al grande pubblico.<\/p>\n<p style=\"text-align: justify;\">Nonostante avessi gi\u00e0 avuto il piacere di <strong><a title=\"Nei laboratori Layla Cosmetics: come nasce uno smalto?\" href=\"https:\/\/www.loscrigno.it\/beautycase\/index.php\/layla-cosmetics-come-nasce-uno-smalto\/\">visitare lo stabilimento Layla<\/a><\/strong>, \u00e8 stato divertente trovarmi nuovamente in prossimit\u00e0 di una linea di confezionamento del mio prodotto make up preferito: il <strong>mascara<\/strong>! Se siete curiose e volete saperne di pi\u00f9 non vi resta che guardare il video sottostante (ed iscrivervi al mio <strong><a title=\"Iscriviti al profilo Instagram di Beauty Case Blog\" href=\"https:\/\/instagram.com\/maricabeautycaseblog\/\">profilo Instagram<\/a><\/strong> per non perdere curiosit\u00e0 future).<\/p>\n<blockquote class=\"instagram-media\" data-instgrm-captioned data-instgrm-version=\"4\" style=\" background:#FFF; border:0; border-radius:3px; box-shadow:0 0 1px 0 rgba(0,0,0,0.5),0 1px 10px 0 rgba(0,0,0,0.15); margin: 1px; max-width:658px; padding:0; width:99.375%; width:-webkit-calc(100% - 2px); width:calc(100% - 2px);\">\n<div style=\"padding:8px;\">\n<div style=\" background:#F8F8F8; line-height:0; margin-top:40px; padding:50% 0; text-align:center; width:100%;\">\n<div style=\" background:url(data:image\/png;base64,iVBORw0KGgoAAAANSUhEUgAAACwAAAAsCAMAAAApWqozAAAAGFBMVEUiIiI9PT0eHh4gIB4hIBkcHBwcHBwcHBydr+JQAAAACHRSTlMABA4YHyQsM5jtaMwAAADfSURBVDjL7ZVBEgMhCAQBAf\/\/42xcNbpAqakcM0ftUmFAAIBE81IqBJdS3lS6zs3bIpB9WED3YYXFPmHRfT8sgyrCP1x8uEUxLMzNWElFOYCV6mHWWwMzdPEKHlhLw7NWJqkHc4uIZphavDzA2JPzUDsBZziNae2S6owH8xPmX8G7zzgKEOPUoYHvGz1TBCxMkd3kwNVbU0gKHkx+iZILf77IofhrY1nYFnB\/lQPb79drWOyJVa\/DAvg9B\/rLB4cC+Nqgdz\/TvBbBnr6GBReqn\/nRmDgaQEej7WhonozjF+Y2I\/fZou\/qAAAAAElFTkSuQmCC); display:block; height:44px; margin:0 auto -44px; position:relative; top:-22px; width:44px;\"><\/div>\n<\/div>\n<p style=\" margin:8px 0 0 0; padding:0 4px;\"> <a href=\"https:\/\/instagram.com\/p\/0iFl-YucPe\/\" style=\" color:#000; font-family:Arial,sans-serif; font-size:14px; font-style:normal; font-weight:normal; line-height:17px; text-decoration:none; word-wrap:break-word;\" target=\"_top\">Avete mai visto come viene prodotto un #mascara? Al Mascara Factory del #Cosmopack potete scoprirlo (oppure potete guardare questo video ;)) #CosmeticaItalia #Cosmoprof #CosmoprofBologna #Cosmoprof2015 #news #Beauty #girl #girlstuff #skincare<\/a><\/p>\n<p style=\" color:#c9c8cd; font-family:Arial,sans-serif; font-size:14px; line-height:17px; margin-bottom:0; margin-top:8px; overflow:hidden; padding:8px 0 7px; text-align:center; text-overflow:ellipsis; white-space:nowrap;\">Un video pubblicato da MaricaBeautyCase (@maricabeautycaseblog) in data: <time style=\" font-family:Arial,sans-serif; font-size:14px; line-height:17px;\" datetime=\"2015-03-22T14:02:34+00:00\">22 Mar 2015 alle ore 07:02 PDT<\/time><\/p>\n<\/div>\n<\/blockquote>\n<p><script class=\"_iub_cs_activate\" type=\"text\/plain\" async defer src=\"\/\/platform.instagram.com\/en_US\/embeds.js\"><\/script><\/p>\n<p>&nbsp;<\/p>\n<h2 style=\"text-align: center;\">PinkFrogs: l&#8217;etichetta green che ha vinto il premio The Wall<\/h2>\n<p style=\"text-align: justify;\">Cosmopack non \u00e8 sinonimo di ricerca ed innovazione <em>tout court<\/em>, ma anche e soprattutto di ricerca ed innovazione sostenibile. Lo dimostra il\u00a0Contest <strong>The Wall Eco-Beauty<\/strong>, giunto alla sua seconda edizione e volto a premiare i ritrovati pi\u00f9 innovativi, dalla molecola al prodotto finito, passando per le tendenze e l\u2019innovazione scientifica per la tutela dell\u2019ambiente. Tra i vincitori, premiati nella giornata di gioved\u00ec 19 marzo, voglio citare\u00a0<strong>Pinkfrogs<\/strong>, la cui attenzione si \u00e8 focalizzata sulla sensibilizzazione e formazione del consumatore, un tema che mi \u00e8 particolarmente caro e che viene qui sviluppato attraverso una nuova <strong>etichetta dal forte impatto visivo<\/strong>, capace di confrontare in un solo colpo d&#8217;occhio le conseguenze derivanti da un atteggiamento <em>green<\/em> e da uno non eco-compatibile. Lo scopo \u00e8 ovviamente quello di spingere ogni persona a fare la sua parte, rendendola consapevole di come ciascuno possa partecipare attivamente e concretamente alla tutela del pianeta.<\/p>\n<figure id=\"attachment_11723\" aria-describedby=\"caption-attachment-11723\" style=\"width: 600px\" class=\"wp-caption aligncenter\"><img loading=\"lazy\" decoding=\"async\" class=\"size-full wp-image-11723 lazyload\" alt=\"PinkFrog: la consapevolezza mi rende differente\" src=\"data:image\/gif;base64,R0lGODlhAQABAAAAACH5BAEKAAEALAAAAAABAAEAAAICTAEAOw==\" data-src=\"https:\/\/www.loscrigno.it\/beautycase\/wp-content\/uploads\/2015\/04\/10-Cosmoprof.jpg\" width=\"600\" height=\"397\" data-sizes=\"auto\" data-srcset=\"https:\/\/www.loscrigno.it\/beautycase\/wp-content\/uploads\/2015\/04\/10-Cosmoprof.jpg 600w, https:\/\/www.loscrigno.it\/beautycase\/wp-content\/uploads\/2015\/04\/10-Cosmoprof-232x153.jpg 232w\" sizes=\"auto, (max-width: 600px) 100vw, 600px\" \/><figcaption id=\"caption-attachment-11723\" class=\"wp-caption-text\">PinkFrog: la consapevolezza mi rende differente<\/figcaption><\/figure>\n<figure id=\"attachment_11731\" aria-describedby=\"caption-attachment-11731\" style=\"width: 600px\" class=\"wp-caption aligncenter\"><img loading=\"lazy\" decoding=\"async\" class=\"size-full wp-image-11731 lazyload\" alt=\"PinkFrog - Nuova etichetta intelligente\" src=\"data:image\/gif;base64,R0lGODlhAQABAAAAACH5BAEKAAEALAAAAAABAAEAAAICTAEAOw==\" data-src=\"https:\/\/www.loscrigno.it\/beautycase\/wp-content\/uploads\/2015\/04\/15-Cosmoprof.jpg\" width=\"600\" height=\"311\" data-sizes=\"auto\" data-srcset=\"https:\/\/www.loscrigno.it\/beautycase\/wp-content\/uploads\/2015\/04\/15-Cosmoprof.jpg 600w, https:\/\/www.loscrigno.it\/beautycase\/wp-content\/uploads\/2015\/04\/15-Cosmoprof-232x120.jpg 232w, https:\/\/www.loscrigno.it\/beautycase\/wp-content\/uploads\/2015\/04\/15-Cosmoprof-598x311.jpg 598w\" sizes=\"auto, (max-width: 600px) 100vw, 600px\" \/><figcaption id=\"caption-attachment-11731\" class=\"wp-caption-text\">PinkFrog &#8211; Nuova etichetta intelligente<\/figcaption><\/figure>\n<p>&nbsp;<\/p>\n<h2 style=\"text-align: center;\">Cialde decorate? Ecco come<\/h2>\n<p style=\"text-align: justify;\">Vi siete mi chiesti come nascono le decorazioni spesso presenti sulle cialde di ombretti, blush ed altre polveri pressate? Ebbene, durante l&#8217;incontro con <strong>NastriTex<\/strong> abbiamo scoperto che\u00a0il segreto \u00e8 nascosto nei tessuti che vengono frapposti tra la cialda e la pressa in fase di produzione. Se non organizzato in ottica ambientalista tale processo pu\u00f2 dar vita ad una quantit\u00e0 ingente di rifiuti, ragione per cui l&#8217;azienda di Busto Arsizio si impegna da anni nella ricerca di materiali di consumo biodegradabili ed a basso impatto, cos\u00ec da occuparsi della bellezza delle donne senza ledere quella della natura.<\/p>\n<figure id=\"attachment_11724\" aria-describedby=\"caption-attachment-11724\" style=\"width: 600px\" class=\"wp-caption aligncenter\"><img loading=\"lazy\" decoding=\"async\" class=\"size-full wp-image-11724 lazyload\" alt=\"___________\" src=\"data:image\/gif;base64,R0lGODlhAQABAAAAACH5BAEKAAEALAAAAAABAAEAAAICTAEAOw==\" data-src=\"https:\/\/www.loscrigno.it\/beautycase\/wp-content\/uploads\/2015\/04\/11-Cosmoprof.jpg\" width=\"600\" height=\"400\" data-sizes=\"auto\" data-srcset=\"https:\/\/www.loscrigno.it\/beautycase\/wp-content\/uploads\/2015\/04\/11-Cosmoprof.jpg 600w, https:\/\/www.loscrigno.it\/beautycase\/wp-content\/uploads\/2015\/04\/11-Cosmoprof-232x154.jpg 232w\" sizes=\"auto, (max-width: 600px) 100vw, 600px\" \/><figcaption id=\"caption-attachment-11724\" class=\"wp-caption-text\">__________<\/figcaption><\/figure>\n<figure id=\"attachment_11725\" aria-describedby=\"caption-attachment-11725\" style=\"width: 600px\" class=\"wp-caption aligncenter\"><img loading=\"lazy\" decoding=\"async\" class=\"size-full wp-image-11725 lazyload\" alt=\"Tessuti in fibra naturale\" src=\"data:image\/gif;base64,R0lGODlhAQABAAAAACH5BAEKAAEALAAAAAABAAEAAAICTAEAOw==\" data-src=\"https:\/\/www.loscrigno.it\/beautycase\/wp-content\/uploads\/2015\/04\/12-Cosmoprof.jpg\" width=\"600\" height=\"400\" data-sizes=\"auto\" data-srcset=\"https:\/\/www.loscrigno.it\/beautycase\/wp-content\/uploads\/2015\/04\/12-Cosmoprof.jpg 600w, https:\/\/www.loscrigno.it\/beautycase\/wp-content\/uploads\/2015\/04\/12-Cosmoprof-232x154.jpg 232w\" sizes=\"auto, (max-width: 600px) 100vw, 600px\" \/><figcaption id=\"caption-attachment-11725\" class=\"wp-caption-text\">Tessuti in fibra naturale<\/figcaption><\/figure>\n<p>&nbsp;<\/p>\n<h2 style=\"text-align: center;\">Elgon, poesia e colore per i nostri capelli<\/h2>\n<p style=\"text-align: justify;\">L&#8217;ultima tappa ci porta nell&#8217;universo deliziosamente poetico di <strong>Elgon<\/strong>, dove ci immergiamo nel magico mondo dell&#8217;<strong>hair care<\/strong> per essere iniziate ad una novit\u00e0 che sono certa stuzzicher\u00e0 la vostra curiosit\u00e0: l&#8217;<strong>Hair DD Cream 10 in 1<\/strong>.\u00a0Applicata sui capelli umidi o asciutti, la DD Cream non necessita di risciacquo ed \u00e8 in grado di disciplinare le lunghezze rendendo il capello pi\u00f9 lavorabile, lucente, corposo e perfettamente districato, fa durare di pi\u00f9 la piega, protegge il colore dallo sbiadimento, dal calore di phon e piastra e dai raggi UV, tutto in unico gesto.<\/p>\n<p style=\"text-align: justify;\">Naturalmente non si tratta del solo prodotto ad aver attirato la mia attenzione: in wish list sono entrati di diritto anche il <strong>Kit Volume System<\/strong>, per un&#8217;acconciatura capace di sfidare anche Maria Antonietta, e la <strong>Peeling Mask Antiforfora<\/strong>.<\/p>\n<blockquote class=\"instagram-media\" data-instgrm-version=\"4\" style=\" background:#FFF; border:0; border-radius:3px; box-shadow:0 0 1px 0 rgba(0,0,0,0.5),0 1px 10px 0 rgba(0,0,0,0.15); margin: 1px; max-width:658px; padding:0; width:99.375%; width:-webkit-calc(100% - 2px); width:calc(100% - 2px);\">\n<div style=\"padding:8px;\">\n<div style=\" background:#F8F8F8; line-height:0; margin-top:40px; padding:50% 0; text-align:center; width:100%;\">\n<div style=\" background:url(data:image\/png;base64,iVBORw0KGgoAAAANSUhEUgAAACwAAAAsCAMAAAApWqozAAAAGFBMVEUiIiI9PT0eHh4gIB4hIBkcHBwcHBwcHBydr+JQAAAACHRSTlMABA4YHyQsM5jtaMwAAADfSURBVDjL7ZVBEgMhCAQBAf\/\/42xcNbpAqakcM0ftUmFAAIBE81IqBJdS3lS6zs3bIpB9WED3YYXFPmHRfT8sgyrCP1x8uEUxLMzNWElFOYCV6mHWWwMzdPEKHlhLw7NWJqkHc4uIZphavDzA2JPzUDsBZziNae2S6owH8xPmX8G7zzgKEOPUoYHvGz1TBCxMkd3kwNVbU0gKHkx+iZILf77IofhrY1nYFnB\/lQPb79drWOyJVa\/DAvg9B\/rLB4cC+Nqgdz\/TvBbBnr6GBReqn\/nRmDgaQEej7WhonozjF+Y2I\/fZou\/qAAAAAElFTkSuQmCC); display:block; height:44px; margin:0 auto -44px; position:relative; top:-22px; width:44px;\"><\/div>\n<\/div>\n<p style=\" color:#c9c8cd; font-family:Arial,sans-serif; font-size:14px; line-height:17px; margin-bottom:0; margin-top:8px; overflow:hidden; padding:8px 0 7px; text-align:center; text-overflow:ellipsis; white-space:nowrap;\"><a href=\"https:\/\/instagram.com\/p\/0iMV6kucOW\/\" style=\" color:#c9c8cd; font-family:Arial,sans-serif; font-size:14px; font-style:normal; font-weight:normal; line-height:17px; text-decoration:none;\" target=\"_top\">Una foto pubblicata da MaricaBeautyCase (@maricabeautycaseblog)<\/a> in data: <time style=\" font-family:Arial,sans-serif; font-size:14px; line-height:17px;\" datetime=\"2015-03-22T15:01:33+00:00\">22 Mar 2015 alle ore 08:01 PDT<\/time><\/p>\n<\/div>\n<\/blockquote>\n<p><script class=\"_iub_cs_activate\" type=\"text\/plain\" async defer src=\"\/\/platform.instagram.com\/en_US\/embeds.js\"><\/script><\/p>\n<figure id=\"attachment_11726\" aria-describedby=\"caption-attachment-11726\" style=\"width: 600px\" class=\"wp-caption aligncenter\"><img loading=\"lazy\" decoding=\"async\" class=\"size-full wp-image-11726 lazyload\" alt=\"Elgon - Peeling Mask\" src=\"data:image\/gif;base64,R0lGODlhAQABAAAAACH5BAEKAAEALAAAAAABAAEAAAICTAEAOw==\" data-src=\"https:\/\/www.loscrigno.it\/beautycase\/wp-content\/uploads\/2015\/04\/13-Cosmoprof.jpg\" width=\"600\" height=\"400\" data-sizes=\"auto\" data-srcset=\"https:\/\/www.loscrigno.it\/beautycase\/wp-content\/uploads\/2015\/04\/13-Cosmoprof.jpg 600w, https:\/\/www.loscrigno.it\/beautycase\/wp-content\/uploads\/2015\/04\/13-Cosmoprof-232x154.jpg 232w\" sizes=\"auto, (max-width: 600px) 100vw, 600px\" \/><figcaption id=\"caption-attachment-11726\" class=\"wp-caption-text\">Elgon &#8211; Peeling Mask<\/figcaption><\/figure>\n<p>&nbsp;<\/p>\n<h2 style=\"text-align: center;\">Le battute finali<\/h2>\n<figure id=\"attachment_11727\" aria-describedby=\"caption-attachment-11727\" style=\"width: 600px\" class=\"wp-caption aligncenter\"><img loading=\"lazy\" decoding=\"async\" class=\"size-full wp-image-11727 lazyload\" alt=\"Una giornata al Cosmoprof Con Cosmetica Italia\" src=\"data:image\/gif;base64,R0lGODlhAQABAAAAACH5BAEKAAEALAAAAAABAAEAAAICTAEAOw==\" data-src=\"https:\/\/www.loscrigno.it\/beautycase\/wp-content\/uploads\/2015\/04\/14-Cosmoprof.jpg\" width=\"600\" height=\"400\" data-sizes=\"auto\" data-srcset=\"https:\/\/www.loscrigno.it\/beautycase\/wp-content\/uploads\/2015\/04\/14-Cosmoprof.jpg 600w, https:\/\/www.loscrigno.it\/beautycase\/wp-content\/uploads\/2015\/04\/14-Cosmoprof-232x154.jpg 232w\" sizes=\"auto, (max-width: 600px) 100vw, 600px\" \/><figcaption id=\"caption-attachment-11727\" class=\"wp-caption-text\">Una giornata al Cosmoprof Con Cosmetica Italia<\/figcaption><\/figure>\n<p style=\"text-align: justify;\">Il reportage di questa emozionante domenica al <strong>Cosmoprof con Cosmetica Italia<\/strong> si conclude cos\u00ec, con una foto ricordo piena di sorrisi e\u00a0con la certezza di aver imparato qualcosa di importante. Da parte mia spero di essere riuscita a farvi vivere almeno in parte la magia della fiera cosmetica pi\u00f9 grande d&#8217;Europa e mi riprometto di approfondire alcuni argomenti che per ragioni di spazio ho qui solo sfiorato. Nel frattempo un sentito ringraziamento va a chi ha organizzato questa giornata, a chi l&#8217;ha vissuta con me ed a chi ci ha accolte nel proprio stand con entusiasmo ed allegria. <strong>Grazie!<\/strong><\/p>\n<p style=\"text-align: justify;\">Se volete ancora pi\u00f9 <strong>Cosmoprof Bologna<\/strong> cliccate qui sotto per scoprire i miei acquisti ed ascoltare alcune considerazioni generali! E, se vi va, iscrivetevi al <strong><a title=\"Iscriviti al canale Youtube di Beauty Case Blog!\" href=\"http:\/\/www.youtube.com\/subscription_center?add_user=attricepercaso\">canale youtube di Beauty Case Blog<\/a><\/strong>. Vi aspetto.<\/p>\n<p style=\"text-align: center;\"><iframe loading=\"lazy\" width=\"560\" height=\"315\" src=\"https:\/\/www.youtube-nocookie.com\/embed\/7_r5ddXNZIc\" frameborder=\"0\" allowfullscreen><\/iframe><\/p>\n<p>&nbsp;<br \/>\n<img loading=\"lazy\" decoding=\"async\" src=\"data:image\/gif;base64,R0lGODlhAQABAAAAACH5BAEKAAEALAAAAAABAAEAAAICTAEAOw==\" data-src=\"https:\/\/www.loscrigno.it\/beautycase\/wp-content\/uploads\/2015\/04\/CopertinaCosmoprof2015-600x337.jpg\" alt=\"CopertinaCosmoprof2015\" width=\"600\" height=\"337\" class=\"aligncenter size-medium wp-image-11767 lazyload\" data-sizes=\"auto\" data-srcset=\"https:\/\/www.loscrigno.it\/beautycase\/wp-content\/uploads\/2015\/04\/CopertinaCosmoprof2015-600x337.jpg 600w, https:\/\/www.loscrigno.it\/beautycase\/wp-content\/uploads\/2015\/04\/CopertinaCosmoprof2015-232x130.jpg 232w, https:\/\/www.loscrigno.it\/beautycase\/wp-content\/uploads\/2015\/04\/CopertinaCosmoprof2015-1024x576.jpg 1024w, https:\/\/www.loscrigno.it\/beautycase\/wp-content\/uploads\/2015\/04\/CopertinaCosmoprof2015.jpg 1920w\" sizes=\"auto, (max-width: 600px) 100vw, 600px\" \/><br \/>\n&nbsp;<\/p>\n","protected":false},"excerpt":{"rendered":"<p>Dopo la splendida esperienza dell&#8217;anno scorso, domenica 22 marzo ho avuto nuovamente l&#8217;opportunit\u00e0 di visitare il Cosmoprof guidata da due padrone di casa d&#8217;eccezione, Valentina e Benedetta di Cosmetica Italia, che ringrazio moltissimo per la bella giornata trascorsa inseme. Riuniteci in quell&#8217;angolo di pace che \u00e8 la lounge di Cosmetica Italia abbiamo avuto modo di&hellip;<\/p>\n","protected":false},"author":1,"featured_media":11759,"comment_status":"open","ping_status":"open","sticky":false,"template":"","format":"standard","meta":{"footnotes":""},"categories":[26,1188,1196,43,659,27,28,1189],"tags":[],"thb-sponsors":[],"class_list":["post-11669","post","type-post","status-publish","format-standard","has-post-thumbnail","hentry","category-hair-care","category-lifestyle","category-lusso","category-make-up","category-profumi","category-skin-care","category-unghie","category-video-youtube"],"featured_image_src":"https:\/\/www.loscrigno.it\/beautycase\/wp-content\/uploads\/2015\/04\/14big-Cosmoprof.jpg","author_info":{"display_name":"Marica","author_link":"https:\/\/www.loscrigno.it\/beautycase\/index.php\/author\/verdiana\/"},"yoast_head":"<!-- This site is optimized with the Yoast SEO plugin v27.4 - https:\/\/yoast.com\/product\/yoast-seo-wordpress\/ -->\r\n<title>Cosmoprof e Cosmetica Italia: il futuro della cosmesi made in Italy -<\/title>\r\n<meta name=\"description\" content=\"Una giornata al Cosmoprof ospite di Cosmetica Italia, una preziosa analisi sul futuro della profumeria e tante anteprime sui prodotti cosmetici che stanno..\" \/>\r\n<meta name=\"robots\" content=\"index, follow, max-snippet:-1, max-image-preview:large, max-video-preview:-1\" \/>\r\n<link rel=\"canonical\" href=\"https:\/\/www.loscrigno.it\/beautycase\/index.php\/cosmoprof-cosmetica-italia-made-italy\/\" \/>\r\n<meta name=\"twitter:card\" content=\"summary_large_image\" \/>\r\n<meta name=\"twitter:title\" content=\"Cosmoprof e Cosmetica Italia: il futuro della cosmesi made in Italy -\" \/>\r\n<meta name=\"twitter:description\" content=\"Una giornata al Cosmoprof ospite di Cosmetica Italia, una preziosa analisi sul futuro della profumeria e tante anteprime sui prodotti cosmetici che stanno..\" \/>\r\n<meta name=\"twitter:image\" content=\"https:\/\/www.loscrigno.it\/beautycase\/wp-content\/uploads\/2015\/04\/14big-Cosmoprof.jpg\" \/>\r\n<meta name=\"twitter:creator\" content=\"@http:\/\/www.twitter.com\/beautycaseblog\" \/>\r\n<meta name=\"twitter:label1\" content=\"Scritto da\" \/>\n\t<meta name=\"twitter:data1\" content=\"Marica\" \/>\n\t<meta name=\"twitter:label2\" content=\"Tempo di lettura stimato\" \/>\n\t<meta name=\"twitter:data2\" content=\"9 minuti\" \/>\r\n<script type=\"application\/ld+json\" class=\"yoast-schema-graph\">{\"@context\":\"https:\\\/\\\/schema.org\",\"@graph\":[{\"@type\":\"Article\",\"@id\":\"https:\\\/\\\/www.loscrigno.it\\\/beautycase\\\/index.php\\\/cosmoprof-cosmetica-italia-made-italy\\\/#article\",\"isPartOf\":{\"@id\":\"https:\\\/\\\/www.loscrigno.it\\\/beautycase\\\/index.php\\\/cosmoprof-cosmetica-italia-made-italy\\\/\"},\"author\":{\"name\":\"Marica\",\"@id\":\"https:\\\/\\\/www.loscrigno.it\\\/beautycase\\\/#\\\/schema\\\/person\\\/11eee6092821563eadc965b96ca0314d\"},\"headline\":\"Cosmoprof e Cosmetica Italia: il futuro della cosmesi made in Italy\",\"datePublished\":\"2015-04-03T22:43:01+00:00\",\"dateModified\":\"2016-02-06T12:37:35+00:00\",\"mainEntityOfPage\":{\"@id\":\"https:\\\/\\\/www.loscrigno.it\\\/beautycase\\\/index.php\\\/cosmoprof-cosmetica-italia-made-italy\\\/\"},\"wordCount\":1889,\"commentCount\":0,\"image\":{\"@id\":\"https:\\\/\\\/www.loscrigno.it\\\/beautycase\\\/index.php\\\/cosmoprof-cosmetica-italia-made-italy\\\/#primaryimage\"},\"thumbnailUrl\":\"https:\\\/\\\/www.loscrigno.it\\\/beautycase\\\/wp-content\\\/uploads\\\/2015\\\/04\\\/14big-Cosmoprof.jpg\",\"articleSection\":[\"Capelli\",\"Lifestyle\",\"Lusso\",\"Make-up\",\"Profumi\",\"Skin Care\",\"Unghie\",\"Youtube\"],\"inLanguage\":\"it-IT\",\"potentialAction\":[{\"@type\":\"CommentAction\",\"name\":\"Comment\",\"target\":[\"https:\\\/\\\/www.loscrigno.it\\\/beautycase\\\/index.php\\\/cosmoprof-cosmetica-italia-made-italy\\\/#respond\"]}]},{\"@type\":\"WebPage\",\"@id\":\"https:\\\/\\\/www.loscrigno.it\\\/beautycase\\\/index.php\\\/cosmoprof-cosmetica-italia-made-italy\\\/\",\"url\":\"https:\\\/\\\/www.loscrigno.it\\\/beautycase\\\/index.php\\\/cosmoprof-cosmetica-italia-made-italy\\\/\",\"name\":\"Cosmoprof e Cosmetica Italia: il futuro della cosmesi made in Italy -\",\"isPartOf\":{\"@id\":\"https:\\\/\\\/www.loscrigno.it\\\/beautycase\\\/#website\"},\"primaryImageOfPage\":{\"@id\":\"https:\\\/\\\/www.loscrigno.it\\\/beautycase\\\/index.php\\\/cosmoprof-cosmetica-italia-made-italy\\\/#primaryimage\"},\"image\":{\"@id\":\"https:\\\/\\\/www.loscrigno.it\\\/beautycase\\\/index.php\\\/cosmoprof-cosmetica-italia-made-italy\\\/#primaryimage\"},\"thumbnailUrl\":\"https:\\\/\\\/www.loscrigno.it\\\/beautycase\\\/wp-content\\\/uploads\\\/2015\\\/04\\\/14big-Cosmoprof.jpg\",\"datePublished\":\"2015-04-03T22:43:01+00:00\",\"dateModified\":\"2016-02-06T12:37:35+00:00\",\"author\":{\"@id\":\"https:\\\/\\\/www.loscrigno.it\\\/beautycase\\\/#\\\/schema\\\/person\\\/11eee6092821563eadc965b96ca0314d\"},\"description\":\"Una giornata al Cosmoprof ospite di Cosmetica Italia, una preziosa analisi sul futuro della profumeria e tante anteprime sui prodotti cosmetici che stanno..\",\"breadcrumb\":{\"@id\":\"https:\\\/\\\/www.loscrigno.it\\\/beautycase\\\/index.php\\\/cosmoprof-cosmetica-italia-made-italy\\\/#breadcrumb\"},\"inLanguage\":\"it-IT\",\"potentialAction\":[{\"@type\":\"ReadAction\",\"target\":[\"https:\\\/\\\/www.loscrigno.it\\\/beautycase\\\/index.php\\\/cosmoprof-cosmetica-italia-made-italy\\\/\"]}]},{\"@type\":\"ImageObject\",\"inLanguage\":\"it-IT\",\"@id\":\"https:\\\/\\\/www.loscrigno.it\\\/beautycase\\\/index.php\\\/cosmoprof-cosmetica-italia-made-italy\\\/#primaryimage\",\"url\":\"https:\\\/\\\/www.loscrigno.it\\\/beautycase\\\/wp-content\\\/uploads\\\/2015\\\/04\\\/14big-Cosmoprof.jpg\",\"contentUrl\":\"https:\\\/\\\/www.loscrigno.it\\\/beautycase\\\/wp-content\\\/uploads\\\/2015\\\/04\\\/14big-Cosmoprof.jpg\",\"width\":1000,\"height\":667},{\"@type\":\"BreadcrumbList\",\"@id\":\"https:\\\/\\\/www.loscrigno.it\\\/beautycase\\\/index.php\\\/cosmoprof-cosmetica-italia-made-italy\\\/#breadcrumb\",\"itemListElement\":[{\"@type\":\"ListItem\",\"position\":1,\"name\":\"Home\",\"item\":\"https:\\\/\\\/www.loscrigno.it\\\/beautycase\\\/\"},{\"@type\":\"ListItem\",\"position\":2,\"name\":\"Cosmoprof e Cosmetica Italia: il futuro della cosmesi made in Italy\"}]},{\"@type\":\"WebSite\",\"@id\":\"https:\\\/\\\/www.loscrigno.it\\\/beautycase\\\/#website\",\"url\":\"https:\\\/\\\/www.loscrigno.it\\\/beautycase\\\/\",\"name\":\"Beauty Case Blog - Beauty blog italiano su make-up e bellezza\",\"description\":\"Beauty Case Blog \u00e8 uno dei pi\u00f9 importanti beauty blog italiani. Leggi ora tutte le novit\u00e0 del mondo beauty e scopri i miei consigli su make-up e bellezza.\",\"potentialAction\":[{\"@type\":\"SearchAction\",\"target\":{\"@type\":\"EntryPoint\",\"urlTemplate\":\"https:\\\/\\\/www.loscrigno.it\\\/beautycase\\\/?s={search_term_string}\"},\"query-input\":{\"@type\":\"PropertyValueSpecification\",\"valueRequired\":true,\"valueName\":\"search_term_string\"}}],\"inLanguage\":\"it-IT\"},{\"@type\":\"Person\",\"@id\":\"https:\\\/\\\/www.loscrigno.it\\\/beautycase\\\/#\\\/schema\\\/person\\\/11eee6092821563eadc965b96ca0314d\",\"name\":\"Marica\",\"image\":{\"@type\":\"ImageObject\",\"inLanguage\":\"it-IT\",\"@id\":\"https:\\\/\\\/secure.gravatar.com\\\/avatar\\\/17ff8fae2051e8d0c09037bc4e9ab017ac93233f8d559691101577712100fa39?s=96&d=blank&r=g\",\"url\":\"https:\\\/\\\/secure.gravatar.com\\\/avatar\\\/17ff8fae2051e8d0c09037bc4e9ab017ac93233f8d559691101577712100fa39?s=96&d=blank&r=g\",\"contentUrl\":\"https:\\\/\\\/secure.gravatar.com\\\/avatar\\\/17ff8fae2051e8d0c09037bc4e9ab017ac93233f8d559691101577712100fa39?s=96&d=blank&r=g\",\"caption\":\"Marica\"},\"description\":\"Appassionata di cosmesi e di tutto ci\u00f2 che \u00e8 bello. Dal 2015 vivo a cavallo tra Italia e Inghilterra e ho un'inarrestabile passione per borse e rossetti. Il super-potere che vorrei? Quello dei capelli sempre in piega! Su Instagram mi trovi come @beautycaseblog.\",\"sameAs\":[\"http:\\\/\\\/www.instagram.com\\\/beautycaseblog\",\"http:\\\/\\\/www.facebook.com\\\/beautycaseblog\",\"https:\\\/\\\/x.com\\\/http:\\\/\\\/www.twitter.com\\\/beautycaseblog\"],\"url\":\"https:\\\/\\\/www.loscrigno.it\\\/beautycase\\\/index.php\\\/author\\\/verdiana\\\/\"}]}<\/script>\r\n<!-- \/ Yoast SEO plugin. -->","yoast_head_json":{"title":"Cosmoprof e Cosmetica Italia: il futuro della cosmesi made in Italy -","description":"Una giornata al Cosmoprof ospite di Cosmetica Italia, una preziosa analisi sul futuro della profumeria e tante anteprime sui prodotti cosmetici che stanno..","robots":{"index":"index","follow":"follow","max-snippet":"max-snippet:-1","max-image-preview":"max-image-preview:large","max-video-preview":"max-video-preview:-1"},"canonical":"https:\/\/www.loscrigno.it\/beautycase\/index.php\/cosmoprof-cosmetica-italia-made-italy\/","twitter_card":"summary_large_image","twitter_title":"Cosmoprof e Cosmetica Italia: il futuro della cosmesi made in Italy -","twitter_description":"Una giornata al Cosmoprof ospite di Cosmetica Italia, una preziosa analisi sul futuro della profumeria e tante anteprime sui prodotti cosmetici che stanno..","twitter_image":"https:\/\/www.loscrigno.it\/beautycase\/wp-content\/uploads\/2015\/04\/14big-Cosmoprof.jpg","twitter_creator":"@http:\/\/www.twitter.com\/beautycaseblog","twitter_misc":{"Scritto da":"Marica","Tempo di lettura stimato":"9 minuti"},"schema":{"@context":"https:\/\/schema.org","@graph":[{"@type":"Article","@id":"https:\/\/www.loscrigno.it\/beautycase\/index.php\/cosmoprof-cosmetica-italia-made-italy\/#article","isPartOf":{"@id":"https:\/\/www.loscrigno.it\/beautycase\/index.php\/cosmoprof-cosmetica-italia-made-italy\/"},"author":{"name":"Marica","@id":"https:\/\/www.loscrigno.it\/beautycase\/#\/schema\/person\/11eee6092821563eadc965b96ca0314d"},"headline":"Cosmoprof e Cosmetica Italia: il futuro della cosmesi made in Italy","datePublished":"2015-04-03T22:43:01+00:00","dateModified":"2016-02-06T12:37:35+00:00","mainEntityOfPage":{"@id":"https:\/\/www.loscrigno.it\/beautycase\/index.php\/cosmoprof-cosmetica-italia-made-italy\/"},"wordCount":1889,"commentCount":0,"image":{"@id":"https:\/\/www.loscrigno.it\/beautycase\/index.php\/cosmoprof-cosmetica-italia-made-italy\/#primaryimage"},"thumbnailUrl":"https:\/\/www.loscrigno.it\/beautycase\/wp-content\/uploads\/2015\/04\/14big-Cosmoprof.jpg","articleSection":["Capelli","Lifestyle","Lusso","Make-up","Profumi","Skin Care","Unghie","Youtube"],"inLanguage":"it-IT","potentialAction":[{"@type":"CommentAction","name":"Comment","target":["https:\/\/www.loscrigno.it\/beautycase\/index.php\/cosmoprof-cosmetica-italia-made-italy\/#respond"]}]},{"@type":"WebPage","@id":"https:\/\/www.loscrigno.it\/beautycase\/index.php\/cosmoprof-cosmetica-italia-made-italy\/","url":"https:\/\/www.loscrigno.it\/beautycase\/index.php\/cosmoprof-cosmetica-italia-made-italy\/","name":"Cosmoprof e Cosmetica Italia: il futuro della cosmesi made in Italy -","isPartOf":{"@id":"https:\/\/www.loscrigno.it\/beautycase\/#website"},"primaryImageOfPage":{"@id":"https:\/\/www.loscrigno.it\/beautycase\/index.php\/cosmoprof-cosmetica-italia-made-italy\/#primaryimage"},"image":{"@id":"https:\/\/www.loscrigno.it\/beautycase\/index.php\/cosmoprof-cosmetica-italia-made-italy\/#primaryimage"},"thumbnailUrl":"https:\/\/www.loscrigno.it\/beautycase\/wp-content\/uploads\/2015\/04\/14big-Cosmoprof.jpg","datePublished":"2015-04-03T22:43:01+00:00","dateModified":"2016-02-06T12:37:35+00:00","author":{"@id":"https:\/\/www.loscrigno.it\/beautycase\/#\/schema\/person\/11eee6092821563eadc965b96ca0314d"},"description":"Una giornata al Cosmoprof ospite di Cosmetica Italia, una preziosa analisi sul futuro della profumeria e tante anteprime sui prodotti cosmetici che stanno..","breadcrumb":{"@id":"https:\/\/www.loscrigno.it\/beautycase\/index.php\/cosmoprof-cosmetica-italia-made-italy\/#breadcrumb"},"inLanguage":"it-IT","potentialAction":[{"@type":"ReadAction","target":["https:\/\/www.loscrigno.it\/beautycase\/index.php\/cosmoprof-cosmetica-italia-made-italy\/"]}]},{"@type":"ImageObject","inLanguage":"it-IT","@id":"https:\/\/www.loscrigno.it\/beautycase\/index.php\/cosmoprof-cosmetica-italia-made-italy\/#primaryimage","url":"https:\/\/www.loscrigno.it\/beautycase\/wp-content\/uploads\/2015\/04\/14big-Cosmoprof.jpg","contentUrl":"https:\/\/www.loscrigno.it\/beautycase\/wp-content\/uploads\/2015\/04\/14big-Cosmoprof.jpg","width":1000,"height":667},{"@type":"BreadcrumbList","@id":"https:\/\/www.loscrigno.it\/beautycase\/index.php\/cosmoprof-cosmetica-italia-made-italy\/#breadcrumb","itemListElement":[{"@type":"ListItem","position":1,"name":"Home","item":"https:\/\/www.loscrigno.it\/beautycase\/"},{"@type":"ListItem","position":2,"name":"Cosmoprof e Cosmetica Italia: il futuro della cosmesi made in Italy"}]},{"@type":"WebSite","@id":"https:\/\/www.loscrigno.it\/beautycase\/#website","url":"https:\/\/www.loscrigno.it\/beautycase\/","name":"Beauty Case Blog - Beauty blog italiano su make-up e bellezza","description":"Beauty Case Blog \u00e8 uno dei pi\u00f9 importanti beauty blog italiani. Leggi ora tutte le novit\u00e0 del mondo beauty e scopri i miei consigli su make-up e bellezza.","potentialAction":[{"@type":"SearchAction","target":{"@type":"EntryPoint","urlTemplate":"https:\/\/www.loscrigno.it\/beautycase\/?s={search_term_string}"},"query-input":{"@type":"PropertyValueSpecification","valueRequired":true,"valueName":"search_term_string"}}],"inLanguage":"it-IT"},{"@type":"Person","@id":"https:\/\/www.loscrigno.it\/beautycase\/#\/schema\/person\/11eee6092821563eadc965b96ca0314d","name":"Marica","image":{"@type":"ImageObject","inLanguage":"it-IT","@id":"https:\/\/secure.gravatar.com\/avatar\/17ff8fae2051e8d0c09037bc4e9ab017ac93233f8d559691101577712100fa39?s=96&d=blank&r=g","url":"https:\/\/secure.gravatar.com\/avatar\/17ff8fae2051e8d0c09037bc4e9ab017ac93233f8d559691101577712100fa39?s=96&d=blank&r=g","contentUrl":"https:\/\/secure.gravatar.com\/avatar\/17ff8fae2051e8d0c09037bc4e9ab017ac93233f8d559691101577712100fa39?s=96&d=blank&r=g","caption":"Marica"},"description":"Appassionata di cosmesi e di tutto ci\u00f2 che \u00e8 bello. Dal 2015 vivo a cavallo tra Italia e Inghilterra e ho un'inarrestabile passione per borse e rossetti. Il super-potere che vorrei? Quello dei capelli sempre in piega! Su Instagram mi trovi come @beautycaseblog.","sameAs":["http:\/\/www.instagram.com\/beautycaseblog","http:\/\/www.facebook.com\/beautycaseblog","https:\/\/x.com\/http:\/\/www.twitter.com\/beautycaseblog"],"url":"https:\/\/www.loscrigno.it\/beautycase\/index.php\/author\/verdiana\/"}]}},"_links":{"self":[{"href":"https:\/\/www.loscrigno.it\/beautycase\/index.php\/wp-json\/wp\/v2\/posts\/11669","targetHints":{"allow":["GET"]}}],"collection":[{"href":"https:\/\/www.loscrigno.it\/beautycase\/index.php\/wp-json\/wp\/v2\/posts"}],"about":[{"href":"https:\/\/www.loscrigno.it\/beautycase\/index.php\/wp-json\/wp\/v2\/types\/post"}],"author":[{"embeddable":true,"href":"https:\/\/www.loscrigno.it\/beautycase\/index.php\/wp-json\/wp\/v2\/users\/1"}],"replies":[{"embeddable":true,"href":"https:\/\/www.loscrigno.it\/beautycase\/index.php\/wp-json\/wp\/v2\/comments?post=11669"}],"version-history":[{"count":90,"href":"https:\/\/www.loscrigno.it\/beautycase\/index.php\/wp-json\/wp\/v2\/posts\/11669\/revisions"}],"predecessor-version":[{"id":12071,"href":"https:\/\/www.loscrigno.it\/beautycase\/index.php\/wp-json\/wp\/v2\/posts\/11669\/revisions\/12071"}],"wp:featuredmedia":[{"embeddable":true,"href":"https:\/\/www.loscrigno.it\/beautycase\/index.php\/wp-json\/wp\/v2\/media\/11759"}],"wp:attachment":[{"href":"https:\/\/www.loscrigno.it\/beautycase\/index.php\/wp-json\/wp\/v2\/media?parent=11669"}],"wp:term":[{"taxonomy":"category","embeddable":true,"href":"https:\/\/www.loscrigno.it\/beautycase\/index.php\/wp-json\/wp\/v2\/categories?post=11669"},{"taxonomy":"post_tag","embeddable":true,"href":"https:\/\/www.loscrigno.it\/beautycase\/index.php\/wp-json\/wp\/v2\/tags?post=11669"},{"taxonomy":"thb-sponsors","embeddable":true,"href":"https:\/\/www.loscrigno.it\/beautycase\/index.php\/wp-json\/wp\/v2\/thb-sponsors?post=11669"}],"curies":[{"name":"wp","href":"https:\/\/api.w.org\/{rel}","templated":true}]}}