{"id":12157,"date":"2015-08-02T01:46:21","date_gmt":"2015-08-01T23:46:21","guid":{"rendered":"http:\/\/www.loscrigno.it\/beautycase\/?p=12157"},"modified":"2015-08-02T01:54:08","modified_gmt":"2015-08-01T23:54:08","slug":"klorane-experience-capelli-curati-nel-rispetto-della-natura","status":"publish","type":"post","link":"https:\/\/www.loscrigno.it\/beautycase\/index.php\/klorane-experience-capelli-curati-nel-rispetto-della-natura\/","title":{"rendered":"Klorane Experience: capelli curati nel rispetto della natura"},"content":{"rendered":"<p style=\"text-align: justify;\">Qualche mese fa abbiamo vissuto insieme la <strong>Klorane Experience<\/strong>, attraverso una diretta <strong><a href=\"https:\/\/twitter.com\/BeautyCaseBlog\">Twitter<\/a><\/strong> ed <strong><a href=\"https:\/\/instagram.com\/maricabeautycaseblog\/\">Instagram<\/a><\/strong> che mi ha quasi prosciugato l\u2019intera batteria del cellulare ma che ha lasciato ancora tantissime storie da raccontare ed argomenti da approfondire. Ecco, dunque, lo scopo di questo articolo, la cui lunghezza dovrebbe dirvi qualcosa sul mio grado di apprezzamento della marca, maturato sia ascoltando le parole di chi la conosce alla perfezione sia con l\u2019uso di alcuni dei suoi prodotti.<\/p>\n<figure id=\"attachment_12190\" aria-describedby=\"caption-attachment-12190\" style=\"width: 526px\" class=\"wp-caption aligncenter\"><img loading=\"lazy\" decoding=\"async\" class=\"size-full wp-image-12190 lazyload\" src=\"data:image\/gif;base64,R0lGODlhAQABAAAAACH5BAEKAAEALAAAAAABAAEAAAICTAEAOw==\" data-src=\"https:\/\/www.loscrigno.it\/beautycase\/wp-content\/uploads\/2015\/08\/19-Klorane_experience.png\" alt=\"Klorane Experience\" width=\"526\" height=\"526\" data-sizes=\"auto\" data-srcset=\"https:\/\/www.loscrigno.it\/beautycase\/wp-content\/uploads\/2015\/08\/19-Klorane_experience.png 526w, https:\/\/www.loscrigno.it\/beautycase\/wp-content\/uploads\/2015\/08\/19-Klorane_experience-232x232.png 232w\" sizes=\"auto, (max-width: 526px) 100vw, 526px\" \/><figcaption id=\"caption-attachment-12190\" class=\"wp-caption-text\">Klorane Experience<\/figcaption><\/figure>\n<p><center><iframe loading=\"lazy\" src=\"https:\/\/www.youtube-nocookie.com\/embed\/zXo38XGz6cI\" width=\"560\" height=\"315\" frameborder=\"0\" allowfullscreen=\"allowfullscreen\"><\/iframe><\/center><span style=\"color: #ffffff;\">\u00a0\u00a0<\/span><!--more--><\/p>\n<p><span style=\"color: #ffffff;\">.<\/span><\/p>\n<h2 style=\"text-align: center;\">Pierre Fabre: l\u2019innovazione consapevole<\/h2>\n<p style=\"text-align: justify;\">Prima di addentrarmi nella presentazione delle proposte <strong><a href=\"http:\/\/Klorane.it\">Klorane<\/a><\/strong> non posso fare a meno di parlarvi della casa madre cui il marchio appartiene. Impossibile, invero, non restare colpiti da un\u2019azienda nella quale i lavoratori stessi credono a tal punto da avervi investito parte dei propri risparmi: il 90% dei dipendenti figura infatti tra gli azionisti ed \u00e8 dunque stimolato anche da ragioni personali alla creazione di ritrovati capaci di soddisfare le esigenze delle clienti e di affermarsi sul mercato.<\/p>\n<p style=\"text-align: justify;\">Fondamentale \u00e8 il contesto di <strong>ricerca farmacologica<\/strong> nel quale il brand va ad inserirsi: <strong>Pierre Fabre<\/strong> nasce come realt\u00e0 farmaceutica -settore nel quale ricopre tuttora un ruolo di grande autorevolezza- e, se i cosmetici non possono essere considerati farmaci, va comunque ammesso che l\u2019accesso ad un parterre di studi in questo campo offre una maggiore capacit\u00e0 innovativa ed una maggiore sicurezza.<\/p>\n<p style=\"text-align: justify;\">Il marchio <strong>Klorane<\/strong> entra a far parte di Pierre Fabre nel <strong>1965<\/strong> e rappresenta il primo passo della casa francese sulla strada della dermocosmesi, un percorso sicuramente ricco di successi se pensiamo che alcuni dei brand pi\u00f9 amati del momento, tra i quali spicca <strong>Av\u00e8ne<\/strong>, sono nati da quegli stessi laboratori.<\/p>\n<p style=\"text-align: justify;\">Inoltre, se \u00e8 vero che lo scopo ultimo \u00e8 quello di creare profitto, \u00e8 altrettanto vero che vi sono molti mezzi per raggiungere lo stesso fine, e la Pierre Fabre ha scelto quello dell\u2019<strong>impegno ecosostenibile<\/strong> lungo tutto il ciclo di vita del prodotto. Una promessa che viene presa estremamente sul serio: cos\u00ec, ad esempio, gli scarti delle piante usate per l\u2019estrazione degli attivi non vengono gettati, bens\u00ec impiegati come combustibile per il riscaldamento.<\/p>\n<figure id=\"attachment_12194\" aria-describedby=\"caption-attachment-12194\" style=\"width: 526px\" class=\"wp-caption aligncenter\"><img loading=\"lazy\" decoding=\"async\" class=\"size-full wp-image-12194 lazyload\" src=\"data:image\/gif;base64,R0lGODlhAQABAAAAACH5BAEKAAEALAAAAAABAAEAAAICTAEAOw==\" data-src=\"https:\/\/www.loscrigno.it\/beautycase\/wp-content\/uploads\/2015\/08\/20-Klorane_sostenibilita.png\" alt=\"Pierre Fabre e Klorane rispettano l'ambiente\" width=\"526\" height=\"526\" data-sizes=\"auto\" data-srcset=\"https:\/\/www.loscrigno.it\/beautycase\/wp-content\/uploads\/2015\/08\/20-Klorane_sostenibilita.png 526w, https:\/\/www.loscrigno.it\/beautycase\/wp-content\/uploads\/2015\/08\/20-Klorane_sostenibilita-232x232.png 232w\" sizes=\"auto, (max-width: 526px) 100vw, 526px\" \/><figcaption id=\"caption-attachment-12194\" class=\"wp-caption-text\">Pierre Fabre e Klorane rispettano l&#8217;ambiente<\/figcaption><\/figure>\n<p>L\u2019impegno etico non si esaurisce nel rispetto della natura. Nel 1999 Monsieur Pierre Fabre decise infatti di creare la <strong>Fondazione Pierre Fabre<\/strong>, riconosciuta di pubblica utilit\u00e0 dallo stato francese, con il preciso scopo di partecipare attivamente alla <strong>correzione delle disuguaglianze nell\u2019accesso alle cure mediche<\/strong> che affliggono pi\u00f9 della met\u00e0 della popolazione mondiale.<\/p>\n<p style=\"text-align: justify;\">I pi\u00f9 scettici potrebbero pensare ad una mossa nata dal desiderio di costruirsi un\u2019immagine positiva per mero marketing, e d\u2019altra parte fior fior di studi dimostrano come i consumatori siano pi\u00f9 bendisposti nei confronti di quelle aziende impegnate nel sociale, ma a smentire questa ipotesi \u00e8 la decisione di Monsieur Fabre di donare nel 2008 la maggioranza delle azioni del Gruppo alla Fondazione, eleggendola anche a sua erede universale quando, nel 2013, pass\u00f2 a miglior vita. La Fondazione Pierre Fabre giunse cos\u00ec a detenere l\u201986% del capitale della Pierre Fabre s.a, e sebbene non intervenga attivamente nella gestione del gruppo rappresenta in ogni caso una garanzia di <strong>progresso etico e rispettoso<\/strong>; l\u2019unico che valga la pena di portare avanti.<\/p>\n<p style=\"text-align: justify;\"><span style=\"color: #ffffff;\">.<\/span><\/p>\n<h2 style=\"text-align: center;\">L\u2019universo polisensoriale di Klorane<\/h2>\n<p style=\"text-align: justify;\">I principi fondatori del Gruppo Pierre Fabre pervadono anche l\u2019<strong><a href=\"http:\/\/www.institut-klorane.org\/\">Institute Klorane<\/a><\/strong>, fondato nel 1994 con l\u2019intento di proteggere e valorizzare quel patrimonio vegetale cos\u00ec ampiamente utilizzato nelle formulazioni del marchio.<\/p>\n<p style=\"text-align: justify;\">I prodotti Klorane declinano la <strong>tradizione botanica<\/strong> secondo i dettami della modernit\u00e0, presentandosi in una pluralit\u00e0 di linee che si rivelano sia piacevoli da usare grazie ai <strong>profumi intensi<\/strong> ed alle <strong>texture setose<\/strong> sia efficaci in virt\u00f9 degli <strong>attivi naturali<\/strong> sempre presenti e sempre estratti nel rispetto della natura.<\/p>\n<figure id=\"attachment_12197\" aria-describedby=\"caption-attachment-12197\" style=\"width: 526px\" class=\"wp-caption aligncenter\"><img loading=\"lazy\" decoding=\"async\" class=\"size-full wp-image-12197 lazyload\" src=\"data:image\/gif;base64,R0lGODlhAQABAAAAACH5BAEKAAEALAAAAAABAAEAAAICTAEAOw==\" data-src=\"https:\/\/www.loscrigno.it\/beautycase\/wp-content\/uploads\/2015\/08\/23-Klorane_botanica.png\" alt=\"Institute Klorane\" width=\"526\" height=\"526\" data-sizes=\"auto\" data-srcset=\"https:\/\/www.loscrigno.it\/beautycase\/wp-content\/uploads\/2015\/08\/23-Klorane_botanica.png 526w, https:\/\/www.loscrigno.it\/beautycase\/wp-content\/uploads\/2015\/08\/23-Klorane_botanica-232x232.png 232w\" sizes=\"auto, (max-width: 526px) 100vw, 526px\" \/><figcaption id=\"caption-attachment-12197\" class=\"wp-caption-text\">Institute Klorane<\/figcaption><\/figure>\n<p>&nbsp;<\/p>\n<p style=\"text-align: justify;\">Ciascuna di esse rappresenta <span style=\"color: #000000;\"><strong>un vero e proprio rituale <\/strong><\/span>scandito da tre momenti: <span style=\"color: #000000;\"><strong>detersione<\/strong><\/span>, <span style=\"color: #000000;\"><strong>nutrizione<\/strong><\/span> e <span style=\"color: #000000;\"><strong>sublimazione<\/strong><\/span>. Il primo consta nell\u2019utilizzo dello shampoo pi\u00f9 adatto alla nostra tipologia di capello, il secondo nell\u2019applicazione del relativo balsamo ed il terzo nell\u2019applicazione di un cosmetico capace di enfatizzare i risultati positivi ottenuti con i primi due elementi.<\/p>\n<p style=\"text-align: justify;\">La selezione delle materie prime e delle fragranze non \u00e8 casuale, bens\u00ec strettamente collegata alle necessit\u00e0 espresse, tanto che potremmo parlare di un vero e proprio <strong>percorso polisensoriale<\/strong>: \u00e8 come se colore, aroma e texture collaborassero alla creazione di un\u2019esperienza ed evocassero l\u2019effetto del prodotto anche non conoscendone le caratteristiche.<\/p>\n<p style=\"text-align: justify;\">Cos\u00ec ad esempio la <span style=\"color: #3366ff;\"><strong>linea ai Semi di Lino<\/strong><\/span>, adatta a chiome bisognose di volume, possiede una fragranza agrumata verde che la profumeria fa ricadere nel novero delle note di testa, sentori dalle molecole molto leggere, perfettamente in sintonia con il risultato cercato e capaci di trasmettere sensazioni olfattive fresche, pulite, luminose.<\/p>\n<figure id=\"attachment_12178\" aria-describedby=\"caption-attachment-12178\" style=\"width: 600px\" class=\"wp-caption aligncenter\"><img loading=\"lazy\" decoding=\"async\" class=\"size-medium wp-image-12178 lazyload\" src=\"data:image\/gif;base64,R0lGODlhAQABAAAAACH5BAEKAAEALAAAAAABAAEAAAICTAEAOw==\" data-src=\"https:\/\/www.loscrigno.it\/beautycase\/wp-content\/uploads\/2015\/08\/11-Klorane_lino-600x400.jpg\" alt=\"Klorane, linea ai semi di lino\" width=\"600\" height=\"400\" data-sizes=\"auto\" data-srcset=\"https:\/\/www.loscrigno.it\/beautycase\/wp-content\/uploads\/2015\/08\/11-Klorane_lino-600x400.jpg 600w, https:\/\/www.loscrigno.it\/beautycase\/wp-content\/uploads\/2015\/08\/11-Klorane_lino-232x155.jpg 232w, https:\/\/www.loscrigno.it\/beautycase\/wp-content\/uploads\/2015\/08\/11-Klorane_lino.jpg 1000w\" sizes=\"auto, (max-width: 600px) 100vw, 600px\" \/><figcaption id=\"caption-attachment-12178\" class=\"wp-caption-text\">Klorane, linea ai semi di lino<\/figcaption><\/figure>\n<p>&nbsp;<\/p>\n<p style=\"text-align: justify;\">La gamma completa si articola in ben <strong>20 linee<\/strong>, rendendo veramente difficile non trovare risposta soddisfacente alle proprie aspettative ed ai propri gusti in fatto di profumazione. Volete sapere cosa ho aggiunto alla mia personale wish list? Allora continuate a leggere, ma fate attenzione: il rischio contagio \u00e8 altamente probabile!<\/p>\n<p>&nbsp;<\/p>\n<figure id=\"attachment_12207\" aria-describedby=\"caption-attachment-12207\" style=\"width: 600px\" class=\"wp-caption aligncenter\"><img loading=\"lazy\" decoding=\"async\" class=\"size-medium wp-image-12207 lazyload\" src=\"data:image\/gif;base64,R0lGODlhAQABAAAAACH5BAEKAAEALAAAAAABAAEAAAICTAEAOw==\" data-src=\"https:\/\/www.loscrigno.it\/beautycase\/wp-content\/uploads\/2015\/08\/07-Klorane_centaurea1-600x398.jpg\" alt=\"Klorane, linea alla centaurea\" width=\"600\" height=\"398\" data-sizes=\"auto\" data-srcset=\"https:\/\/www.loscrigno.it\/beautycase\/wp-content\/uploads\/2015\/08\/07-Klorane_centaurea1-600x398.jpg 600w, https:\/\/www.loscrigno.it\/beautycase\/wp-content\/uploads\/2015\/08\/07-Klorane_centaurea1-232x154.jpg 232w, https:\/\/www.loscrigno.it\/beautycase\/wp-content\/uploads\/2015\/08\/07-Klorane_centaurea1.jpg 1000w\" sizes=\"auto, (max-width: 600px) 100vw, 600px\" \/><figcaption id=\"caption-attachment-12207\" class=\"wp-caption-text\">Klorane, linea alla centaurea<\/figcaption><\/figure>\n<p style=\"text-align: justify;\">La <span style=\"color: #ff9900;\"><strong>linea alla Centaurea<\/strong><\/span> \u00e8 in assoluto la mia preferita: con il suo profumo dall\u2019accento cipriato mi trasmette una sensazione di eleganza sobria e composta, ma non per questo fautrice di una bellezza meno luminosa e catalizzante. Il fiore color lilla della centaurea, che in tempi passati \u00e8 stato utilizzato per tingere, \u00e8 ora dedicato alla cura dei capelli bianchi o grigi: la sua colorazione fredda, unita alla lievissima capacit\u00e0 tintoria, riesce infatti a contrastarne l\u2019ingiallimento. Ovviamente pu\u00f2 essere impiegato con successo anche per rendere meno calda qualunque tonalit\u00e0 di biondo o di castano, ad esempio per correggere una tinta troppo paglierina o un tocco ramato che proprio non vogliamo.<\/p>\n<p>&nbsp;<\/p>\n<figure id=\"attachment_12179\" aria-describedby=\"caption-attachment-12179\" style=\"width: 600px\" class=\"wp-caption aligncenter\"><img loading=\"lazy\" decoding=\"async\" class=\"size-medium wp-image-12179 lazyload\" src=\"data:image\/gif;base64,R0lGODlhAQABAAAAACH5BAEKAAEALAAAAAABAAEAAAICTAEAOw==\" data-src=\"https:\/\/www.loscrigno.it\/beautycase\/wp-content\/uploads\/2015\/08\/12-Klorane_peonia-600x399.jpg\" alt=\"Klorane, linea alla peonia\" width=\"600\" height=\"399\" data-sizes=\"auto\" data-srcset=\"https:\/\/www.loscrigno.it\/beautycase\/wp-content\/uploads\/2015\/08\/12-Klorane_peonia-600x399.jpg 600w, https:\/\/www.loscrigno.it\/beautycase\/wp-content\/uploads\/2015\/08\/12-Klorane_peonia-232x154.jpg 232w, https:\/\/www.loscrigno.it\/beautycase\/wp-content\/uploads\/2015\/08\/12-Klorane_peonia.jpg 1000w\" sizes=\"auto, (max-width: 600px) 100vw, 600px\" \/><figcaption id=\"caption-attachment-12179\" class=\"wp-caption-text\">Klorane, linea alla peonia<\/figcaption><\/figure>\n<p style=\"text-align: justify;\">La <strong><span style=\"color: #ff00ff;\">linea alla Peonia Cinese<\/span><\/strong>, le cui radici contengono sostanze in grado di portare sollievo al cuoio capelluto sensibile e soggetto a prurito, vanta un sentore di rosa che gli si accorda perfettamente in qualit\u00e0 di calmante e stabilizzante dell\u2019umore, quasi un lenitivo per l\u2019anima. Se amate le fragranze fiorite ve ne innamorerete quanto me.<\/p>\n<p>&nbsp;<\/p>\n<figure id=\"attachment_12209\" aria-describedby=\"caption-attachment-12209\" style=\"width: 600px\" class=\"wp-caption aligncenter\"><img loading=\"lazy\" decoding=\"async\" class=\"size-medium wp-image-12209 lazyload\" src=\"data:image\/gif;base64,R0lGODlhAQABAAAAACH5BAEKAAEALAAAAAABAAEAAAICTAEAOw==\" data-src=\"https:\/\/www.loscrigno.it\/beautycase\/wp-content\/uploads\/2015\/08\/04-Klorane_Dattero2-600x443.jpg\" alt=\"Klorane, linea al dattero del deserto\" width=\"600\" height=\"443\" data-sizes=\"auto\" data-srcset=\"https:\/\/www.loscrigno.it\/beautycase\/wp-content\/uploads\/2015\/08\/04-Klorane_Dattero2-600x443.jpg 600w, https:\/\/www.loscrigno.it\/beautycase\/wp-content\/uploads\/2015\/08\/04-Klorane_Dattero2-232x171.jpg 232w, https:\/\/www.loscrigno.it\/beautycase\/wp-content\/uploads\/2015\/08\/04-Klorane_Dattero2.jpg 1000w\" sizes=\"auto, (max-width: 600px) 100vw, 600px\" \/><figcaption id=\"caption-attachment-12209\" class=\"wp-caption-text\">Klorane, linea al dattero del deserto<\/figcaption><\/figure>\n<p style=\"text-align: justify;\">Per ricreare in casa propria il clima degli hammam orientali sono indispensabili i <span style=\"color: #993300;\"><strong>prodotti al Dattero del Deserto<\/strong><\/span>, che sto provando proprio in questo momento e che si sono recentemente arricchiti di un balsamo riparatore che su di me sta funzionando benissimo!<\/p>\n<p>&nbsp;<\/p>\n<figure id=\"attachment_12187\" aria-describedby=\"caption-attachment-12187\" style=\"width: 526px\" class=\"wp-caption aligncenter\"><img loading=\"lazy\" decoding=\"async\" class=\"size-full wp-image-12187 lazyload\" src=\"data:image\/gif;base64,R0lGODlhAQABAAAAACH5BAEKAAEALAAAAAABAAEAAAICTAEAOw==\" data-src=\"https:\/\/www.loscrigno.it\/beautycase\/wp-content\/uploads\/2015\/08\/17-Klorane_magnolia.jpg\" alt=\"Klorane, linea alla magnolia\" width=\"526\" height=\"526\" data-sizes=\"auto\" data-srcset=\"https:\/\/www.loscrigno.it\/beautycase\/wp-content\/uploads\/2015\/08\/17-Klorane_magnolia.jpg 526w, https:\/\/www.loscrigno.it\/beautycase\/wp-content\/uploads\/2015\/08\/17-Klorane_magnolia-232x232.jpg 232w\" sizes=\"auto, (max-width: 526px) 100vw, 526px\" \/><figcaption id=\"caption-attachment-12187\" class=\"wp-caption-text\">Klorane, linea alla magnolia<\/figcaption><\/figure>\n<figure id=\"attachment_12212\" aria-describedby=\"caption-attachment-12212\" style=\"width: 600px\" class=\"wp-caption aligncenter\"><img loading=\"lazy\" decoding=\"async\" class=\"size-medium wp-image-12212 lazyload\" src=\"data:image\/gif;base64,R0lGODlhAQABAAAAACH5BAEKAAEALAAAAAABAAEAAAICTAEAOw==\" data-src=\"https:\/\/www.loscrigno.it\/beautycase\/wp-content\/uploads\/2015\/08\/02-Klorane_Magnolia1-600x326.jpg\" alt=\"Klorane, linea alla magnolia\" width=\"600\" height=\"326\" data-sizes=\"auto\" data-srcset=\"https:\/\/www.loscrigno.it\/beautycase\/wp-content\/uploads\/2015\/08\/02-Klorane_Magnolia1-600x326.jpg 600w, https:\/\/www.loscrigno.it\/beautycase\/wp-content\/uploads\/2015\/08\/02-Klorane_Magnolia1-232x126.jpg 232w, https:\/\/www.loscrigno.it\/beautycase\/wp-content\/uploads\/2015\/08\/02-Klorane_Magnolia1.jpg 1000w\" sizes=\"auto, (max-width: 600px) 100vw, 600px\" \/><figcaption id=\"caption-attachment-12212\" class=\"wp-caption-text\">Klorane, linea alla magnolia<\/figcaption><\/figure>\n<p style=\"text-align: justify;\">Altro balsamo di sicura efficacia \u00e8 quello alla <span style=\"color: #ff6600;\"><strong>Cera di Magnolia<\/strong><\/span>, pensato per i capelli spenti e capace di donare una luminosit\u00e0 inedita a tutta la capigliatura. Non vedo l\u2019ora di parlarvene pi\u00f9 nel dettaglio, probabilmente in un <strong>video sul canale <a href=\"http:\/\/www.youtube.com\/subscription_center?add_user=attricepercaso\">YouTube<\/a><\/strong>.<\/p>\n<p>&nbsp;<\/p>\n<figure id=\"attachment_12181\" aria-describedby=\"caption-attachment-12181\" style=\"width: 526px\" class=\"wp-caption aligncenter\"><img loading=\"lazy\" decoding=\"async\" class=\"size-full wp-image-12181 lazyload\" src=\"data:image\/gif;base64,R0lGODlhAQABAAAAACH5BAEKAAEALAAAAAABAAEAAAICTAEAOw==\" data-src=\"https:\/\/www.loscrigno.it\/beautycase\/wp-content\/uploads\/2015\/08\/13-Klorane_chinina.png\" alt=\"Klorane, linea alla chinina\" width=\"526\" height=\"526\" data-sizes=\"auto\" data-srcset=\"https:\/\/www.loscrigno.it\/beautycase\/wp-content\/uploads\/2015\/08\/13-Klorane_chinina.png 526w, https:\/\/www.loscrigno.it\/beautycase\/wp-content\/uploads\/2015\/08\/13-Klorane_chinina-232x232.png 232w\" sizes=\"auto, (max-width: 526px) 100vw, 526px\" \/><figcaption id=\"caption-attachment-12181\" class=\"wp-caption-text\">Klorane, linea alla chinina<\/figcaption><\/figure>\n<figure id=\"attachment_12213\" aria-describedby=\"caption-attachment-12213\" style=\"width: 600px\" class=\"wp-caption aligncenter\"><img loading=\"lazy\" decoding=\"async\" class=\"size-medium wp-image-12213 lazyload\" src=\"data:image\/gif;base64,R0lGODlhAQABAAAAACH5BAEKAAEALAAAAAABAAEAAAICTAEAOw==\" data-src=\"https:\/\/www.loscrigno.it\/beautycase\/wp-content\/uploads\/2015\/08\/09-Klorane_china1-600x437.jpg\" alt=\"Klorane, linea alla chinina\" width=\"600\" height=\"437\" data-sizes=\"auto\" data-srcset=\"https:\/\/www.loscrigno.it\/beautycase\/wp-content\/uploads\/2015\/08\/09-Klorane_china1-600x437.jpg 600w, https:\/\/www.loscrigno.it\/beautycase\/wp-content\/uploads\/2015\/08\/09-Klorane_china1-232x169.jpg 232w, https:\/\/www.loscrigno.it\/beautycase\/wp-content\/uploads\/2015\/08\/09-Klorane_china1.jpg 1000w\" sizes=\"auto, (max-width: 600px) 100vw, 600px\" \/><figcaption id=\"caption-attachment-12213\" class=\"wp-caption-text\">Klorane, linea alla chinina<\/figcaption><\/figure>\n<p style=\"text-align: justify;\">Chi perde molti capelli dovrebbe invece provare il <span style=\"color: #ff0000;\"><strong>set alla Chinina<\/strong><\/span>, arricchito dall\u2019estratto della corteccia dell\u2019albero di china, staccata a mano solo dopo aver raggiunto i 6 anni di et\u00e0, dall\u2019estratto di pino e da quello di caff\u00e8. Perfetto anche per i capelli sottili, ha una profumazione balsamica adatta anche ai maschietti di casa. Nel mio mirino \u00e8 finita la Cure de Force, un trattamento da applicare sul cuoio capelluto tre volte alla settimana per tre mesi, per stimolare la crescita del capello e rallentarne la caduta.<\/p>\n<p>&nbsp;<\/p>\n<figure id=\"attachment_12182\" aria-describedby=\"caption-attachment-12182\" style=\"width: 504px\" class=\"wp-caption aligncenter\"><img loading=\"lazy\" decoding=\"async\" class=\"size-full wp-image-12182 lazyload\" src=\"data:image\/gif;base64,R0lGODlhAQABAAAAACH5BAEKAAEALAAAAAABAAEAAAICTAEAOw==\" data-src=\"https:\/\/www.loscrigno.it\/beautycase\/wp-content\/uploads\/2015\/08\/14-Klorane_mango.jpg\" alt=\"Klorane, linea al burro di mango\" width=\"504\" height=\"403\" data-sizes=\"auto\" data-srcset=\"https:\/\/www.loscrigno.it\/beautycase\/wp-content\/uploads\/2015\/08\/14-Klorane_mango.jpg 504w, https:\/\/www.loscrigno.it\/beautycase\/wp-content\/uploads\/2015\/08\/14-Klorane_mango-232x186.jpg 232w\" sizes=\"auto, (max-width: 504px) 100vw, 504px\" \/><figcaption id=\"caption-attachment-12182\" class=\"wp-caption-text\">Klorane, linea al burro di mango<\/figcaption><\/figure>\n<figure id=\"attachment_12205\" aria-describedby=\"caption-attachment-12205\" style=\"width: 600px\" class=\"wp-caption aligncenter\"><img loading=\"lazy\" decoding=\"async\" class=\"size-medium wp-image-12205 lazyload\" src=\"data:image\/gif;base64,R0lGODlhAQABAAAAACH5BAEKAAEALAAAAAABAAEAAAICTAEAOw==\" data-src=\"https:\/\/www.loscrigno.it\/beautycase\/wp-content\/uploads\/2015\/08\/03-Klorane_Mango1-600x446.jpg\" alt=\"Klorane, linea al burro di mango\" width=\"600\" height=\"446\" data-sizes=\"auto\" data-srcset=\"https:\/\/www.loscrigno.it\/beautycase\/wp-content\/uploads\/2015\/08\/03-Klorane_Mango1-600x446.jpg 600w, https:\/\/www.loscrigno.it\/beautycase\/wp-content\/uploads\/2015\/08\/03-Klorane_Mango1-232x172.jpg 232w, https:\/\/www.loscrigno.it\/beautycase\/wp-content\/uploads\/2015\/08\/03-Klorane_Mango1.jpg 1000w\" sizes=\"auto, (max-width: 600px) 100vw, 600px\" \/><figcaption id=\"caption-attachment-12205\" class=\"wp-caption-text\">Klorane, linea al burro di mango<\/figcaption><\/figure>\n<p style=\"text-align: justify;\">Durante il periodo estivo (ma non solo) \u00e8 impossibile rinunciare all\u2019olio secco al <strong><span style=\"color: #ff6600;\">Burro di Mango<\/span><\/strong>, che con quel fantastico profumo di frutta matura sembra una prelibatezza culinaria anzich\u00e9 un ritrovato cosmetico! Fragranza paradisiaca a parte, ha la capacit\u00e0 di proteggere la chioma dai raggi UVA ed UVB e rappresenta un indispensabile delle vacanze al mare.<\/p>\n<p>&nbsp;<\/p>\n<figure id=\"attachment_12188\" aria-describedby=\"caption-attachment-12188\" style=\"width: 526px\" class=\"wp-caption aligncenter\"><img loading=\"lazy\" decoding=\"async\" class=\"size-full wp-image-12188 lazyload\" src=\"data:image\/gif;base64,R0lGODlhAQABAAAAACH5BAEKAAEALAAAAAABAAEAAAICTAEAOw==\" data-src=\"https:\/\/www.loscrigno.it\/beautycase\/wp-content\/uploads\/2015\/08\/18-Klorane_shampoosecco.png\" alt=\"Klorane, shampoo secco\" width=\"526\" height=\"526\" data-sizes=\"auto\" data-srcset=\"https:\/\/www.loscrigno.it\/beautycase\/wp-content\/uploads\/2015\/08\/18-Klorane_shampoosecco.png 526w, https:\/\/www.loscrigno.it\/beautycase\/wp-content\/uploads\/2015\/08\/18-Klorane_shampoosecco-232x232.png 232w\" sizes=\"auto, (max-width: 526px) 100vw, 526px\" \/><figcaption id=\"caption-attachment-12188\" class=\"wp-caption-text\">Klorane, shampoo secco<\/figcaption><\/figure>\n<figure id=\"attachment_12185\" aria-describedby=\"caption-attachment-12185\" style=\"width: 526px\" class=\"wp-caption aligncenter\"><img loading=\"lazy\" decoding=\"async\" class=\"size-full wp-image-12185 lazyload\" src=\"data:image\/gif;base64,R0lGODlhAQABAAAAACH5BAEKAAEALAAAAAABAAEAAAICTAEAOw==\" data-src=\"https:\/\/www.loscrigno.it\/beautycase\/wp-content\/uploads\/2015\/08\/16-Klorane_shampoosecco.png\" alt=\"Klorane, shampoo secco\" width=\"526\" height=\"526\" data-sizes=\"auto\" data-srcset=\"https:\/\/www.loscrigno.it\/beautycase\/wp-content\/uploads\/2015\/08\/16-Klorane_shampoosecco.png 526w, https:\/\/www.loscrigno.it\/beautycase\/wp-content\/uploads\/2015\/08\/16-Klorane_shampoosecco-232x232.png 232w\" sizes=\"auto, (max-width: 526px) 100vw, 526px\" \/><figcaption id=\"caption-attachment-12185\" class=\"wp-caption-text\">Klorane, shampoo secco<\/figcaption><\/figure>\n<p style=\"text-align: justify;\">Tra i must have del marchio non posso dimenticare di citare anche lo <strong><span style=\"color: #008000;\">Shampoo Secco<\/span><\/strong>, i cui usi vanno molto oltre il mero pulire la capigliatura in momenti di particolare fretta: utilizzato nel modo corretto pu\u00f2 trasformarsi in un vero e proprio strumento di styling ed in un fissatore della piega. Se l\u2019argomento \u00e8 di vostro interesse fatemelo sapere con un commento sulla pagina <strong><a href=\"https:\/\/www.facebook.com\/BeautyCaseBlog\">Facebook<\/a><\/strong>: sarei felice di approfondirlo, raccontandovi pi\u00f9 nel dettaglio quello che ho avuto modo di apprendere durante l\u2019intensa giornata trascorsa in casa Klorane.<\/p>\n<p style=\"text-align: justify;\">Finora abbiamo parlato di capelli, ma il brand francese possiede anche una serie di interessanti <strong>proposte per la cura della pelle<\/strong> (disponibili anche in Italia), ed una <strong>linea al fiordaliso per occhi sensibili<\/strong> ad oggi reperibile solo oltreconfine, ma della quale aspetto con ansia l\u2019arrivo nella nostra penisola. Nel frattempo anche le patchs lissants d\u00e9fatigants per uno sguardo sempre riposato finiscono nella lista dei desideri.<\/p>\n<p style=\"text-align: justify;\"><strong>Voi avete gi\u00e0 provato questo brand?<\/strong> Come vi siete trovate? Lasciatemi un commento ovunque vogliate e <strong>parliamone insieme!<\/strong><\/p>\n","protected":false},"excerpt":{"rendered":"<p>Qualche mese fa abbiamo vissuto insieme la Klorane Experience, attraverso una diretta Twitter ed Instagram che mi ha quasi prosciugato l\u2019intera batteria del cellulare ma che ha lasciato ancora tantissime storie da raccontare ed argomenti da approfondire. Ecco, dunque, lo scopo di questo articolo, la cui lunghezza dovrebbe dirvi qualcosa sul mio grado di apprezzamento&hellip;<\/p>\n","protected":false},"author":1,"featured_media":12219,"comment_status":"open","ping_status":"open","sticky":false,"template":"","format":"standard","meta":{"footnotes":""},"categories":[26],"tags":[],"thb-sponsors":[],"class_list":["post-12157","post","type-post","status-publish","format-standard","has-post-thumbnail","hentry","category-hair-care"],"featured_image_src":"https:\/\/www.loscrigno.it\/beautycase\/wp-content\/uploads\/2015\/08\/01b-Klorane_Melograno.jpg","author_info":{"display_name":"Marica","author_link":"https:\/\/www.loscrigno.it\/beautycase\/index.php\/author\/verdiana\/"},"yoast_head":"<!-- This site is optimized with the Yoast SEO plugin v27.4 - https:\/\/yoast.com\/product\/yoast-seo-wordpress\/ -->\r\n<title>Klorane Experience: capelli curati nel rispetto della natura |<\/title>\r\n<meta name=\"description\" content=\"Klorane si prende cura dei capelli declinando la tradizione botanica secondo i dettami della modernit\u00e0, coniugando sostenibilit\u00e0 ambientale a profumi pia...\" \/>\r\n<meta name=\"robots\" content=\"index, follow, max-snippet:-1, max-image-preview:large, max-video-preview:-1\" \/>\r\n<link rel=\"canonical\" href=\"https:\/\/www.loscrigno.it\/beautycase\/index.php\/klorane-experience-capelli-curati-nel-rispetto-della-natura\/\" \/>\r\n<meta name=\"twitter:card\" content=\"summary_large_image\" \/>\r\n<meta name=\"twitter:title\" content=\"Klorane Experience: capelli curati nel rispetto della natura |\" \/>\r\n<meta name=\"twitter:description\" content=\"Klorane si prende cura dei capelli declinando la tradizione botanica secondo i dettami della modernit\u00e0, coniugando sostenibilit\u00e0 ambientale a profumi pia...\" \/>\r\n<meta name=\"twitter:image\" content=\"https:\/\/www.loscrigno.it\/beautycase\/wp-content\/uploads\/2015\/08\/01b-Klorane_Melograno.jpg\" \/>\r\n<meta name=\"twitter:creator\" content=\"@http:\/\/www.twitter.com\/beautycaseblog\" \/>\r\n<meta name=\"twitter:label1\" content=\"Scritto da\" \/>\n\t<meta name=\"twitter:data1\" content=\"Marica\" \/>\n\t<meta name=\"twitter:label2\" content=\"Tempo di lettura stimato\" \/>\n\t<meta name=\"twitter:data2\" content=\"8 minuti\" \/>\r\n<script type=\"application\/ld+json\" class=\"yoast-schema-graph\">{\"@context\":\"https:\\\/\\\/schema.org\",\"@graph\":[{\"@type\":\"Article\",\"@id\":\"https:\\\/\\\/www.loscrigno.it\\\/beautycase\\\/index.php\\\/klorane-experience-capelli-curati-nel-rispetto-della-natura\\\/#article\",\"isPartOf\":{\"@id\":\"https:\\\/\\\/www.loscrigno.it\\\/beautycase\\\/index.php\\\/klorane-experience-capelli-curati-nel-rispetto-della-natura\\\/\"},\"author\":{\"name\":\"Marica\",\"@id\":\"https:\\\/\\\/www.loscrigno.it\\\/beautycase\\\/#\\\/schema\\\/person\\\/11eee6092821563eadc965b96ca0314d\"},\"headline\":\"Klorane Experience: capelli curati nel rispetto della natura\",\"datePublished\":\"2015-08-01T23:46:21+00:00\",\"dateModified\":\"2015-08-01T23:54:08+00:00\",\"mainEntityOfPage\":{\"@id\":\"https:\\\/\\\/www.loscrigno.it\\\/beautycase\\\/index.php\\\/klorane-experience-capelli-curati-nel-rispetto-della-natura\\\/\"},\"wordCount\":1564,\"commentCount\":1,\"image\":{\"@id\":\"https:\\\/\\\/www.loscrigno.it\\\/beautycase\\\/index.php\\\/klorane-experience-capelli-curati-nel-rispetto-della-natura\\\/#primaryimage\"},\"thumbnailUrl\":\"https:\\\/\\\/www.loscrigno.it\\\/beautycase\\\/wp-content\\\/uploads\\\/2015\\\/08\\\/01b-Klorane_Melograno.jpg\",\"articleSection\":[\"Capelli\"],\"inLanguage\":\"it-IT\",\"potentialAction\":[{\"@type\":\"CommentAction\",\"name\":\"Comment\",\"target\":[\"https:\\\/\\\/www.loscrigno.it\\\/beautycase\\\/index.php\\\/klorane-experience-capelli-curati-nel-rispetto-della-natura\\\/#respond\"]}]},{\"@type\":\"WebPage\",\"@id\":\"https:\\\/\\\/www.loscrigno.it\\\/beautycase\\\/index.php\\\/klorane-experience-capelli-curati-nel-rispetto-della-natura\\\/\",\"url\":\"https:\\\/\\\/www.loscrigno.it\\\/beautycase\\\/index.php\\\/klorane-experience-capelli-curati-nel-rispetto-della-natura\\\/\",\"name\":\"Klorane Experience: capelli curati nel rispetto della natura |\",\"isPartOf\":{\"@id\":\"https:\\\/\\\/www.loscrigno.it\\\/beautycase\\\/#website\"},\"primaryImageOfPage\":{\"@id\":\"https:\\\/\\\/www.loscrigno.it\\\/beautycase\\\/index.php\\\/klorane-experience-capelli-curati-nel-rispetto-della-natura\\\/#primaryimage\"},\"image\":{\"@id\":\"https:\\\/\\\/www.loscrigno.it\\\/beautycase\\\/index.php\\\/klorane-experience-capelli-curati-nel-rispetto-della-natura\\\/#primaryimage\"},\"thumbnailUrl\":\"https:\\\/\\\/www.loscrigno.it\\\/beautycase\\\/wp-content\\\/uploads\\\/2015\\\/08\\\/01b-Klorane_Melograno.jpg\",\"datePublished\":\"2015-08-01T23:46:21+00:00\",\"dateModified\":\"2015-08-01T23:54:08+00:00\",\"author\":{\"@id\":\"https:\\\/\\\/www.loscrigno.it\\\/beautycase\\\/#\\\/schema\\\/person\\\/11eee6092821563eadc965b96ca0314d\"},\"description\":\"Klorane si prende cura dei capelli declinando la tradizione botanica secondo i dettami della modernit\u00e0, coniugando sostenibilit\u00e0 ambientale a profumi pia...\",\"breadcrumb\":{\"@id\":\"https:\\\/\\\/www.loscrigno.it\\\/beautycase\\\/index.php\\\/klorane-experience-capelli-curati-nel-rispetto-della-natura\\\/#breadcrumb\"},\"inLanguage\":\"it-IT\",\"potentialAction\":[{\"@type\":\"ReadAction\",\"target\":[\"https:\\\/\\\/www.loscrigno.it\\\/beautycase\\\/index.php\\\/klorane-experience-capelli-curati-nel-rispetto-della-natura\\\/\"]}]},{\"@type\":\"ImageObject\",\"inLanguage\":\"it-IT\",\"@id\":\"https:\\\/\\\/www.loscrigno.it\\\/beautycase\\\/index.php\\\/klorane-experience-capelli-curati-nel-rispetto-della-natura\\\/#primaryimage\",\"url\":\"https:\\\/\\\/www.loscrigno.it\\\/beautycase\\\/wp-content\\\/uploads\\\/2015\\\/08\\\/01b-Klorane_Melograno.jpg\",\"contentUrl\":\"https:\\\/\\\/www.loscrigno.it\\\/beautycase\\\/wp-content\\\/uploads\\\/2015\\\/08\\\/01b-Klorane_Melograno.jpg\",\"width\":991,\"height\":575},{\"@type\":\"BreadcrumbList\",\"@id\":\"https:\\\/\\\/www.loscrigno.it\\\/beautycase\\\/index.php\\\/klorane-experience-capelli-curati-nel-rispetto-della-natura\\\/#breadcrumb\",\"itemListElement\":[{\"@type\":\"ListItem\",\"position\":1,\"name\":\"Home\",\"item\":\"https:\\\/\\\/www.loscrigno.it\\\/beautycase\\\/\"},{\"@type\":\"ListItem\",\"position\":2,\"name\":\"Klorane Experience: capelli curati nel rispetto della natura\"}]},{\"@type\":\"WebSite\",\"@id\":\"https:\\\/\\\/www.loscrigno.it\\\/beautycase\\\/#website\",\"url\":\"https:\\\/\\\/www.loscrigno.it\\\/beautycase\\\/\",\"name\":\"Beauty Case Blog - Beauty blog italiano su make-up e bellezza\",\"description\":\"Beauty Case Blog \u00e8 uno dei pi\u00f9 importanti beauty blog italiani. Leggi ora tutte le novit\u00e0 del mondo beauty e scopri i miei consigli su make-up e bellezza.\",\"potentialAction\":[{\"@type\":\"SearchAction\",\"target\":{\"@type\":\"EntryPoint\",\"urlTemplate\":\"https:\\\/\\\/www.loscrigno.it\\\/beautycase\\\/?s={search_term_string}\"},\"query-input\":{\"@type\":\"PropertyValueSpecification\",\"valueRequired\":true,\"valueName\":\"search_term_string\"}}],\"inLanguage\":\"it-IT\"},{\"@type\":\"Person\",\"@id\":\"https:\\\/\\\/www.loscrigno.it\\\/beautycase\\\/#\\\/schema\\\/person\\\/11eee6092821563eadc965b96ca0314d\",\"name\":\"Marica\",\"image\":{\"@type\":\"ImageObject\",\"inLanguage\":\"it-IT\",\"@id\":\"https:\\\/\\\/secure.gravatar.com\\\/avatar\\\/17ff8fae2051e8d0c09037bc4e9ab017ac93233f8d559691101577712100fa39?s=96&d=blank&r=g\",\"url\":\"https:\\\/\\\/secure.gravatar.com\\\/avatar\\\/17ff8fae2051e8d0c09037bc4e9ab017ac93233f8d559691101577712100fa39?s=96&d=blank&r=g\",\"contentUrl\":\"https:\\\/\\\/secure.gravatar.com\\\/avatar\\\/17ff8fae2051e8d0c09037bc4e9ab017ac93233f8d559691101577712100fa39?s=96&d=blank&r=g\",\"caption\":\"Marica\"},\"description\":\"Appassionata di cosmesi e di tutto ci\u00f2 che \u00e8 bello. Dal 2015 vivo a cavallo tra Italia e Inghilterra e ho un'inarrestabile passione per borse e rossetti. Il super-potere che vorrei? Quello dei capelli sempre in piega! Su Instagram mi trovi come @beautycaseblog.\",\"sameAs\":[\"http:\\\/\\\/www.instagram.com\\\/beautycaseblog\",\"http:\\\/\\\/www.facebook.com\\\/beautycaseblog\",\"https:\\\/\\\/x.com\\\/http:\\\/\\\/www.twitter.com\\\/beautycaseblog\"],\"url\":\"https:\\\/\\\/www.loscrigno.it\\\/beautycase\\\/index.php\\\/author\\\/verdiana\\\/\"}]}<\/script>\r\n<!-- \/ Yoast SEO plugin. -->","yoast_head_json":{"title":"Klorane Experience: capelli curati nel rispetto della natura |","description":"Klorane si prende cura dei capelli declinando la tradizione botanica secondo i dettami della modernit\u00e0, coniugando sostenibilit\u00e0 ambientale a profumi pia...","robots":{"index":"index","follow":"follow","max-snippet":"max-snippet:-1","max-image-preview":"max-image-preview:large","max-video-preview":"max-video-preview:-1"},"canonical":"https:\/\/www.loscrigno.it\/beautycase\/index.php\/klorane-experience-capelli-curati-nel-rispetto-della-natura\/","twitter_card":"summary_large_image","twitter_title":"Klorane Experience: capelli curati nel rispetto della natura |","twitter_description":"Klorane si prende cura dei capelli declinando la tradizione botanica secondo i dettami della modernit\u00e0, coniugando sostenibilit\u00e0 ambientale a profumi pia...","twitter_image":"https:\/\/www.loscrigno.it\/beautycase\/wp-content\/uploads\/2015\/08\/01b-Klorane_Melograno.jpg","twitter_creator":"@http:\/\/www.twitter.com\/beautycaseblog","twitter_misc":{"Scritto da":"Marica","Tempo di lettura stimato":"8 minuti"},"schema":{"@context":"https:\/\/schema.org","@graph":[{"@type":"Article","@id":"https:\/\/www.loscrigno.it\/beautycase\/index.php\/klorane-experience-capelli-curati-nel-rispetto-della-natura\/#article","isPartOf":{"@id":"https:\/\/www.loscrigno.it\/beautycase\/index.php\/klorane-experience-capelli-curati-nel-rispetto-della-natura\/"},"author":{"name":"Marica","@id":"https:\/\/www.loscrigno.it\/beautycase\/#\/schema\/person\/11eee6092821563eadc965b96ca0314d"},"headline":"Klorane Experience: capelli curati nel rispetto della natura","datePublished":"2015-08-01T23:46:21+00:00","dateModified":"2015-08-01T23:54:08+00:00","mainEntityOfPage":{"@id":"https:\/\/www.loscrigno.it\/beautycase\/index.php\/klorane-experience-capelli-curati-nel-rispetto-della-natura\/"},"wordCount":1564,"commentCount":1,"image":{"@id":"https:\/\/www.loscrigno.it\/beautycase\/index.php\/klorane-experience-capelli-curati-nel-rispetto-della-natura\/#primaryimage"},"thumbnailUrl":"https:\/\/www.loscrigno.it\/beautycase\/wp-content\/uploads\/2015\/08\/01b-Klorane_Melograno.jpg","articleSection":["Capelli"],"inLanguage":"it-IT","potentialAction":[{"@type":"CommentAction","name":"Comment","target":["https:\/\/www.loscrigno.it\/beautycase\/index.php\/klorane-experience-capelli-curati-nel-rispetto-della-natura\/#respond"]}]},{"@type":"WebPage","@id":"https:\/\/www.loscrigno.it\/beautycase\/index.php\/klorane-experience-capelli-curati-nel-rispetto-della-natura\/","url":"https:\/\/www.loscrigno.it\/beautycase\/index.php\/klorane-experience-capelli-curati-nel-rispetto-della-natura\/","name":"Klorane Experience: capelli curati nel rispetto della natura |","isPartOf":{"@id":"https:\/\/www.loscrigno.it\/beautycase\/#website"},"primaryImageOfPage":{"@id":"https:\/\/www.loscrigno.it\/beautycase\/index.php\/klorane-experience-capelli-curati-nel-rispetto-della-natura\/#primaryimage"},"image":{"@id":"https:\/\/www.loscrigno.it\/beautycase\/index.php\/klorane-experience-capelli-curati-nel-rispetto-della-natura\/#primaryimage"},"thumbnailUrl":"https:\/\/www.loscrigno.it\/beautycase\/wp-content\/uploads\/2015\/08\/01b-Klorane_Melograno.jpg","datePublished":"2015-08-01T23:46:21+00:00","dateModified":"2015-08-01T23:54:08+00:00","author":{"@id":"https:\/\/www.loscrigno.it\/beautycase\/#\/schema\/person\/11eee6092821563eadc965b96ca0314d"},"description":"Klorane si prende cura dei capelli declinando la tradizione botanica secondo i dettami della modernit\u00e0, coniugando sostenibilit\u00e0 ambientale a profumi pia...","breadcrumb":{"@id":"https:\/\/www.loscrigno.it\/beautycase\/index.php\/klorane-experience-capelli-curati-nel-rispetto-della-natura\/#breadcrumb"},"inLanguage":"it-IT","potentialAction":[{"@type":"ReadAction","target":["https:\/\/www.loscrigno.it\/beautycase\/index.php\/klorane-experience-capelli-curati-nel-rispetto-della-natura\/"]}]},{"@type":"ImageObject","inLanguage":"it-IT","@id":"https:\/\/www.loscrigno.it\/beautycase\/index.php\/klorane-experience-capelli-curati-nel-rispetto-della-natura\/#primaryimage","url":"https:\/\/www.loscrigno.it\/beautycase\/wp-content\/uploads\/2015\/08\/01b-Klorane_Melograno.jpg","contentUrl":"https:\/\/www.loscrigno.it\/beautycase\/wp-content\/uploads\/2015\/08\/01b-Klorane_Melograno.jpg","width":991,"height":575},{"@type":"BreadcrumbList","@id":"https:\/\/www.loscrigno.it\/beautycase\/index.php\/klorane-experience-capelli-curati-nel-rispetto-della-natura\/#breadcrumb","itemListElement":[{"@type":"ListItem","position":1,"name":"Home","item":"https:\/\/www.loscrigno.it\/beautycase\/"},{"@type":"ListItem","position":2,"name":"Klorane Experience: capelli curati nel rispetto della natura"}]},{"@type":"WebSite","@id":"https:\/\/www.loscrigno.it\/beautycase\/#website","url":"https:\/\/www.loscrigno.it\/beautycase\/","name":"Beauty Case Blog - Beauty blog italiano su make-up e bellezza","description":"Beauty Case Blog \u00e8 uno dei pi\u00f9 importanti beauty blog italiani. Leggi ora tutte le novit\u00e0 del mondo beauty e scopri i miei consigli su make-up e bellezza.","potentialAction":[{"@type":"SearchAction","target":{"@type":"EntryPoint","urlTemplate":"https:\/\/www.loscrigno.it\/beautycase\/?s={search_term_string}"},"query-input":{"@type":"PropertyValueSpecification","valueRequired":true,"valueName":"search_term_string"}}],"inLanguage":"it-IT"},{"@type":"Person","@id":"https:\/\/www.loscrigno.it\/beautycase\/#\/schema\/person\/11eee6092821563eadc965b96ca0314d","name":"Marica","image":{"@type":"ImageObject","inLanguage":"it-IT","@id":"https:\/\/secure.gravatar.com\/avatar\/17ff8fae2051e8d0c09037bc4e9ab017ac93233f8d559691101577712100fa39?s=96&d=blank&r=g","url":"https:\/\/secure.gravatar.com\/avatar\/17ff8fae2051e8d0c09037bc4e9ab017ac93233f8d559691101577712100fa39?s=96&d=blank&r=g","contentUrl":"https:\/\/secure.gravatar.com\/avatar\/17ff8fae2051e8d0c09037bc4e9ab017ac93233f8d559691101577712100fa39?s=96&d=blank&r=g","caption":"Marica"},"description":"Appassionata di cosmesi e di tutto ci\u00f2 che \u00e8 bello. Dal 2015 vivo a cavallo tra Italia e Inghilterra e ho un'inarrestabile passione per borse e rossetti. Il super-potere che vorrei? Quello dei capelli sempre in piega! Su Instagram mi trovi come @beautycaseblog.","sameAs":["http:\/\/www.instagram.com\/beautycaseblog","http:\/\/www.facebook.com\/beautycaseblog","https:\/\/x.com\/http:\/\/www.twitter.com\/beautycaseblog"],"url":"https:\/\/www.loscrigno.it\/beautycase\/index.php\/author\/verdiana\/"}]}},"_links":{"self":[{"href":"https:\/\/www.loscrigno.it\/beautycase\/index.php\/wp-json\/wp\/v2\/posts\/12157","targetHints":{"allow":["GET"]}}],"collection":[{"href":"https:\/\/www.loscrigno.it\/beautycase\/index.php\/wp-json\/wp\/v2\/posts"}],"about":[{"href":"https:\/\/www.loscrigno.it\/beautycase\/index.php\/wp-json\/wp\/v2\/types\/post"}],"author":[{"embeddable":true,"href":"https:\/\/www.loscrigno.it\/beautycase\/index.php\/wp-json\/wp\/v2\/users\/1"}],"replies":[{"embeddable":true,"href":"https:\/\/www.loscrigno.it\/beautycase\/index.php\/wp-json\/wp\/v2\/comments?post=12157"}],"version-history":[{"count":39,"href":"https:\/\/www.loscrigno.it\/beautycase\/index.php\/wp-json\/wp\/v2\/posts\/12157\/revisions"}],"predecessor-version":[{"id":12492,"href":"https:\/\/www.loscrigno.it\/beautycase\/index.php\/wp-json\/wp\/v2\/posts\/12157\/revisions\/12492"}],"wp:featuredmedia":[{"embeddable":true,"href":"https:\/\/www.loscrigno.it\/beautycase\/index.php\/wp-json\/wp\/v2\/media\/12219"}],"wp:attachment":[{"href":"https:\/\/www.loscrigno.it\/beautycase\/index.php\/wp-json\/wp\/v2\/media?parent=12157"}],"wp:term":[{"taxonomy":"category","embeddable":true,"href":"https:\/\/www.loscrigno.it\/beautycase\/index.php\/wp-json\/wp\/v2\/categories?post=12157"},{"taxonomy":"post_tag","embeddable":true,"href":"https:\/\/www.loscrigno.it\/beautycase\/index.php\/wp-json\/wp\/v2\/tags?post=12157"},{"taxonomy":"thb-sponsors","embeddable":true,"href":"https:\/\/www.loscrigno.it\/beautycase\/index.php\/wp-json\/wp\/v2\/thb-sponsors?post=12157"}],"curies":[{"name":"wp","href":"https:\/\/api.w.org\/{rel}","templated":true}]}}