{"id":14646,"date":"2016-03-22T17:26:54","date_gmt":"2016-03-22T16:26:54","guid":{"rendered":"http:\/\/www.loscrigno.it\/beautycase\/?p=14646"},"modified":"2016-03-22T17:29:45","modified_gmt":"2016-03-22T16:29:45","slug":"cosmoprof-bologna-2016-novita-top","status":"publish","type":"post","link":"https:\/\/www.loscrigno.it\/beautycase\/index.php\/cosmoprof-bologna-2016-novita-top\/","title":{"rendered":"<bold><em>Cosmoprof<\/em><\/bold> Bologna 2016: le novit\u00e0 TOP"},"content":{"rendered":"<p><strong>Cosmoprof Bologna 2016<\/strong>, la pi\u00f9 grande fiera dell&#8217;estetica europea, si \u00e8 conclusa ed \u00e8 stata\u00a0come sempre un&#8217;esperienza straordinariamente coinvolgente! Ho portato a casa con me<strong> tantissime notizie<\/strong> succulente (ve ne parlo <strong><a href=\"http:\/\/www.glamour.it\/news\/eventi\/2016\/03\/22\/scoperte-e-novita-da-cosmoprof-bologna\/\">nel mio articolo su <em>Glamour.it<\/em><\/a><\/strong>), tantissimi sorrisi, risate, amicizie confermate e nuove conoscenze.<\/p>\n<p><!--more--><\/p>\n<p><strong>Grazie<\/strong> all&#8217;ufficio stampa del Cosmoprof per avermi fornito un pass stampa nonostante l&#8217;abbia richiesto solo tre giorni prima dell&#8217;inaugurazione, grazie a tutte le persone che lavorano con passione, che credono in ci\u00f2 che fanno e che sono riuscite a trasmettermi il loro entusiasmo\u00a0e la loro visione del mondo della cosmesi: \u00e8 sempre un piacere scoprire che vi sono persone che lavorano per migliorarsi costantemente.<\/p>\n<p>In questa\u00a0<strong>Gallery<\/strong>\u00a0trovate le foto che ho scattato in fiera: mettetevi comode e lasciatevi trasportare dalla magia\u00a0del Cosmoprof!<\/p>\n<p>&nbsp;<\/p>\n","protected":false},"excerpt":{"rendered":"<p>Cosmoprof Bologna 2016, la pi\u00f9 grande fiera dell&#8217;estetica europea, si \u00e8 conclusa ed \u00e8 stata\u00a0come sempre un&#8217;esperienza straordinariamente coinvolgente! Ho portato a casa con me tantissime notizie succulente (ve ne parlo nel mio articolo su Glamour.it), tantissimi sorrisi, risate, amicizie confermate e nuove conoscenze.<\/p>\n","protected":false},"author":1,"featured_media":14733,"comment_status":"open","ping_status":"open","sticky":false,"template":"","format":"gallery","meta":{"footnotes":""},"categories":[26,1196,43,27],"tags":[],"thb-sponsors":[],"class_list":["post-14646","post","type-post","status-publish","format-gallery","has-post-thumbnail","hentry","category-hair-care","category-lusso","category-make-up","category-skin-care","post_format-post-format-gallery"],"featured_image_src":"https:\/\/www.loscrigno.it\/beautycase\/wp-content\/uploads\/2016\/03\/Cosmoprof-Verticale02.jpg","author_info":{"display_name":"Marica","author_link":"https:\/\/www.loscrigno.it\/beautycase\/index.php\/author\/verdiana\/"},"yoast_head":"<!-- This site is optimized with the Yoast SEO plugin v27.4 - https:\/\/yoast.com\/product\/yoast-seo-wordpress\/ -->\r\n<title>Cosmoprof Bologna 2016: le novit\u00e0 TOP<\/title>\r\n<meta name=\"description\" content=\"Cosmoprof Bologna 2016, la pi\u00f9 grande fiera dell&#039;estetica europea, si \u00e8 conclusa ed \u00e8 stata come sempre un&#039;esperienza straordinariamente coinvolgente!\" \/>\r\n<meta name=\"robots\" content=\"index, follow, max-snippet:-1, max-image-preview:large, max-video-preview:-1\" \/>\r\n<link rel=\"canonical\" href=\"https:\/\/www.loscrigno.it\/beautycase\/index.php\/cosmoprof-bologna-2016-novita-top\/\" \/>\r\n<meta name=\"twitter:card\" content=\"summary_large_image\" \/>\r\n<meta name=\"twitter:title\" content=\"Cosmoprof Bologna 2016: le novit\u00e0 TOP\" \/>\r\n<meta name=\"twitter:description\" content=\"Cosmoprof Bologna 2016, la pi\u00f9 grande fiera dell&#039;estetica europea, si \u00e8 conclusa ed \u00e8 stata come sempre un&#039;esperienza straordinariamente coinvolgente!\" \/>\r\n<meta name=\"twitter:image\" content=\"https:\/\/www.loscrigno.it\/beautycase\/wp-content\/uploads\/2016\/03\/Cosmoprof-Verticale02.jpg\" \/>\r\n<meta name=\"twitter:creator\" content=\"@http:\/\/www.twitter.com\/beautycaseblog\" \/>\r\n<meta name=\"twitter:label1\" content=\"Scritto da\" \/>\n\t<meta name=\"twitter:data1\" content=\"Marica\" \/>\n\t<meta name=\"twitter:label2\" content=\"Tempo di lettura stimato\" \/>\n\t<meta name=\"twitter:data2\" content=\"1 minuto\" \/>\r\n<script type=\"application\/ld+json\" class=\"yoast-schema-graph\">{\"@context\":\"https:\\\/\\\/schema.org\",\"@graph\":[{\"@type\":\"Article\",\"@id\":\"https:\\\/\\\/www.loscrigno.it\\\/beautycase\\\/index.php\\\/cosmoprof-bologna-2016-novita-top\\\/#article\",\"isPartOf\":{\"@id\":\"https:\\\/\\\/www.loscrigno.it\\\/beautycase\\\/index.php\\\/cosmoprof-bologna-2016-novita-top\\\/\"},\"author\":{\"name\":\"Marica\",\"@id\":\"https:\\\/\\\/www.loscrigno.it\\\/beautycase\\\/#\\\/schema\\\/person\\\/11eee6092821563eadc965b96ca0314d\"},\"headline\":\"Cosmoprof Bologna 2016: le novit\u00e0 TOP\",\"datePublished\":\"2016-03-22T16:26:54+00:00\",\"dateModified\":\"2016-03-22T16:29:45+00:00\",\"mainEntityOfPage\":{\"@id\":\"https:\\\/\\\/www.loscrigno.it\\\/beautycase\\\/index.php\\\/cosmoprof-bologna-2016-novita-top\\\/\"},\"wordCount\":138,\"commentCount\":0,\"image\":{\"@id\":\"https:\\\/\\\/www.loscrigno.it\\\/beautycase\\\/index.php\\\/cosmoprof-bologna-2016-novita-top\\\/#primaryimage\"},\"thumbnailUrl\":\"https:\\\/\\\/www.loscrigno.it\\\/beautycase\\\/wp-content\\\/uploads\\\/2016\\\/03\\\/Cosmoprof-Verticale02.jpg\",\"articleSection\":[\"Capelli\",\"Lusso\",\"Make-up\",\"Skin Care\"],\"inLanguage\":\"it-IT\",\"potentialAction\":[{\"@type\":\"CommentAction\",\"name\":\"Comment\",\"target\":[\"https:\\\/\\\/www.loscrigno.it\\\/beautycase\\\/index.php\\\/cosmoprof-bologna-2016-novita-top\\\/#respond\"]}]},{\"@type\":\"WebPage\",\"@id\":\"https:\\\/\\\/www.loscrigno.it\\\/beautycase\\\/index.php\\\/cosmoprof-bologna-2016-novita-top\\\/\",\"url\":\"https:\\\/\\\/www.loscrigno.it\\\/beautycase\\\/index.php\\\/cosmoprof-bologna-2016-novita-top\\\/\",\"name\":\"Cosmoprof Bologna 2016: le novit\u00e0 TOP\",\"isPartOf\":{\"@id\":\"https:\\\/\\\/www.loscrigno.it\\\/beautycase\\\/#website\"},\"primaryImageOfPage\":{\"@id\":\"https:\\\/\\\/www.loscrigno.it\\\/beautycase\\\/index.php\\\/cosmoprof-bologna-2016-novita-top\\\/#primaryimage\"},\"image\":{\"@id\":\"https:\\\/\\\/www.loscrigno.it\\\/beautycase\\\/index.php\\\/cosmoprof-bologna-2016-novita-top\\\/#primaryimage\"},\"thumbnailUrl\":\"https:\\\/\\\/www.loscrigno.it\\\/beautycase\\\/wp-content\\\/uploads\\\/2016\\\/03\\\/Cosmoprof-Verticale02.jpg\",\"datePublished\":\"2016-03-22T16:26:54+00:00\",\"dateModified\":\"2016-03-22T16:29:45+00:00\",\"author\":{\"@id\":\"https:\\\/\\\/www.loscrigno.it\\\/beautycase\\\/#\\\/schema\\\/person\\\/11eee6092821563eadc965b96ca0314d\"},\"description\":\"Cosmoprof Bologna 2016, la pi\u00f9 grande fiera dell'estetica europea, si \u00e8 conclusa ed \u00e8 stata come sempre un'esperienza straordinariamente coinvolgente!\",\"breadcrumb\":{\"@id\":\"https:\\\/\\\/www.loscrigno.it\\\/beautycase\\\/index.php\\\/cosmoprof-bologna-2016-novita-top\\\/#breadcrumb\"},\"inLanguage\":\"it-IT\",\"potentialAction\":[{\"@type\":\"ReadAction\",\"target\":[\"https:\\\/\\\/www.loscrigno.it\\\/beautycase\\\/index.php\\\/cosmoprof-bologna-2016-novita-top\\\/\"]}]},{\"@type\":\"ImageObject\",\"inLanguage\":\"it-IT\",\"@id\":\"https:\\\/\\\/www.loscrigno.it\\\/beautycase\\\/index.php\\\/cosmoprof-bologna-2016-novita-top\\\/#primaryimage\",\"url\":\"https:\\\/\\\/www.loscrigno.it\\\/beautycase\\\/wp-content\\\/uploads\\\/2016\\\/03\\\/Cosmoprof-Verticale02.jpg\",\"contentUrl\":\"https:\\\/\\\/www.loscrigno.it\\\/beautycase\\\/wp-content\\\/uploads\\\/2016\\\/03\\\/Cosmoprof-Verticale02.jpg\",\"width\":600,\"height\":460},{\"@type\":\"BreadcrumbList\",\"@id\":\"https:\\\/\\\/www.loscrigno.it\\\/beautycase\\\/index.php\\\/cosmoprof-bologna-2016-novita-top\\\/#breadcrumb\",\"itemListElement\":[{\"@type\":\"ListItem\",\"position\":1,\"name\":\"Home\",\"item\":\"https:\\\/\\\/www.loscrigno.it\\\/beautycase\\\/\"},{\"@type\":\"ListItem\",\"position\":2,\"name\":\"Cosmoprof Bologna 2016: le novit\u00e0 TOP\"}]},{\"@type\":\"WebSite\",\"@id\":\"https:\\\/\\\/www.loscrigno.it\\\/beautycase\\\/#website\",\"url\":\"https:\\\/\\\/www.loscrigno.it\\\/beautycase\\\/\",\"name\":\"Beauty Case Blog - Beauty blog italiano su make-up e bellezza\",\"description\":\"Beauty Case Blog \u00e8 uno dei pi\u00f9 importanti beauty blog italiani. Leggi ora tutte le novit\u00e0 del mondo beauty e scopri i miei consigli su make-up e bellezza.\",\"potentialAction\":[{\"@type\":\"SearchAction\",\"target\":{\"@type\":\"EntryPoint\",\"urlTemplate\":\"https:\\\/\\\/www.loscrigno.it\\\/beautycase\\\/?s={search_term_string}\"},\"query-input\":{\"@type\":\"PropertyValueSpecification\",\"valueRequired\":true,\"valueName\":\"search_term_string\"}}],\"inLanguage\":\"it-IT\"},{\"@type\":\"Person\",\"@id\":\"https:\\\/\\\/www.loscrigno.it\\\/beautycase\\\/#\\\/schema\\\/person\\\/11eee6092821563eadc965b96ca0314d\",\"name\":\"Marica\",\"image\":{\"@type\":\"ImageObject\",\"inLanguage\":\"it-IT\",\"@id\":\"https:\\\/\\\/secure.gravatar.com\\\/avatar\\\/17ff8fae2051e8d0c09037bc4e9ab017ac93233f8d559691101577712100fa39?s=96&d=blank&r=g\",\"url\":\"https:\\\/\\\/secure.gravatar.com\\\/avatar\\\/17ff8fae2051e8d0c09037bc4e9ab017ac93233f8d559691101577712100fa39?s=96&d=blank&r=g\",\"contentUrl\":\"https:\\\/\\\/secure.gravatar.com\\\/avatar\\\/17ff8fae2051e8d0c09037bc4e9ab017ac93233f8d559691101577712100fa39?s=96&d=blank&r=g\",\"caption\":\"Marica\"},\"description\":\"Appassionata di cosmesi e di tutto ci\u00f2 che \u00e8 bello. Dal 2015 vivo a cavallo tra Italia e Inghilterra e ho un'inarrestabile passione per borse e rossetti. Il super-potere che vorrei? Quello dei capelli sempre in piega! Su Instagram mi trovi come @beautycaseblog.\",\"sameAs\":[\"http:\\\/\\\/www.instagram.com\\\/beautycaseblog\",\"http:\\\/\\\/www.facebook.com\\\/beautycaseblog\",\"https:\\\/\\\/x.com\\\/http:\\\/\\\/www.twitter.com\\\/beautycaseblog\"],\"url\":\"https:\\\/\\\/www.loscrigno.it\\\/beautycase\\\/index.php\\\/author\\\/verdiana\\\/\"}]}<\/script>\r\n<!-- \/ Yoast SEO plugin. -->","yoast_head_json":{"title":"Cosmoprof Bologna 2016: le novit\u00e0 TOP","description":"Cosmoprof Bologna 2016, la pi\u00f9 grande fiera dell'estetica europea, si \u00e8 conclusa ed \u00e8 stata come sempre un'esperienza straordinariamente coinvolgente!","robots":{"index":"index","follow":"follow","max-snippet":"max-snippet:-1","max-image-preview":"max-image-preview:large","max-video-preview":"max-video-preview:-1"},"canonical":"https:\/\/www.loscrigno.it\/beautycase\/index.php\/cosmoprof-bologna-2016-novita-top\/","twitter_card":"summary_large_image","twitter_title":"Cosmoprof Bologna 2016: le novit\u00e0 TOP","twitter_description":"Cosmoprof Bologna 2016, la pi\u00f9 grande fiera dell'estetica europea, si \u00e8 conclusa ed \u00e8 stata come sempre un'esperienza straordinariamente coinvolgente!","twitter_image":"https:\/\/www.loscrigno.it\/beautycase\/wp-content\/uploads\/2016\/03\/Cosmoprof-Verticale02.jpg","twitter_creator":"@http:\/\/www.twitter.com\/beautycaseblog","twitter_misc":{"Scritto da":"Marica","Tempo di lettura stimato":"1 minuto"},"schema":{"@context":"https:\/\/schema.org","@graph":[{"@type":"Article","@id":"https:\/\/www.loscrigno.it\/beautycase\/index.php\/cosmoprof-bologna-2016-novita-top\/#article","isPartOf":{"@id":"https:\/\/www.loscrigno.it\/beautycase\/index.php\/cosmoprof-bologna-2016-novita-top\/"},"author":{"name":"Marica","@id":"https:\/\/www.loscrigno.it\/beautycase\/#\/schema\/person\/11eee6092821563eadc965b96ca0314d"},"headline":"Cosmoprof Bologna 2016: le novit\u00e0 TOP","datePublished":"2016-03-22T16:26:54+00:00","dateModified":"2016-03-22T16:29:45+00:00","mainEntityOfPage":{"@id":"https:\/\/www.loscrigno.it\/beautycase\/index.php\/cosmoprof-bologna-2016-novita-top\/"},"wordCount":138,"commentCount":0,"image":{"@id":"https:\/\/www.loscrigno.it\/beautycase\/index.php\/cosmoprof-bologna-2016-novita-top\/#primaryimage"},"thumbnailUrl":"https:\/\/www.loscrigno.it\/beautycase\/wp-content\/uploads\/2016\/03\/Cosmoprof-Verticale02.jpg","articleSection":["Capelli","Lusso","Make-up","Skin Care"],"inLanguage":"it-IT","potentialAction":[{"@type":"CommentAction","name":"Comment","target":["https:\/\/www.loscrigno.it\/beautycase\/index.php\/cosmoprof-bologna-2016-novita-top\/#respond"]}]},{"@type":"WebPage","@id":"https:\/\/www.loscrigno.it\/beautycase\/index.php\/cosmoprof-bologna-2016-novita-top\/","url":"https:\/\/www.loscrigno.it\/beautycase\/index.php\/cosmoprof-bologna-2016-novita-top\/","name":"Cosmoprof Bologna 2016: le novit\u00e0 TOP","isPartOf":{"@id":"https:\/\/www.loscrigno.it\/beautycase\/#website"},"primaryImageOfPage":{"@id":"https:\/\/www.loscrigno.it\/beautycase\/index.php\/cosmoprof-bologna-2016-novita-top\/#primaryimage"},"image":{"@id":"https:\/\/www.loscrigno.it\/beautycase\/index.php\/cosmoprof-bologna-2016-novita-top\/#primaryimage"},"thumbnailUrl":"https:\/\/www.loscrigno.it\/beautycase\/wp-content\/uploads\/2016\/03\/Cosmoprof-Verticale02.jpg","datePublished":"2016-03-22T16:26:54+00:00","dateModified":"2016-03-22T16:29:45+00:00","author":{"@id":"https:\/\/www.loscrigno.it\/beautycase\/#\/schema\/person\/11eee6092821563eadc965b96ca0314d"},"description":"Cosmoprof Bologna 2016, la pi\u00f9 grande fiera dell'estetica europea, si \u00e8 conclusa ed \u00e8 stata come sempre un'esperienza straordinariamente coinvolgente!","breadcrumb":{"@id":"https:\/\/www.loscrigno.it\/beautycase\/index.php\/cosmoprof-bologna-2016-novita-top\/#breadcrumb"},"inLanguage":"it-IT","potentialAction":[{"@type":"ReadAction","target":["https:\/\/www.loscrigno.it\/beautycase\/index.php\/cosmoprof-bologna-2016-novita-top\/"]}]},{"@type":"ImageObject","inLanguage":"it-IT","@id":"https:\/\/www.loscrigno.it\/beautycase\/index.php\/cosmoprof-bologna-2016-novita-top\/#primaryimage","url":"https:\/\/www.loscrigno.it\/beautycase\/wp-content\/uploads\/2016\/03\/Cosmoprof-Verticale02.jpg","contentUrl":"https:\/\/www.loscrigno.it\/beautycase\/wp-content\/uploads\/2016\/03\/Cosmoprof-Verticale02.jpg","width":600,"height":460},{"@type":"BreadcrumbList","@id":"https:\/\/www.loscrigno.it\/beautycase\/index.php\/cosmoprof-bologna-2016-novita-top\/#breadcrumb","itemListElement":[{"@type":"ListItem","position":1,"name":"Home","item":"https:\/\/www.loscrigno.it\/beautycase\/"},{"@type":"ListItem","position":2,"name":"Cosmoprof Bologna 2016: le novit\u00e0 TOP"}]},{"@type":"WebSite","@id":"https:\/\/www.loscrigno.it\/beautycase\/#website","url":"https:\/\/www.loscrigno.it\/beautycase\/","name":"Beauty Case Blog - Beauty blog italiano su make-up e bellezza","description":"Beauty Case Blog \u00e8 uno dei pi\u00f9 importanti beauty blog italiani. Leggi ora tutte le novit\u00e0 del mondo beauty e scopri i miei consigli su make-up e bellezza.","potentialAction":[{"@type":"SearchAction","target":{"@type":"EntryPoint","urlTemplate":"https:\/\/www.loscrigno.it\/beautycase\/?s={search_term_string}"},"query-input":{"@type":"PropertyValueSpecification","valueRequired":true,"valueName":"search_term_string"}}],"inLanguage":"it-IT"},{"@type":"Person","@id":"https:\/\/www.loscrigno.it\/beautycase\/#\/schema\/person\/11eee6092821563eadc965b96ca0314d","name":"Marica","image":{"@type":"ImageObject","inLanguage":"it-IT","@id":"https:\/\/secure.gravatar.com\/avatar\/17ff8fae2051e8d0c09037bc4e9ab017ac93233f8d559691101577712100fa39?s=96&d=blank&r=g","url":"https:\/\/secure.gravatar.com\/avatar\/17ff8fae2051e8d0c09037bc4e9ab017ac93233f8d559691101577712100fa39?s=96&d=blank&r=g","contentUrl":"https:\/\/secure.gravatar.com\/avatar\/17ff8fae2051e8d0c09037bc4e9ab017ac93233f8d559691101577712100fa39?s=96&d=blank&r=g","caption":"Marica"},"description":"Appassionata di cosmesi e di tutto ci\u00f2 che \u00e8 bello. Dal 2015 vivo a cavallo tra Italia e Inghilterra e ho un'inarrestabile passione per borse e rossetti. Il super-potere che vorrei? Quello dei capelli sempre in piega! Su Instagram mi trovi come @beautycaseblog.","sameAs":["http:\/\/www.instagram.com\/beautycaseblog","http:\/\/www.facebook.com\/beautycaseblog","https:\/\/x.com\/http:\/\/www.twitter.com\/beautycaseblog"],"url":"https:\/\/www.loscrigno.it\/beautycase\/index.php\/author\/verdiana\/"}]}},"_links":{"self":[{"href":"https:\/\/www.loscrigno.it\/beautycase\/index.php\/wp-json\/wp\/v2\/posts\/14646","targetHints":{"allow":["GET"]}}],"collection":[{"href":"https:\/\/www.loscrigno.it\/beautycase\/index.php\/wp-json\/wp\/v2\/posts"}],"about":[{"href":"https:\/\/www.loscrigno.it\/beautycase\/index.php\/wp-json\/wp\/v2\/types\/post"}],"author":[{"embeddable":true,"href":"https:\/\/www.loscrigno.it\/beautycase\/index.php\/wp-json\/wp\/v2\/users\/1"}],"replies":[{"embeddable":true,"href":"https:\/\/www.loscrigno.it\/beautycase\/index.php\/wp-json\/wp\/v2\/comments?post=14646"}],"version-history":[{"count":4,"href":"https:\/\/www.loscrigno.it\/beautycase\/index.php\/wp-json\/wp\/v2\/posts\/14646\/revisions"}],"predecessor-version":[{"id":14732,"href":"https:\/\/www.loscrigno.it\/beautycase\/index.php\/wp-json\/wp\/v2\/posts\/14646\/revisions\/14732"}],"wp:featuredmedia":[{"embeddable":true,"href":"https:\/\/www.loscrigno.it\/beautycase\/index.php\/wp-json\/wp\/v2\/media\/14733"}],"wp:attachment":[{"href":"https:\/\/www.loscrigno.it\/beautycase\/index.php\/wp-json\/wp\/v2\/media?parent=14646"}],"wp:term":[{"taxonomy":"category","embeddable":true,"href":"https:\/\/www.loscrigno.it\/beautycase\/index.php\/wp-json\/wp\/v2\/categories?post=14646"},{"taxonomy":"post_tag","embeddable":true,"href":"https:\/\/www.loscrigno.it\/beautycase\/index.php\/wp-json\/wp\/v2\/tags?post=14646"},{"taxonomy":"thb-sponsors","embeddable":true,"href":"https:\/\/www.loscrigno.it\/beautycase\/index.php\/wp-json\/wp\/v2\/thb-sponsors?post=14646"}],"curies":[{"name":"wp","href":"https:\/\/api.w.org\/{rel}","templated":true}]}}