{"id":15503,"date":"2016-07-31T23:23:04","date_gmt":"2016-07-31T21:23:04","guid":{"rendered":"http:\/\/www.loscrigno.it\/beautycase\/?p=15503"},"modified":"2016-09-01T01:42:50","modified_gmt":"2016-08-31T23:42:50","slug":"prodotti-preferiti-luglio","status":"publish","type":"post","link":"https:\/\/www.loscrigno.it\/beautycase\/index.php\/prodotti-preferiti-luglio\/","title":{"rendered":"<em><strong>Prodotti preferiti<\/strong><\/em> di luglio 2016"},"content":{"rendered":"<p>Torno su <strong>YouTube<\/strong> dopo un&#8217;assenza lunghissima e lo faccio con una delle tipologie di video che pi\u00f9 amo: <strong>i prodotti preferiti del periodo!<\/strong><\/p>\n<p><strong>Luglio<\/strong> \u00e8 stato un mese davvero frenetico, ma nonostante tutto \u00e8 stato un piacere rimettermi davanti alla telecamera per chiacchierare un po&#8217; con voi: spero di essere riuscita a tenervi compagnia mentre cucinate, stirate, vi riposate o in qualunque altro momento della giornata\u00a0:)<\/p>\n<p>Buona visione, e ricordatevi di <a href=\"https:\/\/www.youtube.com\/c\/beautycaseblog\"><strong>iscrivervi\u00a0al canale<\/strong><\/a>!<\/p>\n<p><!--more--><\/p>\n<p>Nel video parlo di:<\/p>\n<ul>\n<li>Fondotinta L&#8217;Oreal Lumi Magique<\/li>\n<li>Fondotinta Paola Power Cream<\/li>\n<li>Correttori MAC Mineralize Concealer<\/li>\n<li>Blush Too Faced\u00a0Sweetheart&#8217;s<\/li>\n<li>Sephora Blush vecchia collezione<\/li>\n<li>Cipria HD Make Up For Ever<\/li>\n<li>Cipria contorno occhi Laura Mercier\u00a0Secret brightening powder<\/li>\n<li>Clinique Compact Makeup Broad Spectrum<\/li>\n<li>Elizabeth Arden\u00a0Sunset Bronze Prismatic Bronzing Powder<\/li>\n<li>Urban Decay ombretto Virgin<\/li>\n<li>Avon kohl eye liner<\/li>\n<li>Eyeliner Essence<\/li>\n<li>Eyeliner Dior<\/li>\n<li>Elizabeth Arden Sunset Bronze Prismatic Eyeshadow Palette<\/li>\n<li>Mascara Benefit They&#8217;re Real<\/li>\n<li>Mascara Elizabeth Arden Grand Entrance<\/li>\n<li>Mac rossetto Craving<\/li>\n<li>Mac rossetto Girl about town<\/li>\n<li>Mac matita labbra Magenta<\/li>\n<li>Burrocacao Elizabeth Arden Eight Hour Cream SPF 15<\/li>\n<li>Gloss Elizabeth Arden\u00a0Sunset Bronze Prismatic Lip Gloss<\/li>\n<\/ul>\n<p>&nbsp;<\/p>\n","protected":false},"excerpt":{"rendered":"<p>Torno su YouTube dopo un&#8217;assenza lunghissima e lo faccio con una delle tipologie di video che pi\u00f9 amo: i prodotti preferiti del periodo! Luglio \u00e8 stato un mese davvero frenetico, ma nonostante tutto \u00e8 stato un piacere rimettermi davanti alla telecamera per chiacchierare un po&#8217; con voi: spero di essere riuscita a tenervi compagnia mentre&hellip;<\/p>\n","protected":false},"author":1,"featured_media":15505,"comment_status":"open","ping_status":"open","sticky":false,"template":"","format":"video","meta":{"footnotes":""},"categories":[43,1187,1189],"tags":[],"thb-sponsors":[],"class_list":["post-15503","post","type-post","status-publish","format-video","has-post-thumbnail","hentry","category-make-up","category-review","category-video-youtube","post_format-post-format-video"],"featured_image_src":"https:\/\/www.loscrigno.it\/beautycase\/wp-content\/uploads\/2016\/08\/PreferitiLuglio2016-COPERTINA-Blog.jpg","author_info":{"display_name":"Marica","author_link":"https:\/\/www.loscrigno.it\/beautycase\/index.php\/author\/verdiana\/"},"yoast_head":"<!-- This site is optimized with the Yoast SEO plugin v27.4 - https:\/\/yoast.com\/product\/yoast-seo-wordpress\/ -->\r\n<title>Prodotti preferiti di Luglio 2016! - Nuova video REVIEW<\/title>\r\n<meta name=\"description\" content=\"Torno su Youtube dopo un&#039;assenza lunghisima e lo faccio con una delle tipologie di video che pi\u00f9 amo: i prodotti preferiti del periodo!\" \/>\r\n<meta name=\"robots\" content=\"index, follow, max-snippet:-1, max-image-preview:large, max-video-preview:-1\" \/>\r\n<link rel=\"canonical\" href=\"https:\/\/www.loscrigno.it\/beautycase\/index.php\/prodotti-preferiti-luglio\/\" \/>\r\n<meta name=\"twitter:card\" content=\"summary_large_image\" \/>\r\n<meta name=\"twitter:title\" content=\"Prodotti preferiti di Luglio 2016! - Nuova video REVIEW\" \/>\r\n<meta name=\"twitter:description\" content=\"Torno su Youtube dopo un&#039;assenza lunghisima e lo faccio con una delle tipologie di video che pi\u00f9 amo: i prodotti preferiti del periodo!\" \/>\r\n<meta name=\"twitter:image\" content=\"https:\/\/www.loscrigno.it\/beautycase\/wp-content\/uploads\/2016\/08\/PreferitiLuglio2016-COPERTINA-Blog.jpg\" \/>\r\n<meta name=\"twitter:creator\" content=\"@http:\/\/www.twitter.com\/beautycaseblog\" \/>\r\n<meta name=\"twitter:label1\" content=\"Scritto da\" \/>\n\t<meta name=\"twitter:data1\" content=\"Marica\" \/>\n\t<meta name=\"twitter:label2\" content=\"Tempo di lettura stimato\" \/>\n\t<meta name=\"twitter:data2\" content=\"1 minuto\" \/>\r\n<script type=\"application\/ld+json\" class=\"yoast-schema-graph\">{\"@context\":\"https:\\\/\\\/schema.org\",\"@graph\":[{\"@type\":\"Article\",\"@id\":\"https:\\\/\\\/www.loscrigno.it\\\/beautycase\\\/index.php\\\/prodotti-preferiti-luglio\\\/#article\",\"isPartOf\":{\"@id\":\"https:\\\/\\\/www.loscrigno.it\\\/beautycase\\\/index.php\\\/prodotti-preferiti-luglio\\\/\"},\"author\":{\"name\":\"Marica\",\"@id\":\"https:\\\/\\\/www.loscrigno.it\\\/beautycase\\\/#\\\/schema\\\/person\\\/11eee6092821563eadc965b96ca0314d\"},\"headline\":\"Prodotti preferiti di luglio 2016\",\"datePublished\":\"2016-07-31T21:23:04+00:00\",\"dateModified\":\"2016-08-31T23:42:50+00:00\",\"mainEntityOfPage\":{\"@id\":\"https:\\\/\\\/www.loscrigno.it\\\/beautycase\\\/index.php\\\/prodotti-preferiti-luglio\\\/\"},\"wordCount\":186,\"commentCount\":0,\"image\":{\"@id\":\"https:\\\/\\\/www.loscrigno.it\\\/beautycase\\\/index.php\\\/prodotti-preferiti-luglio\\\/#primaryimage\"},\"thumbnailUrl\":\"https:\\\/\\\/www.loscrigno.it\\\/beautycase\\\/wp-content\\\/uploads\\\/2016\\\/08\\\/PreferitiLuglio2016-COPERTINA-Blog.jpg\",\"articleSection\":[\"Make-up\",\"Review\",\"Youtube\"],\"inLanguage\":\"it-IT\",\"potentialAction\":[{\"@type\":\"CommentAction\",\"name\":\"Comment\",\"target\":[\"https:\\\/\\\/www.loscrigno.it\\\/beautycase\\\/index.php\\\/prodotti-preferiti-luglio\\\/#respond\"]}]},{\"@type\":\"WebPage\",\"@id\":\"https:\\\/\\\/www.loscrigno.it\\\/beautycase\\\/index.php\\\/prodotti-preferiti-luglio\\\/\",\"url\":\"https:\\\/\\\/www.loscrigno.it\\\/beautycase\\\/index.php\\\/prodotti-preferiti-luglio\\\/\",\"name\":\"Prodotti preferiti di Luglio 2016! - Nuova video REVIEW\",\"isPartOf\":{\"@id\":\"https:\\\/\\\/www.loscrigno.it\\\/beautycase\\\/#website\"},\"primaryImageOfPage\":{\"@id\":\"https:\\\/\\\/www.loscrigno.it\\\/beautycase\\\/index.php\\\/prodotti-preferiti-luglio\\\/#primaryimage\"},\"image\":{\"@id\":\"https:\\\/\\\/www.loscrigno.it\\\/beautycase\\\/index.php\\\/prodotti-preferiti-luglio\\\/#primaryimage\"},\"thumbnailUrl\":\"https:\\\/\\\/www.loscrigno.it\\\/beautycase\\\/wp-content\\\/uploads\\\/2016\\\/08\\\/PreferitiLuglio2016-COPERTINA-Blog.jpg\",\"datePublished\":\"2016-07-31T21:23:04+00:00\",\"dateModified\":\"2016-08-31T23:42:50+00:00\",\"author\":{\"@id\":\"https:\\\/\\\/www.loscrigno.it\\\/beautycase\\\/#\\\/schema\\\/person\\\/11eee6092821563eadc965b96ca0314d\"},\"description\":\"Torno su Youtube dopo un'assenza lunghisima e lo faccio con una delle tipologie di video che pi\u00f9 amo: i prodotti preferiti del periodo!\",\"breadcrumb\":{\"@id\":\"https:\\\/\\\/www.loscrigno.it\\\/beautycase\\\/index.php\\\/prodotti-preferiti-luglio\\\/#breadcrumb\"},\"inLanguage\":\"it-IT\",\"potentialAction\":[{\"@type\":\"ReadAction\",\"target\":[\"https:\\\/\\\/www.loscrigno.it\\\/beautycase\\\/index.php\\\/prodotti-preferiti-luglio\\\/\"]}]},{\"@type\":\"ImageObject\",\"inLanguage\":\"it-IT\",\"@id\":\"https:\\\/\\\/www.loscrigno.it\\\/beautycase\\\/index.php\\\/prodotti-preferiti-luglio\\\/#primaryimage\",\"url\":\"https:\\\/\\\/www.loscrigno.it\\\/beautycase\\\/wp-content\\\/uploads\\\/2016\\\/08\\\/PreferitiLuglio2016-COPERTINA-Blog.jpg\",\"contentUrl\":\"https:\\\/\\\/www.loscrigno.it\\\/beautycase\\\/wp-content\\\/uploads\\\/2016\\\/08\\\/PreferitiLuglio2016-COPERTINA-Blog.jpg\",\"width\":600,\"height\":460,\"caption\":\"Prodotti preferiti Luglio\"},{\"@type\":\"BreadcrumbList\",\"@id\":\"https:\\\/\\\/www.loscrigno.it\\\/beautycase\\\/index.php\\\/prodotti-preferiti-luglio\\\/#breadcrumb\",\"itemListElement\":[{\"@type\":\"ListItem\",\"position\":1,\"name\":\"Home\",\"item\":\"https:\\\/\\\/www.loscrigno.it\\\/beautycase\\\/\"},{\"@type\":\"ListItem\",\"position\":2,\"name\":\"Prodotti preferiti di luglio 2016\"}]},{\"@type\":\"WebSite\",\"@id\":\"https:\\\/\\\/www.loscrigno.it\\\/beautycase\\\/#website\",\"url\":\"https:\\\/\\\/www.loscrigno.it\\\/beautycase\\\/\",\"name\":\"Beauty Case Blog - Beauty blog italiano su make-up e bellezza\",\"description\":\"Beauty Case Blog \u00e8 uno dei pi\u00f9 importanti beauty blog italiani. Leggi ora tutte le novit\u00e0 del mondo beauty e scopri i miei consigli su make-up e bellezza.\",\"potentialAction\":[{\"@type\":\"SearchAction\",\"target\":{\"@type\":\"EntryPoint\",\"urlTemplate\":\"https:\\\/\\\/www.loscrigno.it\\\/beautycase\\\/?s={search_term_string}\"},\"query-input\":{\"@type\":\"PropertyValueSpecification\",\"valueRequired\":true,\"valueName\":\"search_term_string\"}}],\"inLanguage\":\"it-IT\"},{\"@type\":\"Person\",\"@id\":\"https:\\\/\\\/www.loscrigno.it\\\/beautycase\\\/#\\\/schema\\\/person\\\/11eee6092821563eadc965b96ca0314d\",\"name\":\"Marica\",\"image\":{\"@type\":\"ImageObject\",\"inLanguage\":\"it-IT\",\"@id\":\"https:\\\/\\\/secure.gravatar.com\\\/avatar\\\/17ff8fae2051e8d0c09037bc4e9ab017ac93233f8d559691101577712100fa39?s=96&d=blank&r=g\",\"url\":\"https:\\\/\\\/secure.gravatar.com\\\/avatar\\\/17ff8fae2051e8d0c09037bc4e9ab017ac93233f8d559691101577712100fa39?s=96&d=blank&r=g\",\"contentUrl\":\"https:\\\/\\\/secure.gravatar.com\\\/avatar\\\/17ff8fae2051e8d0c09037bc4e9ab017ac93233f8d559691101577712100fa39?s=96&d=blank&r=g\",\"caption\":\"Marica\"},\"description\":\"Appassionata di cosmesi e di tutto ci\u00f2 che \u00e8 bello. Dal 2015 vivo a cavallo tra Italia e Inghilterra e ho un'inarrestabile passione per borse e rossetti. Il super-potere che vorrei? Quello dei capelli sempre in piega! Su Instagram mi trovi come @beautycaseblog.\",\"sameAs\":[\"http:\\\/\\\/www.instagram.com\\\/beautycaseblog\",\"http:\\\/\\\/www.facebook.com\\\/beautycaseblog\",\"https:\\\/\\\/x.com\\\/http:\\\/\\\/www.twitter.com\\\/beautycaseblog\"],\"url\":\"https:\\\/\\\/www.loscrigno.it\\\/beautycase\\\/index.php\\\/author\\\/verdiana\\\/\"}]}<\/script>\r\n<!-- \/ Yoast SEO plugin. -->","yoast_head_json":{"title":"Prodotti preferiti di Luglio 2016! - Nuova video REVIEW","description":"Torno su Youtube dopo un'assenza lunghisima e lo faccio con una delle tipologie di video che pi\u00f9 amo: i prodotti preferiti del periodo!","robots":{"index":"index","follow":"follow","max-snippet":"max-snippet:-1","max-image-preview":"max-image-preview:large","max-video-preview":"max-video-preview:-1"},"canonical":"https:\/\/www.loscrigno.it\/beautycase\/index.php\/prodotti-preferiti-luglio\/","twitter_card":"summary_large_image","twitter_title":"Prodotti preferiti di Luglio 2016! - Nuova video REVIEW","twitter_description":"Torno su Youtube dopo un'assenza lunghisima e lo faccio con una delle tipologie di video che pi\u00f9 amo: i prodotti preferiti del periodo!","twitter_image":"https:\/\/www.loscrigno.it\/beautycase\/wp-content\/uploads\/2016\/08\/PreferitiLuglio2016-COPERTINA-Blog.jpg","twitter_creator":"@http:\/\/www.twitter.com\/beautycaseblog","twitter_misc":{"Scritto da":"Marica","Tempo di lettura stimato":"1 minuto"},"schema":{"@context":"https:\/\/schema.org","@graph":[{"@type":"Article","@id":"https:\/\/www.loscrigno.it\/beautycase\/index.php\/prodotti-preferiti-luglio\/#article","isPartOf":{"@id":"https:\/\/www.loscrigno.it\/beautycase\/index.php\/prodotti-preferiti-luglio\/"},"author":{"name":"Marica","@id":"https:\/\/www.loscrigno.it\/beautycase\/#\/schema\/person\/11eee6092821563eadc965b96ca0314d"},"headline":"Prodotti preferiti di luglio 2016","datePublished":"2016-07-31T21:23:04+00:00","dateModified":"2016-08-31T23:42:50+00:00","mainEntityOfPage":{"@id":"https:\/\/www.loscrigno.it\/beautycase\/index.php\/prodotti-preferiti-luglio\/"},"wordCount":186,"commentCount":0,"image":{"@id":"https:\/\/www.loscrigno.it\/beautycase\/index.php\/prodotti-preferiti-luglio\/#primaryimage"},"thumbnailUrl":"https:\/\/www.loscrigno.it\/beautycase\/wp-content\/uploads\/2016\/08\/PreferitiLuglio2016-COPERTINA-Blog.jpg","articleSection":["Make-up","Review","Youtube"],"inLanguage":"it-IT","potentialAction":[{"@type":"CommentAction","name":"Comment","target":["https:\/\/www.loscrigno.it\/beautycase\/index.php\/prodotti-preferiti-luglio\/#respond"]}]},{"@type":"WebPage","@id":"https:\/\/www.loscrigno.it\/beautycase\/index.php\/prodotti-preferiti-luglio\/","url":"https:\/\/www.loscrigno.it\/beautycase\/index.php\/prodotti-preferiti-luglio\/","name":"Prodotti preferiti di Luglio 2016! - Nuova video REVIEW","isPartOf":{"@id":"https:\/\/www.loscrigno.it\/beautycase\/#website"},"primaryImageOfPage":{"@id":"https:\/\/www.loscrigno.it\/beautycase\/index.php\/prodotti-preferiti-luglio\/#primaryimage"},"image":{"@id":"https:\/\/www.loscrigno.it\/beautycase\/index.php\/prodotti-preferiti-luglio\/#primaryimage"},"thumbnailUrl":"https:\/\/www.loscrigno.it\/beautycase\/wp-content\/uploads\/2016\/08\/PreferitiLuglio2016-COPERTINA-Blog.jpg","datePublished":"2016-07-31T21:23:04+00:00","dateModified":"2016-08-31T23:42:50+00:00","author":{"@id":"https:\/\/www.loscrigno.it\/beautycase\/#\/schema\/person\/11eee6092821563eadc965b96ca0314d"},"description":"Torno su Youtube dopo un'assenza lunghisima e lo faccio con una delle tipologie di video che pi\u00f9 amo: i prodotti preferiti del periodo!","breadcrumb":{"@id":"https:\/\/www.loscrigno.it\/beautycase\/index.php\/prodotti-preferiti-luglio\/#breadcrumb"},"inLanguage":"it-IT","potentialAction":[{"@type":"ReadAction","target":["https:\/\/www.loscrigno.it\/beautycase\/index.php\/prodotti-preferiti-luglio\/"]}]},{"@type":"ImageObject","inLanguage":"it-IT","@id":"https:\/\/www.loscrigno.it\/beautycase\/index.php\/prodotti-preferiti-luglio\/#primaryimage","url":"https:\/\/www.loscrigno.it\/beautycase\/wp-content\/uploads\/2016\/08\/PreferitiLuglio2016-COPERTINA-Blog.jpg","contentUrl":"https:\/\/www.loscrigno.it\/beautycase\/wp-content\/uploads\/2016\/08\/PreferitiLuglio2016-COPERTINA-Blog.jpg","width":600,"height":460,"caption":"Prodotti preferiti Luglio"},{"@type":"BreadcrumbList","@id":"https:\/\/www.loscrigno.it\/beautycase\/index.php\/prodotti-preferiti-luglio\/#breadcrumb","itemListElement":[{"@type":"ListItem","position":1,"name":"Home","item":"https:\/\/www.loscrigno.it\/beautycase\/"},{"@type":"ListItem","position":2,"name":"Prodotti preferiti di luglio 2016"}]},{"@type":"WebSite","@id":"https:\/\/www.loscrigno.it\/beautycase\/#website","url":"https:\/\/www.loscrigno.it\/beautycase\/","name":"Beauty Case Blog - Beauty blog italiano su make-up e bellezza","description":"Beauty Case Blog \u00e8 uno dei pi\u00f9 importanti beauty blog italiani. Leggi ora tutte le novit\u00e0 del mondo beauty e scopri i miei consigli su make-up e bellezza.","potentialAction":[{"@type":"SearchAction","target":{"@type":"EntryPoint","urlTemplate":"https:\/\/www.loscrigno.it\/beautycase\/?s={search_term_string}"},"query-input":{"@type":"PropertyValueSpecification","valueRequired":true,"valueName":"search_term_string"}}],"inLanguage":"it-IT"},{"@type":"Person","@id":"https:\/\/www.loscrigno.it\/beautycase\/#\/schema\/person\/11eee6092821563eadc965b96ca0314d","name":"Marica","image":{"@type":"ImageObject","inLanguage":"it-IT","@id":"https:\/\/secure.gravatar.com\/avatar\/17ff8fae2051e8d0c09037bc4e9ab017ac93233f8d559691101577712100fa39?s=96&d=blank&r=g","url":"https:\/\/secure.gravatar.com\/avatar\/17ff8fae2051e8d0c09037bc4e9ab017ac93233f8d559691101577712100fa39?s=96&d=blank&r=g","contentUrl":"https:\/\/secure.gravatar.com\/avatar\/17ff8fae2051e8d0c09037bc4e9ab017ac93233f8d559691101577712100fa39?s=96&d=blank&r=g","caption":"Marica"},"description":"Appassionata di cosmesi e di tutto ci\u00f2 che \u00e8 bello. Dal 2015 vivo a cavallo tra Italia e Inghilterra e ho un'inarrestabile passione per borse e rossetti. Il super-potere che vorrei? Quello dei capelli sempre in piega! Su Instagram mi trovi come @beautycaseblog.","sameAs":["http:\/\/www.instagram.com\/beautycaseblog","http:\/\/www.facebook.com\/beautycaseblog","https:\/\/x.com\/http:\/\/www.twitter.com\/beautycaseblog"],"url":"https:\/\/www.loscrigno.it\/beautycase\/index.php\/author\/verdiana\/"}]}},"_links":{"self":[{"href":"https:\/\/www.loscrigno.it\/beautycase\/index.php\/wp-json\/wp\/v2\/posts\/15503","targetHints":{"allow":["GET"]}}],"collection":[{"href":"https:\/\/www.loscrigno.it\/beautycase\/index.php\/wp-json\/wp\/v2\/posts"}],"about":[{"href":"https:\/\/www.loscrigno.it\/beautycase\/index.php\/wp-json\/wp\/v2\/types\/post"}],"author":[{"embeddable":true,"href":"https:\/\/www.loscrigno.it\/beautycase\/index.php\/wp-json\/wp\/v2\/users\/1"}],"replies":[{"embeddable":true,"href":"https:\/\/www.loscrigno.it\/beautycase\/index.php\/wp-json\/wp\/v2\/comments?post=15503"}],"version-history":[{"count":7,"href":"https:\/\/www.loscrigno.it\/beautycase\/index.php\/wp-json\/wp\/v2\/posts\/15503\/revisions"}],"predecessor-version":[{"id":15530,"href":"https:\/\/www.loscrigno.it\/beautycase\/index.php\/wp-json\/wp\/v2\/posts\/15503\/revisions\/15530"}],"wp:featuredmedia":[{"embeddable":true,"href":"https:\/\/www.loscrigno.it\/beautycase\/index.php\/wp-json\/wp\/v2\/media\/15505"}],"wp:attachment":[{"href":"https:\/\/www.loscrigno.it\/beautycase\/index.php\/wp-json\/wp\/v2\/media?parent=15503"}],"wp:term":[{"taxonomy":"category","embeddable":true,"href":"https:\/\/www.loscrigno.it\/beautycase\/index.php\/wp-json\/wp\/v2\/categories?post=15503"},{"taxonomy":"post_tag","embeddable":true,"href":"https:\/\/www.loscrigno.it\/beautycase\/index.php\/wp-json\/wp\/v2\/tags?post=15503"},{"taxonomy":"thb-sponsors","embeddable":true,"href":"https:\/\/www.loscrigno.it\/beautycase\/index.php\/wp-json\/wp\/v2\/thb-sponsors?post=15503"}],"curies":[{"name":"wp","href":"https:\/\/api.w.org\/{rel}","templated":true}]}}