{"id":15871,"date":"2016-09-30T23:02:11","date_gmt":"2016-09-30T21:02:11","guid":{"rendered":"http:\/\/www.loscrigno.it\/beautycase\/?p=15871"},"modified":"2016-09-30T23:02:11","modified_gmt":"2016-09-30T21:02:11","slug":"that-coat-cappotto-zara-bianco-blu","status":"publish","type":"post","link":"https:\/\/www.loscrigno.it\/beautycase\/index.php\/that-coat-cappotto-zara-bianco-blu\/","title":{"rendered":"<strong>#Thatcoat<\/strong>: come abbinare il <strong><em>cappotto di Zara<\/em><\/strong> che fa impazzire Londra"},"content":{"rendered":"<p><img loading=\"lazy\" decoding=\"async\" class=\"aligncenter wp-image-15872 size-full lazyload\" title=\"That Coat cappotto Zara bianco e blu\" src=\"data:image\/gif;base64,R0lGODlhAQABAAAAACH5BAEKAAEALAAAAAABAAEAAAICTAEAOw==\" data-src=\"https:\/\/www.loscrigno.it\/beautycase\/wp-content\/uploads\/2016\/09\/that-coat-zara-cappottino.jpg\" alt=\"that-coat-zara-cappottino Zara bianco e blu\" width=\"700\" height=\"1244\" data-sizes=\"auto\" data-srcset=\"https:\/\/www.loscrigno.it\/beautycase\/wp-content\/uploads\/2016\/09\/that-coat-zara-cappottino.jpg 700w, https:\/\/www.loscrigno.it\/beautycase\/wp-content\/uploads\/2016\/09\/that-coat-zara-cappottino-141x250.jpg 141w, https:\/\/www.loscrigno.it\/beautycase\/wp-content\/uploads\/2016\/09\/that-coat-zara-cappottino-563x1000.jpg 563w, https:\/\/www.loscrigno.it\/beautycase\/wp-content\/uploads\/2016\/09\/that-coat-zara-cappottino-576x1024.jpg 576w, https:\/\/www.loscrigno.it\/beautycase\/wp-content\/uploads\/2016\/09\/that-coat-zara-cappottino-600x1066.jpg 600w\" sizes=\"auto, (max-width: 700px) 100vw, 700px\" \/><\/p>\n<p>Ho acquistato anch&#8217;io <strong>#ThatCoat<\/strong>, il cappotto bianco e blu di <strong>Zara<\/strong> che sta facendo impazzire Londra, ma l&#8217;ho fatto a marzo scorso in Italia, quando il capo non era ancora approdato in Gran Bretagna e non si era ancora conquistato un<strong> account Instagram<\/strong> tutto suo: <strong>@thatcoat<\/strong>.<\/p>\n<p>Devo essere sincera: non mi piace indossare capi super popolari, con il rischio di trovarmi sulla banchina della metropolitana gomito a gomito con un&#8217;altra ragazza vestita come me. Questo cappotto, per\u00f2, mi ha conquistata a tal punto da farmi accettare di correre il rischio. D&#8217;altra parte qui nel Nord dell&#8217;Inghilterra <strong>non mi \u00e8 ancora capitato di incrociare nessuno che lo indossasse<\/strong>, quindi il mio entusiasmo \u00e8 rimasto intatto!<\/p>\n<p><!--more--><\/p>\n<p>Si tratta di un <strong>cappottino meraviglioso<\/strong>, coronamento perfetto di un outfit elegante ed\u00a0altrettanto adatto a uno stile pi\u00f9 sportivo, cui\u00a0dar\u00e0 un inconfondibile tocco di classe. La sua <strong>versatilit\u00e0<\/strong> \u00e8 sicuramente un plus da non sottovalutare: pu\u00f2 essere abbinato a scarpe a tacco alto o a semplici sneakers senza mai risultare fuori luogo!<\/p>\n<p>Data la <strong>particolarit\u00e0 della fantasia<\/strong>, meglio prediligere maglie, pantaloni o gonne tinta unita, cos\u00ec da mantenere un certo equilibrio visivo. Spettacolare \u00e8 inoltre in combinazione con il <strong>rosso acceso<\/strong>: provate con una gonna leggermente svasata, ve ne innamorerete!<\/p>\n<p>Compagno fedele delle mie passeggiate pomeridiane, nelle foto qui sotto potete vederlo abbinato\u00a0ad un paio di jeans di Motivi e ad una <strong>borsa a contrasto<\/strong> della <strong>designer torinese Isabo&#8217;<\/strong>. Mi piace davvero molto come i colori si armonizzano l&#8217;uno all&#8217;altro, creando un look particolare senza tuttavia rinunciare alla praticit\u00e0. Voi cosa ne pensate?<\/p>\n<p><img loading=\"lazy\" decoding=\"async\" class=\"aligncenter wp-image-15878 size-full lazyload\" title=\"That Coat cappotto Zara bianco e blu\" src=\"data:image\/gif;base64,R0lGODlhAQABAAAAACH5BAEKAAEALAAAAAABAAEAAAICTAEAOw==\" data-src=\"https:\/\/www.loscrigno.it\/beautycase\/wp-content\/uploads\/2016\/09\/that-coat-zara-cappottino06.jpg\" alt=\"that-coat-zara-cappottino06\" width=\"700\" height=\"1244\" data-sizes=\"auto\" data-srcset=\"https:\/\/www.loscrigno.it\/beautycase\/wp-content\/uploads\/2016\/09\/that-coat-zara-cappottino06.jpg 700w, https:\/\/www.loscrigno.it\/beautycase\/wp-content\/uploads\/2016\/09\/that-coat-zara-cappottino06-141x250.jpg 141w, https:\/\/www.loscrigno.it\/beautycase\/wp-content\/uploads\/2016\/09\/that-coat-zara-cappottino06-563x1000.jpg 563w, https:\/\/www.loscrigno.it\/beautycase\/wp-content\/uploads\/2016\/09\/that-coat-zara-cappottino06-576x1024.jpg 576w, https:\/\/www.loscrigno.it\/beautycase\/wp-content\/uploads\/2016\/09\/that-coat-zara-cappottino06-600x1066.jpg 600w\" sizes=\"auto, (max-width: 700px) 100vw, 700px\" \/><\/p>\n<p><img loading=\"lazy\" decoding=\"async\" class=\"aligncenter wp-image-15880 size-full lazyload\" title=\"That Coat cappotto Zara bianco e blu\" src=\"data:image\/gif;base64,R0lGODlhAQABAAAAACH5BAEKAAEALAAAAAABAAEAAAICTAEAOw==\" data-src=\"https:\/\/www.loscrigno.it\/beautycase\/wp-content\/uploads\/2016\/09\/that-coat-zara-cappottino07b.jpg\" alt=\"that-coat-zara-cappottino07b\" width=\"2988\" height=\"1794\" data-sizes=\"auto\" data-srcset=\"https:\/\/www.loscrigno.it\/beautycase\/wp-content\/uploads\/2016\/09\/that-coat-zara-cappottino07b.jpg 2988w, https:\/\/www.loscrigno.it\/beautycase\/wp-content\/uploads\/2016\/09\/that-coat-zara-cappottino07b-232x139.jpg 232w, https:\/\/www.loscrigno.it\/beautycase\/wp-content\/uploads\/2016\/09\/that-coat-zara-cappottino07b-600x360.jpg 600w, https:\/\/www.loscrigno.it\/beautycase\/wp-content\/uploads\/2016\/09\/that-coat-zara-cappottino07b-768x461.jpg 768w, https:\/\/www.loscrigno.it\/beautycase\/wp-content\/uploads\/2016\/09\/that-coat-zara-cappottino07b-1024x615.jpg 1024w\" sizes=\"auto, (max-width: 2988px) 100vw, 2988px\" \/><\/p>\n<p><img loading=\"lazy\" decoding=\"async\" class=\"aligncenter wp-image-15876 size-full lazyload\" title=\"That Coat cappotto Zara bianco e blu collana accessorize\" src=\"data:image\/gif;base64,R0lGODlhAQABAAAAACH5BAEKAAEALAAAAAABAAEAAAICTAEAOw==\" data-src=\"https:\/\/www.loscrigno.it\/beautycase\/wp-content\/uploads\/2016\/09\/that-coat-zara-cappottino04.jpg\" alt=\"that-coat-zara-cappottino04\" width=\"700\" height=\"971\" data-sizes=\"auto\" data-srcset=\"https:\/\/www.loscrigno.it\/beautycase\/wp-content\/uploads\/2016\/09\/that-coat-zara-cappottino04.jpg 700w, https:\/\/www.loscrigno.it\/beautycase\/wp-content\/uploads\/2016\/09\/that-coat-zara-cappottino04-180x250.jpg 180w, https:\/\/www.loscrigno.it\/beautycase\/wp-content\/uploads\/2016\/09\/that-coat-zara-cappottino04-600x832.jpg 600w\" sizes=\"auto, (max-width: 700px) 100vw, 700px\" \/><\/p>\n<p><img loading=\"lazy\" decoding=\"async\" class=\"aligncenter wp-image-15875 size-full lazyload\" title=\"That Coat cappotto Zara bianco e blu collana accessorize\" src=\"data:image\/gif;base64,R0lGODlhAQABAAAAACH5BAEKAAEALAAAAAABAAEAAAICTAEAOw==\" data-src=\"https:\/\/www.loscrigno.it\/beautycase\/wp-content\/uploads\/2016\/09\/that-coat-zara-cappottino03.jpg\" alt=\"that-coat-zara-cappottino03\" width=\"700\" height=\"971\" data-sizes=\"auto\" data-srcset=\"https:\/\/www.loscrigno.it\/beautycase\/wp-content\/uploads\/2016\/09\/that-coat-zara-cappottino03.jpg 700w, https:\/\/www.loscrigno.it\/beautycase\/wp-content\/uploads\/2016\/09\/that-coat-zara-cappottino03-180x250.jpg 180w, https:\/\/www.loscrigno.it\/beautycase\/wp-content\/uploads\/2016\/09\/that-coat-zara-cappottino03-600x832.jpg 600w\" sizes=\"auto, (max-width: 700px) 100vw, 700px\" \/><\/p>\n<p><img loading=\"lazy\" decoding=\"async\" class=\"aligncenter wp-image-15877 size-full lazyload\" title=\"Borsa Isab\u00f2, anello Swarovski, manicure Layla Cosmetics\" src=\"data:image\/gif;base64,R0lGODlhAQABAAAAACH5BAEKAAEALAAAAAABAAEAAAICTAEAOw==\" data-src=\"https:\/\/www.loscrigno.it\/beautycase\/wp-content\/uploads\/2016\/09\/that-coat-zara-cappottino05.jpg\" alt=\"that-coat-zara-cappottino05\" width=\"700\" height=\"971\" data-sizes=\"auto\" data-srcset=\"https:\/\/www.loscrigno.it\/beautycase\/wp-content\/uploads\/2016\/09\/that-coat-zara-cappottino05.jpg 700w, https:\/\/www.loscrigno.it\/beautycase\/wp-content\/uploads\/2016\/09\/that-coat-zara-cappottino05-180x250.jpg 180w, https:\/\/www.loscrigno.it\/beautycase\/wp-content\/uploads\/2016\/09\/that-coat-zara-cappottino05-600x832.jpg 600w\" sizes=\"auto, (max-width: 700px) 100vw, 700px\" \/><\/p>\n<p>&nbsp;<\/p>\n<p><img loading=\"lazy\" decoding=\"async\" class=\"aligncenter wp-image-15881 size-full lazyload\" title=\"That Coat cappotto Zara bianco e blu\" src=\"data:image\/gif;base64,R0lGODlhAQABAAAAACH5BAEKAAEALAAAAAABAAEAAAICTAEAOw==\" data-src=\"https:\/\/www.loscrigno.it\/beautycase\/wp-content\/uploads\/2016\/09\/that-coat-zara-cappottino08.jpg\" alt=\"that-coat-zara-cappottino08\" width=\"700\" height=\"933\" data-sizes=\"auto\" data-srcset=\"https:\/\/www.loscrigno.it\/beautycase\/wp-content\/uploads\/2016\/09\/that-coat-zara-cappottino08.jpg 700w, https:\/\/www.loscrigno.it\/beautycase\/wp-content\/uploads\/2016\/09\/that-coat-zara-cappottino08-188x250.jpg 188w, https:\/\/www.loscrigno.it\/beautycase\/wp-content\/uploads\/2016\/09\/that-coat-zara-cappottino08-600x800.jpg 600w\" sizes=\"auto, (max-width: 700px) 100vw, 700px\" \/><\/p>\n<p><img loading=\"lazy\" decoding=\"async\" class=\"aligncenter wp-image-15872 size-full lazyload\" title=\"That Coat cappotto Zara bianco e blu\" src=\"data:image\/gif;base64,R0lGODlhAQABAAAAACH5BAEKAAEALAAAAAABAAEAAAICTAEAOw==\" data-src=\"https:\/\/www.loscrigno.it\/beautycase\/wp-content\/uploads\/2016\/09\/that-coat-zara-cappottino.jpg\" alt=\"that-coat-zara-cappottino\" width=\"700\" height=\"1244\" data-sizes=\"auto\" data-srcset=\"https:\/\/www.loscrigno.it\/beautycase\/wp-content\/uploads\/2016\/09\/that-coat-zara-cappottino.jpg 700w, https:\/\/www.loscrigno.it\/beautycase\/wp-content\/uploads\/2016\/09\/that-coat-zara-cappottino-141x250.jpg 141w, https:\/\/www.loscrigno.it\/beautycase\/wp-content\/uploads\/2016\/09\/that-coat-zara-cappottino-563x1000.jpg 563w, https:\/\/www.loscrigno.it\/beautycase\/wp-content\/uploads\/2016\/09\/that-coat-zara-cappottino-576x1024.jpg 576w, https:\/\/www.loscrigno.it\/beautycase\/wp-content\/uploads\/2016\/09\/that-coat-zara-cappottino-600x1066.jpg 600w\" sizes=\"auto, (max-width: 700px) 100vw, 700px\" \/><\/p>\n<p style=\"text-align: center;\">Cappottino &#8220;That Coat&#8221;\u00a0<strong>ZARA<\/strong><\/p>\n<p style=\"text-align: center;\">Maglia <strong>ZARA<\/strong><\/p>\n<p style=\"text-align: center;\">Pantaloni <strong>MOTIVI<\/strong><\/p>\n<p style=\"text-align: center;\">Collana <strong>ACCESSORIZE<\/strong><\/p>\n<p style=\"text-align: center;\">Anello <strong>SWAROVSKI<\/strong><\/p>\n<p style=\"text-align: center;\">Borsa <strong>ISABO&#8217;<\/strong><\/p>\n<p style=\"text-align: center;\">Scarpe <strong>GEOX<\/strong><\/p>\n<p style=\"text-align: center;\">Sulle unghie <a href=\"https:\/\/www.loscrigno.it\/beautycase\/index.php\/layla-no-lamp-gel-polish\/\"><strong>LAYLA NO LAMP GEL POLISH<\/strong><\/a><\/p>\n<p>&nbsp;<\/p>\n","protected":false},"excerpt":{"rendered":"<p>Ho acquistato anch&#8217;io #ThatCoat, il cappotto bianco e blu di Zara che sta facendo impazzire Londra, ma l&#8217;ho fatto a marzo scorso in Italia, quando il capo non era ancora approdato in Gran Bretagna e non si era ancora conquistato un account Instagram tutto suo: @thatcoat. Devo essere sincera: non mi piace indossare capi super&hellip;<\/p>\n","protected":false},"author":1,"featured_media":15882,"comment_status":"open","ping_status":"open","sticky":false,"template":"","format":"standard","meta":{"footnotes":""},"categories":[326,1188],"tags":[],"thb-sponsors":[],"class_list":["post-15871","post","type-post","status-publish","format-standard","has-post-thumbnail","hentry","category-fashion","category-lifestyle"],"featured_image_src":"https:\/\/www.loscrigno.it\/beautycase\/wp-content\/uploads\/2016\/09\/that-coat-zara-cappottino-cop.jpg","author_info":{"display_name":"Marica","author_link":"https:\/\/www.loscrigno.it\/beautycase\/index.php\/author\/verdiana\/"},"yoast_head":"<!-- This site is optimized with the Yoast SEO plugin v27.4 - https:\/\/yoast.com\/product\/yoast-seo-wordpress\/ -->\r\n<title>#That Coat: come abbinare il cappotto di Zara che fa impazzire Londra<\/title>\r\n<meta name=\"description\" content=\"That Coat \u00e8 il famoso cappotto bianco e blu di Zara, tanto popolare da guadagnarsi un account Instagram tutto suo. Vediamo insieme come abbinarlo!\" \/>\r\n<meta name=\"robots\" content=\"index, follow, max-snippet:-1, max-image-preview:large, max-video-preview:-1\" \/>\r\n<link rel=\"canonical\" href=\"https:\/\/www.loscrigno.it\/beautycase\/index.php\/that-coat-cappotto-zara-bianco-blu\/\" \/>\r\n<meta name=\"twitter:card\" content=\"summary_large_image\" \/>\r\n<meta name=\"twitter:title\" content=\"#That Coat: come abbinare il cappotto di Zara che fa impazzire Londra\" \/>\r\n<meta name=\"twitter:description\" content=\"That Coat \u00e8 il famoso cappotto bianco e blu di Zara, tanto popolare da guadagnarsi un account Instagram tutto suo. Vediamo insieme come abbinarlo!\" \/>\r\n<meta name=\"twitter:image\" content=\"https:\/\/www.loscrigno.it\/beautycase\/wp-content\/uploads\/2016\/09\/that-coat-zara-cappottino-cop.jpg\" \/>\r\n<meta name=\"twitter:creator\" content=\"@http:\/\/www.twitter.com\/beautycaseblog\" \/>\r\n<meta name=\"twitter:label1\" content=\"Scritto da\" \/>\n\t<meta name=\"twitter:data1\" content=\"Marica\" \/>\n\t<meta name=\"twitter:label2\" content=\"Tempo di lettura stimato\" \/>\n\t<meta name=\"twitter:data2\" content=\"1 minuto\" \/>\r\n<script type=\"application\/ld+json\" class=\"yoast-schema-graph\">{\"@context\":\"https:\\\/\\\/schema.org\",\"@graph\":[{\"@type\":\"Article\",\"@id\":\"https:\\\/\\\/www.loscrigno.it\\\/beautycase\\\/index.php\\\/that-coat-cappotto-zara-bianco-blu\\\/#article\",\"isPartOf\":{\"@id\":\"https:\\\/\\\/www.loscrigno.it\\\/beautycase\\\/index.php\\\/that-coat-cappotto-zara-bianco-blu\\\/\"},\"author\":{\"name\":\"Marica\",\"@id\":\"https:\\\/\\\/www.loscrigno.it\\\/beautycase\\\/#\\\/schema\\\/person\\\/11eee6092821563eadc965b96ca0314d\"},\"headline\":\"#Thatcoat: come abbinare il cappotto di Zara che fa impazzire Londra\",\"datePublished\":\"2016-09-30T21:02:11+00:00\",\"mainEntityOfPage\":{\"@id\":\"https:\\\/\\\/www.loscrigno.it\\\/beautycase\\\/index.php\\\/that-coat-cappotto-zara-bianco-blu\\\/\"},\"wordCount\":299,\"commentCount\":10,\"image\":{\"@id\":\"https:\\\/\\\/www.loscrigno.it\\\/beautycase\\\/index.php\\\/that-coat-cappotto-zara-bianco-blu\\\/#primaryimage\"},\"thumbnailUrl\":\"https:\\\/\\\/www.loscrigno.it\\\/beautycase\\\/wp-content\\\/uploads\\\/2016\\\/09\\\/that-coat-zara-cappottino-cop.jpg\",\"articleSection\":[\"Fashion\",\"Lifestyle\"],\"inLanguage\":\"it-IT\",\"potentialAction\":[{\"@type\":\"CommentAction\",\"name\":\"Comment\",\"target\":[\"https:\\\/\\\/www.loscrigno.it\\\/beautycase\\\/index.php\\\/that-coat-cappotto-zara-bianco-blu\\\/#respond\"]}]},{\"@type\":\"WebPage\",\"@id\":\"https:\\\/\\\/www.loscrigno.it\\\/beautycase\\\/index.php\\\/that-coat-cappotto-zara-bianco-blu\\\/\",\"url\":\"https:\\\/\\\/www.loscrigno.it\\\/beautycase\\\/index.php\\\/that-coat-cappotto-zara-bianco-blu\\\/\",\"name\":\"#That Coat: come abbinare il cappotto di Zara che fa impazzire Londra\",\"isPartOf\":{\"@id\":\"https:\\\/\\\/www.loscrigno.it\\\/beautycase\\\/#website\"},\"primaryImageOfPage\":{\"@id\":\"https:\\\/\\\/www.loscrigno.it\\\/beautycase\\\/index.php\\\/that-coat-cappotto-zara-bianco-blu\\\/#primaryimage\"},\"image\":{\"@id\":\"https:\\\/\\\/www.loscrigno.it\\\/beautycase\\\/index.php\\\/that-coat-cappotto-zara-bianco-blu\\\/#primaryimage\"},\"thumbnailUrl\":\"https:\\\/\\\/www.loscrigno.it\\\/beautycase\\\/wp-content\\\/uploads\\\/2016\\\/09\\\/that-coat-zara-cappottino-cop.jpg\",\"datePublished\":\"2016-09-30T21:02:11+00:00\",\"author\":{\"@id\":\"https:\\\/\\\/www.loscrigno.it\\\/beautycase\\\/#\\\/schema\\\/person\\\/11eee6092821563eadc965b96ca0314d\"},\"description\":\"That Coat \u00e8 il famoso cappotto bianco e blu di Zara, tanto popolare da guadagnarsi un account Instagram tutto suo. Vediamo insieme come abbinarlo!\",\"breadcrumb\":{\"@id\":\"https:\\\/\\\/www.loscrigno.it\\\/beautycase\\\/index.php\\\/that-coat-cappotto-zara-bianco-blu\\\/#breadcrumb\"},\"inLanguage\":\"it-IT\",\"potentialAction\":[{\"@type\":\"ReadAction\",\"target\":[\"https:\\\/\\\/www.loscrigno.it\\\/beautycase\\\/index.php\\\/that-coat-cappotto-zara-bianco-blu\\\/\"]}]},{\"@type\":\"ImageObject\",\"inLanguage\":\"it-IT\",\"@id\":\"https:\\\/\\\/www.loscrigno.it\\\/beautycase\\\/index.php\\\/that-coat-cappotto-zara-bianco-blu\\\/#primaryimage\",\"url\":\"https:\\\/\\\/www.loscrigno.it\\\/beautycase\\\/wp-content\\\/uploads\\\/2016\\\/09\\\/that-coat-zara-cappottino-cop.jpg\",\"contentUrl\":\"https:\\\/\\\/www.loscrigno.it\\\/beautycase\\\/wp-content\\\/uploads\\\/2016\\\/09\\\/that-coat-zara-cappottino-cop.jpg\",\"width\":600,\"height\":460,\"caption\":\"That Coat cappotto Zara bianco e blu\"},{\"@type\":\"BreadcrumbList\",\"@id\":\"https:\\\/\\\/www.loscrigno.it\\\/beautycase\\\/index.php\\\/that-coat-cappotto-zara-bianco-blu\\\/#breadcrumb\",\"itemListElement\":[{\"@type\":\"ListItem\",\"position\":1,\"name\":\"Home\",\"item\":\"https:\\\/\\\/www.loscrigno.it\\\/beautycase\\\/\"},{\"@type\":\"ListItem\",\"position\":2,\"name\":\"#Thatcoat: come abbinare il cappotto di Zara che fa impazzire Londra\"}]},{\"@type\":\"WebSite\",\"@id\":\"https:\\\/\\\/www.loscrigno.it\\\/beautycase\\\/#website\",\"url\":\"https:\\\/\\\/www.loscrigno.it\\\/beautycase\\\/\",\"name\":\"Beauty Case Blog - Beauty blog italiano su make-up e bellezza\",\"description\":\"Beauty Case Blog \u00e8 uno dei pi\u00f9 importanti beauty blog italiani. Leggi ora tutte le novit\u00e0 del mondo beauty e scopri i miei consigli su make-up e bellezza.\",\"potentialAction\":[{\"@type\":\"SearchAction\",\"target\":{\"@type\":\"EntryPoint\",\"urlTemplate\":\"https:\\\/\\\/www.loscrigno.it\\\/beautycase\\\/?s={search_term_string}\"},\"query-input\":{\"@type\":\"PropertyValueSpecification\",\"valueRequired\":true,\"valueName\":\"search_term_string\"}}],\"inLanguage\":\"it-IT\"},{\"@type\":\"Person\",\"@id\":\"https:\\\/\\\/www.loscrigno.it\\\/beautycase\\\/#\\\/schema\\\/person\\\/11eee6092821563eadc965b96ca0314d\",\"name\":\"Marica\",\"image\":{\"@type\":\"ImageObject\",\"inLanguage\":\"it-IT\",\"@id\":\"https:\\\/\\\/secure.gravatar.com\\\/avatar\\\/17ff8fae2051e8d0c09037bc4e9ab017ac93233f8d559691101577712100fa39?s=96&d=blank&r=g\",\"url\":\"https:\\\/\\\/secure.gravatar.com\\\/avatar\\\/17ff8fae2051e8d0c09037bc4e9ab017ac93233f8d559691101577712100fa39?s=96&d=blank&r=g\",\"contentUrl\":\"https:\\\/\\\/secure.gravatar.com\\\/avatar\\\/17ff8fae2051e8d0c09037bc4e9ab017ac93233f8d559691101577712100fa39?s=96&d=blank&r=g\",\"caption\":\"Marica\"},\"description\":\"Appassionata di cosmesi e di tutto ci\u00f2 che \u00e8 bello. Dal 2015 vivo a cavallo tra Italia e Inghilterra e ho un'inarrestabile passione per borse e rossetti. Il super-potere che vorrei? Quello dei capelli sempre in piega! Su Instagram mi trovi come @beautycaseblog.\",\"sameAs\":[\"http:\\\/\\\/www.instagram.com\\\/beautycaseblog\",\"http:\\\/\\\/www.facebook.com\\\/beautycaseblog\",\"https:\\\/\\\/x.com\\\/http:\\\/\\\/www.twitter.com\\\/beautycaseblog\"],\"url\":\"https:\\\/\\\/www.loscrigno.it\\\/beautycase\\\/index.php\\\/author\\\/verdiana\\\/\"}]}<\/script>\r\n<!-- \/ Yoast SEO plugin. -->","yoast_head_json":{"title":"#That Coat: come abbinare il cappotto di Zara che fa impazzire Londra","description":"That Coat \u00e8 il famoso cappotto bianco e blu di Zara, tanto popolare da guadagnarsi un account Instagram tutto suo. Vediamo insieme come abbinarlo!","robots":{"index":"index","follow":"follow","max-snippet":"max-snippet:-1","max-image-preview":"max-image-preview:large","max-video-preview":"max-video-preview:-1"},"canonical":"https:\/\/www.loscrigno.it\/beautycase\/index.php\/that-coat-cappotto-zara-bianco-blu\/","twitter_card":"summary_large_image","twitter_title":"#That Coat: come abbinare il cappotto di Zara che fa impazzire Londra","twitter_description":"That Coat \u00e8 il famoso cappotto bianco e blu di Zara, tanto popolare da guadagnarsi un account Instagram tutto suo. Vediamo insieme come abbinarlo!","twitter_image":"https:\/\/www.loscrigno.it\/beautycase\/wp-content\/uploads\/2016\/09\/that-coat-zara-cappottino-cop.jpg","twitter_creator":"@http:\/\/www.twitter.com\/beautycaseblog","twitter_misc":{"Scritto da":"Marica","Tempo di lettura stimato":"1 minuto"},"schema":{"@context":"https:\/\/schema.org","@graph":[{"@type":"Article","@id":"https:\/\/www.loscrigno.it\/beautycase\/index.php\/that-coat-cappotto-zara-bianco-blu\/#article","isPartOf":{"@id":"https:\/\/www.loscrigno.it\/beautycase\/index.php\/that-coat-cappotto-zara-bianco-blu\/"},"author":{"name":"Marica","@id":"https:\/\/www.loscrigno.it\/beautycase\/#\/schema\/person\/11eee6092821563eadc965b96ca0314d"},"headline":"#Thatcoat: come abbinare il cappotto di Zara che fa impazzire Londra","datePublished":"2016-09-30T21:02:11+00:00","mainEntityOfPage":{"@id":"https:\/\/www.loscrigno.it\/beautycase\/index.php\/that-coat-cappotto-zara-bianco-blu\/"},"wordCount":299,"commentCount":10,"image":{"@id":"https:\/\/www.loscrigno.it\/beautycase\/index.php\/that-coat-cappotto-zara-bianco-blu\/#primaryimage"},"thumbnailUrl":"https:\/\/www.loscrigno.it\/beautycase\/wp-content\/uploads\/2016\/09\/that-coat-zara-cappottino-cop.jpg","articleSection":["Fashion","Lifestyle"],"inLanguage":"it-IT","potentialAction":[{"@type":"CommentAction","name":"Comment","target":["https:\/\/www.loscrigno.it\/beautycase\/index.php\/that-coat-cappotto-zara-bianco-blu\/#respond"]}]},{"@type":"WebPage","@id":"https:\/\/www.loscrigno.it\/beautycase\/index.php\/that-coat-cappotto-zara-bianco-blu\/","url":"https:\/\/www.loscrigno.it\/beautycase\/index.php\/that-coat-cappotto-zara-bianco-blu\/","name":"#That Coat: come abbinare il cappotto di Zara che fa impazzire Londra","isPartOf":{"@id":"https:\/\/www.loscrigno.it\/beautycase\/#website"},"primaryImageOfPage":{"@id":"https:\/\/www.loscrigno.it\/beautycase\/index.php\/that-coat-cappotto-zara-bianco-blu\/#primaryimage"},"image":{"@id":"https:\/\/www.loscrigno.it\/beautycase\/index.php\/that-coat-cappotto-zara-bianco-blu\/#primaryimage"},"thumbnailUrl":"https:\/\/www.loscrigno.it\/beautycase\/wp-content\/uploads\/2016\/09\/that-coat-zara-cappottino-cop.jpg","datePublished":"2016-09-30T21:02:11+00:00","author":{"@id":"https:\/\/www.loscrigno.it\/beautycase\/#\/schema\/person\/11eee6092821563eadc965b96ca0314d"},"description":"That Coat \u00e8 il famoso cappotto bianco e blu di Zara, tanto popolare da guadagnarsi un account Instagram tutto suo. Vediamo insieme come abbinarlo!","breadcrumb":{"@id":"https:\/\/www.loscrigno.it\/beautycase\/index.php\/that-coat-cappotto-zara-bianco-blu\/#breadcrumb"},"inLanguage":"it-IT","potentialAction":[{"@type":"ReadAction","target":["https:\/\/www.loscrigno.it\/beautycase\/index.php\/that-coat-cappotto-zara-bianco-blu\/"]}]},{"@type":"ImageObject","inLanguage":"it-IT","@id":"https:\/\/www.loscrigno.it\/beautycase\/index.php\/that-coat-cappotto-zara-bianco-blu\/#primaryimage","url":"https:\/\/www.loscrigno.it\/beautycase\/wp-content\/uploads\/2016\/09\/that-coat-zara-cappottino-cop.jpg","contentUrl":"https:\/\/www.loscrigno.it\/beautycase\/wp-content\/uploads\/2016\/09\/that-coat-zara-cappottino-cop.jpg","width":600,"height":460,"caption":"That Coat cappotto Zara bianco e blu"},{"@type":"BreadcrumbList","@id":"https:\/\/www.loscrigno.it\/beautycase\/index.php\/that-coat-cappotto-zara-bianco-blu\/#breadcrumb","itemListElement":[{"@type":"ListItem","position":1,"name":"Home","item":"https:\/\/www.loscrigno.it\/beautycase\/"},{"@type":"ListItem","position":2,"name":"#Thatcoat: come abbinare il cappotto di Zara che fa impazzire Londra"}]},{"@type":"WebSite","@id":"https:\/\/www.loscrigno.it\/beautycase\/#website","url":"https:\/\/www.loscrigno.it\/beautycase\/","name":"Beauty Case Blog - Beauty blog italiano su make-up e bellezza","description":"Beauty Case Blog \u00e8 uno dei pi\u00f9 importanti beauty blog italiani. Leggi ora tutte le novit\u00e0 del mondo beauty e scopri i miei consigli su make-up e bellezza.","potentialAction":[{"@type":"SearchAction","target":{"@type":"EntryPoint","urlTemplate":"https:\/\/www.loscrigno.it\/beautycase\/?s={search_term_string}"},"query-input":{"@type":"PropertyValueSpecification","valueRequired":true,"valueName":"search_term_string"}}],"inLanguage":"it-IT"},{"@type":"Person","@id":"https:\/\/www.loscrigno.it\/beautycase\/#\/schema\/person\/11eee6092821563eadc965b96ca0314d","name":"Marica","image":{"@type":"ImageObject","inLanguage":"it-IT","@id":"https:\/\/secure.gravatar.com\/avatar\/17ff8fae2051e8d0c09037bc4e9ab017ac93233f8d559691101577712100fa39?s=96&d=blank&r=g","url":"https:\/\/secure.gravatar.com\/avatar\/17ff8fae2051e8d0c09037bc4e9ab017ac93233f8d559691101577712100fa39?s=96&d=blank&r=g","contentUrl":"https:\/\/secure.gravatar.com\/avatar\/17ff8fae2051e8d0c09037bc4e9ab017ac93233f8d559691101577712100fa39?s=96&d=blank&r=g","caption":"Marica"},"description":"Appassionata di cosmesi e di tutto ci\u00f2 che \u00e8 bello. Dal 2015 vivo a cavallo tra Italia e Inghilterra e ho un'inarrestabile passione per borse e rossetti. Il super-potere che vorrei? Quello dei capelli sempre in piega! Su Instagram mi trovi come @beautycaseblog.","sameAs":["http:\/\/www.instagram.com\/beautycaseblog","http:\/\/www.facebook.com\/beautycaseblog","https:\/\/x.com\/http:\/\/www.twitter.com\/beautycaseblog"],"url":"https:\/\/www.loscrigno.it\/beautycase\/index.php\/author\/verdiana\/"}]}},"_links":{"self":[{"href":"https:\/\/www.loscrigno.it\/beautycase\/index.php\/wp-json\/wp\/v2\/posts\/15871","targetHints":{"allow":["GET"]}}],"collection":[{"href":"https:\/\/www.loscrigno.it\/beautycase\/index.php\/wp-json\/wp\/v2\/posts"}],"about":[{"href":"https:\/\/www.loscrigno.it\/beautycase\/index.php\/wp-json\/wp\/v2\/types\/post"}],"author":[{"embeddable":true,"href":"https:\/\/www.loscrigno.it\/beautycase\/index.php\/wp-json\/wp\/v2\/users\/1"}],"replies":[{"embeddable":true,"href":"https:\/\/www.loscrigno.it\/beautycase\/index.php\/wp-json\/wp\/v2\/comments?post=15871"}],"version-history":[{"count":15,"href":"https:\/\/www.loscrigno.it\/beautycase\/index.php\/wp-json\/wp\/v2\/posts\/15871\/revisions"}],"predecessor-version":[{"id":15898,"href":"https:\/\/www.loscrigno.it\/beautycase\/index.php\/wp-json\/wp\/v2\/posts\/15871\/revisions\/15898"}],"wp:featuredmedia":[{"embeddable":true,"href":"https:\/\/www.loscrigno.it\/beautycase\/index.php\/wp-json\/wp\/v2\/media\/15882"}],"wp:attachment":[{"href":"https:\/\/www.loscrigno.it\/beautycase\/index.php\/wp-json\/wp\/v2\/media?parent=15871"}],"wp:term":[{"taxonomy":"category","embeddable":true,"href":"https:\/\/www.loscrigno.it\/beautycase\/index.php\/wp-json\/wp\/v2\/categories?post=15871"},{"taxonomy":"post_tag","embeddable":true,"href":"https:\/\/www.loscrigno.it\/beautycase\/index.php\/wp-json\/wp\/v2\/tags?post=15871"},{"taxonomy":"thb-sponsors","embeddable":true,"href":"https:\/\/www.loscrigno.it\/beautycase\/index.php\/wp-json\/wp\/v2\/thb-sponsors?post=15871"}],"curies":[{"name":"wp","href":"https:\/\/api.w.org\/{rel}","templated":true}]}}