{"id":15894,"date":"2020-09-23T10:00:01","date_gmt":"2020-09-23T08:00:01","guid":{"rendered":"http:\/\/www.loscrigno.it\/beautycase\/?p=15894"},"modified":"2020-09-23T11:59:43","modified_gmt":"2020-09-23T09:59:43","slug":"prodotti-top-autunno","status":"publish","type":"post","link":"https:\/\/www.loscrigno.it\/beautycase\/index.php\/prodotti-top-autunno\/","title":{"rendered":"5 <strong>prodotti top dell&#8217;<em>estate<\/em><\/strong> da continuare ad <strong>usare in <em>autunno<\/em><\/strong>!"},"content":{"rendered":"\n<p>Il caldo torrido dell&#8217;estate sta lasciando posto alle pi\u00f9 miti temperature autunnale, cambiando abitudini e routine, anche quelle legate alla skin care e alla bellezza. In questo clima di febbrile mutamento possiamo per\u00f2 trovare alcuni punti fermi: 5 cosmetici che ci possono e ci devono accompagnare verso l&#8217;inverno, aiutandoci a migliorare l&#8217;aspetto della pelle e la sua salute.<\/p>\n\n\n\n<div style=\"height:40px\" aria-hidden=\"true\" class=\"wp-block-spacer\"><\/div>\n\n\n\n<h2 class=\"has-text-align-center has-thb-accent-color has-text-color wp-block-heading\"><span class=\"has-inline-color has-thb-accent-color\"><strong>Dall&#8217;estate all&#8217;autunno: <em>5 regole<\/em> salva pelle<\/strong><\/span><\/h2>\n\n\n\n<div style=\"height:20px\" aria-hidden=\"true\" class=\"wp-block-spacer\"><\/div>\n\n\n\n<h3 class=\"wp-block-heading\"><strong>Continua ad usare la <em>protezione solare<\/em><\/strong><\/h3>\n\n\n\n<p>In autunno il sole \u00e8 ancora abbastanza intenso da offrire i suoi effetti benefici non solo sull&#8217;umore, ma anche sulla salute grazie al suo aiuto indispensabile nella produzione di Vitamina D e nel miglioramento di alcune problematiche legate alla pelle quali ad esempio dermatiti e psoriasi.<\/p>\n\n\n\n<!--more-->\n\n\n\n<div style=\"height:20px\" aria-hidden=\"true\" class=\"wp-block-spacer\"><\/div>\n\n\n\n<figure class=\"wp-block-image size-large\"><img loading=\"lazy\" decoding=\"async\" width=\"1024\" height=\"1024\" src=\"data:image\/gif;base64,R0lGODlhAQABAAAAACH5BAEKAAEALAAAAAABAAEAAAICTAEAOw==\" data-src=\"https:\/\/www.loscrigno.it\/beautycase\/wp-content\/uploads\/2020\/08\/Bronze-Repair-Sunkiss-Institut-Esthederm-1-1024x1024.jpg\" alt=\"Bronze Repair Sunkiss Institut Esthederm\" class=\"wp-image-20099 lazyload\" data-sizes=\"auto\" data-srcset=\"https:\/\/www.loscrigno.it\/beautycase\/wp-content\/uploads\/2020\/08\/Bronze-Repair-Sunkiss-Institut-Esthederm-1-1024x1024.jpg 1024w, https:\/\/www.loscrigno.it\/beautycase\/wp-content\/uploads\/2020\/08\/Bronze-Repair-Sunkiss-Institut-Esthederm-1-600x600.jpg 600w, https:\/\/www.loscrigno.it\/beautycase\/wp-content\/uploads\/2020\/08\/Bronze-Repair-Sunkiss-Institut-Esthederm-1-232x232.jpg 232w, https:\/\/www.loscrigno.it\/beautycase\/wp-content\/uploads\/2020\/08\/Bronze-Repair-Sunkiss-Institut-Esthederm-1-768x768.jpg 768w, https:\/\/www.loscrigno.it\/beautycase\/wp-content\/uploads\/2020\/08\/Bronze-Repair-Sunkiss-Institut-Esthederm-1-180x180.jpg 180w, https:\/\/www.loscrigno.it\/beautycase\/wp-content\/uploads\/2020\/08\/Bronze-Repair-Sunkiss-Institut-Esthederm-1-90x90.jpg 90w, https:\/\/www.loscrigno.it\/beautycase\/wp-content\/uploads\/2020\/08\/Bronze-Repair-Sunkiss-Institut-Esthederm-1-450x450.jpg 450w, https:\/\/www.loscrigno.it\/beautycase\/wp-content\/uploads\/2020\/08\/Bronze-Repair-Sunkiss-Institut-Esthederm-1-270x270.jpg 270w, https:\/\/www.loscrigno.it\/beautycase\/wp-content\/uploads\/2020\/08\/Bronze-Repair-Sunkiss-Institut-Esthederm-1-20x20.jpg 20w, https:\/\/www.loscrigno.it\/beautycase\/wp-content\/uploads\/2020\/08\/Bronze-Repair-Sunkiss-Institut-Esthederm-1-225x225.jpg 225w, https:\/\/www.loscrigno.it\/beautycase\/wp-content\/uploads\/2020\/08\/Bronze-Repair-Sunkiss-Institut-Esthederm-1-900x900.jpg 900w, https:\/\/www.loscrigno.it\/beautycase\/wp-content\/uploads\/2020\/08\/Bronze-Repair-Sunkiss-Institut-Esthederm-1-96x96.jpg 96w, https:\/\/www.loscrigno.it\/beautycase\/wp-content\/uploads\/2020\/08\/Bronze-Repair-Sunkiss-Institut-Esthederm-1.jpg 1200w\" sizes=\"auto, (max-width: 1024px) 100vw, 1024px\" \/><\/figure>\n\n\n\n<div style=\"height:20px\" aria-hidden=\"true\" class=\"wp-block-spacer\"><\/div>\n\n\n\n<p>Una scelta vincente \u00e8 allora la <strong><em>Bronze Repair Sunkiss<\/em><\/strong> di <strong>Institut Esthederm<\/strong>: una crema solare colorata ricchissima di attivi antiet\u00e0, che non solo protegge dai raggi UVA e UVB ma anche dagli infrarossi e dalla luce visibile, evitando cos\u00ec la comparsa di rughe e macchie scure. Al contempo, i pigmenti colorati illuminano l&#8217;incarnato, dissimulando i segni del tempo gi\u00e0 presenti e rendendo la texture della pelle pi\u00f9 uniforme. Trovi tutte le informazioni e la mia opinione nella <a href=\"https:\/\/www.loscrigno.it\/beautycase\/index.php\/bronz-repair-sunkissed-crema-solare-colorata-institut-esthederm\/\"><strong><em>recensione<\/em><\/strong> che ho dedicato alla Bronze Repair Sunkissed<\/a>.<br><\/p>\n\n\n\n<div style=\"height:40px\" aria-hidden=\"true\" class=\"wp-block-spacer\"><\/div>\n\n\n\n<h3 class=\"wp-block-heading\"><strong><em>Esfolia <\/em>regolarmente il corpo<\/strong><\/h3>\n\n\n\n<p>L&#8217;esfoliazione \u00e8 fondamentale per rimuovere le cellule morte e permettere alla pelle di trarre il massimo beneficio dai trattamenti che andremo ad applicare. Uno dei prodotti migliori in tal senso \u00e8 l&#8217;Olio peeling per il corpo al sale marino di Balea: uno scrub molto efficace, ricco di minerali e di ingredienti antiossidanti, in grado anche di nutrire la pelle grazie alla presenza <strong>olio di girasole<\/strong>&nbsp;e&nbsp;<strong>olio di kukui<\/strong>, lenitivi e protettivi.<\/p>\n\n\n\n<p>Per saperne di pi\u00f9 puoi leggere la mia <a href=\"https:\/\/www.loscrigno.it\/beautycase\/index.php\/balea-olio-peeling-corpo-sale-marino\/\"><strong><em>recensione<\/em><\/strong> completa sull&#8217;Olio peeling al sale marino di Balea<\/a>.<\/p>\n\n\n\n<div style=\"height:20px\" aria-hidden=\"true\" class=\"wp-block-spacer\"><\/div>\n\n\n\n<figure class=\"wp-block-image size-large is-resized\"><img loading=\"lazy\" decoding=\"async\" src=\"data:image\/gif;base64,R0lGODlhAQABAAAAACH5BAEKAAEALAAAAAABAAEAAAICTAEAOw==\" data-src=\"https:\/\/www.loscrigno.it\/beautycase\/wp-content\/uploads\/2020\/08\/Balea-olio-scrub-ai-sali-del-mar-morto-1024x1024.jpeg\" alt=\"Balea olio scrub ai sali del mar morto\" class=\"wp-image-20187 lazyload\" width=\"670\" height=\"670\" data-sizes=\"auto\" data-srcset=\"https:\/\/www.loscrigno.it\/beautycase\/wp-content\/uploads\/2020\/08\/Balea-olio-scrub-ai-sali-del-mar-morto-1024x1024.jpeg 1024w, https:\/\/www.loscrigno.it\/beautycase\/wp-content\/uploads\/2020\/08\/Balea-olio-scrub-ai-sali-del-mar-morto-600x600.jpeg 600w, https:\/\/www.loscrigno.it\/beautycase\/wp-content\/uploads\/2020\/08\/Balea-olio-scrub-ai-sali-del-mar-morto-232x232.jpeg 232w, https:\/\/www.loscrigno.it\/beautycase\/wp-content\/uploads\/2020\/08\/Balea-olio-scrub-ai-sali-del-mar-morto-768x768.jpeg 768w, https:\/\/www.loscrigno.it\/beautycase\/wp-content\/uploads\/2020\/08\/Balea-olio-scrub-ai-sali-del-mar-morto-1536x1536.jpeg 1536w, https:\/\/www.loscrigno.it\/beautycase\/wp-content\/uploads\/2020\/08\/Balea-olio-scrub-ai-sali-del-mar-morto-2048x2048.jpeg 2048w, https:\/\/www.loscrigno.it\/beautycase\/wp-content\/uploads\/2020\/08\/Balea-olio-scrub-ai-sali-del-mar-morto-180x180.jpeg 180w, https:\/\/www.loscrigno.it\/beautycase\/wp-content\/uploads\/2020\/08\/Balea-olio-scrub-ai-sali-del-mar-morto-90x90.jpeg 90w, https:\/\/www.loscrigno.it\/beautycase\/wp-content\/uploads\/2020\/08\/Balea-olio-scrub-ai-sali-del-mar-morto-450x450.jpeg 450w, https:\/\/www.loscrigno.it\/beautycase\/wp-content\/uploads\/2020\/08\/Balea-olio-scrub-ai-sali-del-mar-morto-270x270.jpeg 270w, https:\/\/www.loscrigno.it\/beautycase\/wp-content\/uploads\/2020\/08\/Balea-olio-scrub-ai-sali-del-mar-morto-20x20.jpeg 20w, https:\/\/www.loscrigno.it\/beautycase\/wp-content\/uploads\/2020\/08\/Balea-olio-scrub-ai-sali-del-mar-morto-225x225.jpeg 225w, https:\/\/www.loscrigno.it\/beautycase\/wp-content\/uploads\/2020\/08\/Balea-olio-scrub-ai-sali-del-mar-morto-900x900.jpeg 900w, https:\/\/www.loscrigno.it\/beautycase\/wp-content\/uploads\/2020\/08\/Balea-olio-scrub-ai-sali-del-mar-morto-1350x1350.jpeg 1350w, https:\/\/www.loscrigno.it\/beautycase\/wp-content\/uploads\/2020\/08\/Balea-olio-scrub-ai-sali-del-mar-morto-96x96.jpeg 96w\" sizes=\"auto, (max-width: 670px) 100vw, 670px\" \/><\/figure>\n\n\n\n<div style=\"height:45px\" aria-hidden=\"true\" class=\"wp-block-spacer\"><\/div>\n\n\n\n<h3 class=\"wp-block-heading\"><strong><em>Idrata la pelle<\/em> in profondit\u00e0<\/strong><\/h3>\n\n\n\n<figure class=\"wp-block-image size-large\"><img loading=\"lazy\" decoding=\"async\" width=\"1024\" height=\"880\" src=\"data:image\/gif;base64,R0lGODlhAQABAAAAACH5BAEKAAEALAAAAAABAAEAAAICTAEAOw==\" data-src=\"https:\/\/www.loscrigno.it\/beautycase\/wp-content\/uploads\/2020\/08\/Clinique-Drammaticaly-Different-Jelly-01-1024x880.jpg\" alt=\"Clinique Drammaticaly Different Hydrating Jelly\" class=\"wp-image-20225 lazyload\" data-sizes=\"auto\" data-srcset=\"https:\/\/www.loscrigno.it\/beautycase\/wp-content\/uploads\/2020\/08\/Clinique-Drammaticaly-Different-Jelly-01-1024x880.jpg 1024w, https:\/\/www.loscrigno.it\/beautycase\/wp-content\/uploads\/2020\/08\/Clinique-Drammaticaly-Different-Jelly-01-600x515.jpg 600w, https:\/\/www.loscrigno.it\/beautycase\/wp-content\/uploads\/2020\/08\/Clinique-Drammaticaly-Different-Jelly-01-232x199.jpg 232w, https:\/\/www.loscrigno.it\/beautycase\/wp-content\/uploads\/2020\/08\/Clinique-Drammaticaly-Different-Jelly-01-768x660.jpg 768w, https:\/\/www.loscrigno.it\/beautycase\/wp-content\/uploads\/2020\/08\/Clinique-Drammaticaly-Different-Jelly-01-1536x1319.jpg 1536w, https:\/\/www.loscrigno.it\/beautycase\/wp-content\/uploads\/2020\/08\/Clinique-Drammaticaly-Different-Jelly-01-450x387.jpg 450w, https:\/\/www.loscrigno.it\/beautycase\/wp-content\/uploads\/2020\/08\/Clinique-Drammaticaly-Different-Jelly-01-225x193.jpg 225w, https:\/\/www.loscrigno.it\/beautycase\/wp-content\/uploads\/2020\/08\/Clinique-Drammaticaly-Different-Jelly-01-900x773.jpg 900w, https:\/\/www.loscrigno.it\/beautycase\/wp-content\/uploads\/2020\/08\/Clinique-Drammaticaly-Different-Jelly-01-1350x1160.jpg 1350w, https:\/\/www.loscrigno.it\/beautycase\/wp-content\/uploads\/2020\/08\/Clinique-Drammaticaly-Different-Jelly-01-20x17.jpg 20w, https:\/\/www.loscrigno.it\/beautycase\/wp-content\/uploads\/2020\/08\/Clinique-Drammaticaly-Different-Jelly-01-112x96.jpg 112w, https:\/\/www.loscrigno.it\/beautycase\/wp-content\/uploads\/2020\/08\/Clinique-Drammaticaly-Different-Jelly-01.jpg 2000w\" sizes=\"auto, (max-width: 1024px) 100vw, 1024px\" \/><\/figure>\n\n\n\n<div style=\"height:20px\" aria-hidden=\"true\" class=\"wp-block-spacer\"><\/div>\n\n\n\n<p>Per aiutare il viso, gi\u00e0 provato dal sole intenso degli scorsi mesi, a reagire con prontezza all&#8217;abbassamento delle temperature \u00e8 necessario provvedere ad un booster di idratazione. La scelta migliore \u00e8 allora quella di utilizzare la <strong><em>Dramatically different hydrating Jelly<\/em><\/strong>&nbsp;di&nbsp;<strong>Clinique<\/strong> come ulteriore step tra la mist e la crema. La presenza di un\u2019elevata percentuale di acido ialuronico a medio-alto peso molecolare disseta la pelle in profondit\u00e0, aiutando a ripristinarne compattezza e tono. <\/p>\n\n\n\n<p>Funziona bene anche come base trucco sotto alla crema solare ed \u00e8 una meravigliosa coccola da riapplicare ogni qualvolta si senta la sensazione di pelle che tira. Io la tengo sul comodino e spesso, prima di andare a dormire, me ne concedo una dose ulteriore. Se vuoi saperne di pi\u00f9 puoi leggere la mia <a href=\"https:\/\/www.loscrigno.it\/beautycase\/index.php\/clinique-dramatically-different-hydrating-jelly-recensione\/\"><strong><em>recensione <\/em><\/strong>dettagliata<\/a>.<\/p>\n\n\n\n<div style=\"height:40px\" aria-hidden=\"true\" class=\"wp-block-spacer\"><\/div>\n\n\n\n<h3 class=\"wp-block-heading\"><strong>Non dimenticare le <em>mani<\/em>: sono il tuo biglietto da visita<\/strong><\/h3>\n\n\n\n<figure class=\"wp-block-image size-large\"><img loading=\"lazy\" decoding=\"async\" width=\"1024\" height=\"1024\" src=\"data:image\/gif;base64,R0lGODlhAQABAAAAACH5BAEKAAEALAAAAAABAAEAAAICTAEAOw==\" data-src=\"https:\/\/www.loscrigno.it\/beautycase\/wp-content\/uploads\/2020\/09\/Crema-mani-Alverde-melograno-olio-oliva-1024x1024.jpg\" alt=\"Crema mani Alverde al melograno e all'olio di oliva\" class=\"wp-image-20222 lazyload\" data-sizes=\"auto\" data-srcset=\"https:\/\/www.loscrigno.it\/beautycase\/wp-content\/uploads\/2020\/09\/Crema-mani-Alverde-melograno-olio-oliva-1024x1024.jpg 1024w, https:\/\/www.loscrigno.it\/beautycase\/wp-content\/uploads\/2020\/09\/Crema-mani-Alverde-melograno-olio-oliva-600x600.jpg 600w, https:\/\/www.loscrigno.it\/beautycase\/wp-content\/uploads\/2020\/09\/Crema-mani-Alverde-melograno-olio-oliva-232x232.jpg 232w, https:\/\/www.loscrigno.it\/beautycase\/wp-content\/uploads\/2020\/09\/Crema-mani-Alverde-melograno-olio-oliva-768x768.jpg 768w, https:\/\/www.loscrigno.it\/beautycase\/wp-content\/uploads\/2020\/09\/Crema-mani-Alverde-melograno-olio-oliva-1536x1536.jpg 1536w, https:\/\/www.loscrigno.it\/beautycase\/wp-content\/uploads\/2020\/09\/Crema-mani-Alverde-melograno-olio-oliva-180x180.jpg 180w, https:\/\/www.loscrigno.it\/beautycase\/wp-content\/uploads\/2020\/09\/Crema-mani-Alverde-melograno-olio-oliva-90x90.jpg 90w, https:\/\/www.loscrigno.it\/beautycase\/wp-content\/uploads\/2020\/09\/Crema-mani-Alverde-melograno-olio-oliva-450x450.jpg 450w, https:\/\/www.loscrigno.it\/beautycase\/wp-content\/uploads\/2020\/09\/Crema-mani-Alverde-melograno-olio-oliva-270x270.jpg 270w, https:\/\/www.loscrigno.it\/beautycase\/wp-content\/uploads\/2020\/09\/Crema-mani-Alverde-melograno-olio-oliva-20x20.jpg 20w, https:\/\/www.loscrigno.it\/beautycase\/wp-content\/uploads\/2020\/09\/Crema-mani-Alverde-melograno-olio-oliva-225x225.jpg 225w, https:\/\/www.loscrigno.it\/beautycase\/wp-content\/uploads\/2020\/09\/Crema-mani-Alverde-melograno-olio-oliva-900x900.jpg 900w, https:\/\/www.loscrigno.it\/beautycase\/wp-content\/uploads\/2020\/09\/Crema-mani-Alverde-melograno-olio-oliva-1350x1350.jpg 1350w, https:\/\/www.loscrigno.it\/beautycase\/wp-content\/uploads\/2020\/09\/Crema-mani-Alverde-melograno-olio-oliva-96x96.jpg 96w, https:\/\/www.loscrigno.it\/beautycase\/wp-content\/uploads\/2020\/09\/Crema-mani-Alverde-melograno-olio-oliva.jpg 2000w\" sizes=\"auto, (max-width: 1024px) 100vw, 1024px\" \/><\/figure>\n\n\n\n<div style=\"height:20px\" aria-hidden=\"true\" class=\"wp-block-spacer\"><\/div>\n\n\n\n<p>I lavaggi frequenti e l&#8217;uso di igienizzanti a base alcolica stressano le mani come mai prima d&#8217;ora. Per questo \u00e8 necessario curarle con creme molto ricche, meglio se naturali come quelle di Alverde. Le mie preferite sono la <strong>crema intensiva al melograno e al burro di karit\u00e9<\/strong>, profumatissima e super nutriente, e la <strong>crema mani idratante all&#8217;olio di oliva<\/strong>, priva di conservanti, coloranti, fragranze sintetiche e oli minerali. <\/p>\n\n\n\n<p>La prima ha un posto d&#8217;onore sul mio comodino, perch\u00e9 funziona molto bene anche come maschera notte, mentre la seconda \u00e8 quella che porto sempre in borsetta e che tengo a portata sulla scrivania, perch\u00e9 si asciuga in fretta e lascia la pelle morbidissima ma non unta. <\/p>\n\n\n\n<div style=\"height:40px\" aria-hidden=\"true\" class=\"wp-block-spacer\"><\/div>\n\n\n\n<h3 class=\"wp-block-heading\"><strong>Indossa la <em>mascherina<\/em>, divertendoti<\/strong><\/h3>\n\n\n\n<p>Restare in salute e proteggere noi stessi e gli altri non deve essere per forza noioso o fastidioso: seguendo il <a href=\"https:\/\/www.beautygenerations.it\/modello-mascherina-stoffa-con-filtro-ferretto-tutorial\/\"><strong>tutorial<\/strong> che ho creato per <strong><em>Beauty Generation<\/em><\/strong><\/a> puoi cucire in modo semplicissimo una mascherina lavabile personalizzata con tanto di tasca per il filtro e ferretto estraibile per il naso. <\/p>\n\n\n\n<div style=\"height:20px\" aria-hidden=\"true\" class=\"wp-block-spacer\"><\/div>\n\n\n\n<center><blockquote class=\"instagram-media\" data-instgrm-permalink=\"https:\/\/www.instagram.com\/p\/CADUTWmIf7l\/?utm_source=ig_embed&amp;utm_campaign=loading\" data-instgrm-version=\"12\" style=\" background:#FFF; border:0; border-radius:3px; box-shadow:0 0 1px 0 rgba(0,0,0,0.5),0 1px 10px 0 rgba(0,0,0,0.15); margin: 1px; max-width:540px; min-width:326px; padding:0; width:99.375%; width:-webkit-calc(100% - 2px); width:calc(100% - 2px);\"><div style=\"padding:16px;\"> <a href=\"https:\/\/www.instagram.com\/p\/CADUTWmIf7l\/?utm_source=ig_embed&amp;utm_campaign=loading\" style=\" background:#FFFFFF; line-height:0; padding:0 0; text-align:center; text-decoration:none; width:100%;\" target=\"_blank\" rel=\"noopener noreferrer\"> <div style=\" display: flex; flex-direction: row; align-items: center;\"> <div style=\"background-color: #F4F4F4; border-radius: 50%; flex-grow: 0; height: 40px; margin-right: 14px; width: 40px;\"><\/div> <div style=\"display: flex; flex-direction: column; flex-grow: 1; justify-content: center;\"> <div style=\" background-color: #F4F4F4; border-radius: 4px; flex-grow: 0; height: 14px; margin-bottom: 6px; width: 100px;\"><\/div> <div style=\" background-color: #F4F4F4; border-radius: 4px; flex-grow: 0; height: 14px; width: 60px;\"><\/div><\/div><\/div><div style=\"padding: 19% 0;\"><\/div> <div style=\"display:block; height:50px; margin:0 auto 12px; width:50px;\"><svg width=\"50px\" height=\"50px\" viewBox=\"0 0 60 60\" version=\"1.1\" xmlns=\"https:\/\/www.w3.org\/2000\/svg\" xmlns:xlink=\"https:\/\/www.w3.org\/1999\/xlink\"><g stroke=\"none\" stroke-width=\"1\" fill=\"none\" fill-rule=\"evenodd\"><g transform=\"translate(-511.000000, -20.000000)\" fill=\"#000000\"><g><path d=\"M556.869,30.41 C554.814,30.41 553.148,32.076 553.148,34.131 C553.148,36.186 554.814,37.852 556.869,37.852 C558.924,37.852 560.59,36.186 560.59,34.131 C560.59,32.076 558.924,30.41 556.869,30.41 M541,60.657 C535.114,60.657 530.342,55.887 530.342,50 C530.342,44.114 535.114,39.342 541,39.342 C546.887,39.342 551.658,44.114 551.658,50 C551.658,55.887 546.887,60.657 541,60.657 M541,33.886 C532.1,33.886 524.886,41.1 524.886,50 C524.886,58.899 532.1,66.113 541,66.113 C549.9,66.113 557.115,58.899 557.115,50 C557.115,41.1 549.9,33.886 541,33.886 M565.378,62.101 C565.244,65.022 564.756,66.606 564.346,67.663 C563.803,69.06 563.154,70.057 562.106,71.106 C561.058,72.155 560.06,72.803 558.662,73.347 C557.607,73.757 556.021,74.244 553.102,74.378 C549.944,74.521 548.997,74.552 541,74.552 C533.003,74.552 532.056,74.521 528.898,74.378 C525.979,74.244 524.393,73.757 523.338,73.347 C521.94,72.803 520.942,72.155 519.894,71.106 C518.846,70.057 518.197,69.06 517.654,67.663 C517.244,66.606 516.755,65.022 516.623,62.101 C516.479,58.943 516.448,57.996 516.448,50 C516.448,42.003 516.479,41.056 516.623,37.899 C516.755,34.978 517.244,33.391 517.654,32.338 C518.197,30.938 518.846,29.942 519.894,28.894 C520.942,27.846 521.94,27.196 523.338,26.654 C524.393,26.244 525.979,25.756 528.898,25.623 C532.057,25.479 533.004,25.448 541,25.448 C548.997,25.448 549.943,25.479 553.102,25.623 C556.021,25.756 557.607,26.244 558.662,26.654 C560.06,27.196 561.058,27.846 562.106,28.894 C563.154,29.942 563.803,30.938 564.346,32.338 C564.756,33.391 565.244,34.978 565.378,37.899 C565.522,41.056 565.552,42.003 565.552,50 C565.552,57.996 565.522,58.943 565.378,62.101 M570.82,37.631 C570.674,34.438 570.167,32.258 569.425,30.349 C568.659,28.377 567.633,26.702 565.965,25.035 C564.297,23.368 562.623,22.342 560.652,21.575 C558.743,20.834 556.562,20.326 553.369,20.18 C550.169,20.033 549.148,20 541,20 C532.853,20 531.831,20.033 528.631,20.18 C525.438,20.326 523.257,20.834 521.349,21.575 C519.376,22.342 517.703,23.368 516.035,25.035 C514.368,26.702 513.342,28.377 512.574,30.349 C511.834,32.258 511.326,34.438 511.181,37.631 C511.035,40.831 511,41.851 511,50 C511,58.147 511.035,59.17 511.181,62.369 C511.326,65.562 511.834,67.743 512.574,69.651 C513.342,71.625 514.368,73.296 516.035,74.965 C517.703,76.634 519.376,77.658 521.349,78.425 C523.257,79.167 525.438,79.673 528.631,79.82 C531.831,79.965 532.853,80.001 541,80.001 C549.148,80.001 550.169,79.965 553.369,79.82 C556.562,79.673 558.743,79.167 560.652,78.425 C562.623,77.658 564.297,76.634 565.965,74.965 C567.633,73.296 568.659,71.625 569.425,69.651 C570.167,67.743 570.674,65.562 570.82,62.369 C570.966,59.17 571,58.147 571,50 C571,41.851 570.966,40.831 570.82,37.631\"><\/path><\/g><\/g><\/g><\/svg><\/div><div style=\"padding-top: 8px;\"> <div style=\" color:#3897f0; font-family:Arial,sans-serif; font-size:14px; font-style:normal; font-weight:550; line-height:18px;\"> Visualizza questo post su Instagram<\/div><\/div><div style=\"padding: 12.5% 0;\"><\/div> <div style=\"display: flex; flex-direction: row; margin-bottom: 14px; align-items: center;\"><div> <div style=\"background-color: #F4F4F4; border-radius: 50%; height: 12.5px; width: 12.5px; transform: translateX(0px) translateY(7px);\"><\/div> <div style=\"background-color: #F4F4F4; height: 12.5px; transform: rotate(-45deg) translateX(3px) translateY(1px); width: 12.5px; flex-grow: 0; margin-right: 14px; margin-left: 2px;\"><\/div> <div style=\"background-color: #F4F4F4; border-radius: 50%; height: 12.5px; width: 12.5px; transform: translateX(9px) translateY(-18px);\"><\/div><\/div><div style=\"margin-left: 8px;\"> <div style=\" background-color: #F4F4F4; border-radius: 50%; flex-grow: 0; height: 20px; width: 20px;\"><\/div> <div style=\" width: 0; height: 0; border-top: 2px solid transparent; border-left: 6px solid #f4f4f4; border-bottom: 2px solid transparent; transform: translateX(16px) translateY(-4px) rotate(30deg)\"><\/div><\/div><div style=\"margin-left: auto;\"> <div style=\" width: 0px; border-top: 8px solid #F4F4F4; border-right: 8px solid transparent; transform: translateY(16px);\"><\/div> <div style=\" background-color: #F4F4F4; flex-grow: 0; height: 12px; width: 16px; transform: translateY(-4px);\"><\/div> <div style=\" width: 0; height: 0; border-top: 8px solid #F4F4F4; border-left: 8px solid transparent; transform: translateY(-4px) translateX(8px);\"><\/div><\/div><\/div> <div style=\"display: flex; flex-direction: column; flex-grow: 1; justify-content: center; margin-bottom: 24px;\"> <div style=\" background-color: #F4F4F4; border-radius: 4px; flex-grow: 0; height: 14px; margin-bottom: 6px; width: 224px;\"><\/div> <div style=\" background-color: #F4F4F4; border-radius: 4px; flex-grow: 0; height: 14px; width: 144px;\"><\/div><\/div><\/a><p style=\" color:#c9c8cd; font-family:Arial,sans-serif; font-size:14px; line-height:17px; margin-bottom:0; margin-top:8px; overflow:hidden; padding:8px 0 7px; text-align:center; text-overflow:ellipsis; white-space:nowrap;\"><a href=\"https:\/\/www.instagram.com\/p\/CADUTWmIf7l\/?utm_source=ig_embed&amp;utm_campaign=loading\" style=\" color:#c9c8cd; font-family:Arial,sans-serif; font-size:14px; font-style:normal; font-weight:normal; line-height:17px; text-decoration:none;\" target=\"_blank\" rel=\"noopener noreferrer\">Un post condiviso da Marica (@beautycaseblog)<\/a> in data: <time style=\" font-family:Arial,sans-serif; font-size:14px; line-height:17px;\" datetime=\"2020-05-11T15:00:36+00:00\">11 Mag 2020 alle ore 8:00 PDT<\/time><\/p><\/div><\/blockquote> <script async=\"\" src=\"\/\/www.instagram.com\/embed.js\"><\/script><\/center>\n\n\n\n<div style=\"height:20px\" aria-hidden=\"true\" class=\"wp-block-spacer\"><\/div>\n\n\n\n<figure class=\"wp-block-image size-large\"><img loading=\"lazy\" decoding=\"async\" width=\"1000\" height=\"1024\" src=\"data:image\/gif;base64,R0lGODlhAQABAAAAACH5BAEKAAEALAAAAAABAAEAAAICTAEAOw==\" data-src=\"https:\/\/www.loscrigno.it\/beautycase\/wp-content\/uploads\/2020\/09\/Mascherine-1-1000x1024.jpg\" alt=\"Tutorial Cartamodello mascherine lavabili con filtro e ferretto per il naso\" class=\"wp-image-20310 lazyload\" data-sizes=\"auto\" data-srcset=\"https:\/\/www.loscrigno.it\/beautycase\/wp-content\/uploads\/2020\/09\/Mascherine-1-1000x1024.jpg 1000w, https:\/\/www.loscrigno.it\/beautycase\/wp-content\/uploads\/2020\/09\/Mascherine-1-600x614.jpg 600w, https:\/\/www.loscrigno.it\/beautycase\/wp-content\/uploads\/2020\/09\/Mascherine-1-232x238.jpg 232w, https:\/\/www.loscrigno.it\/beautycase\/wp-content\/uploads\/2020\/09\/Mascherine-1-768x786.jpg 768w, https:\/\/www.loscrigno.it\/beautycase\/wp-content\/uploads\/2020\/09\/Mascherine-1-450x461.jpg 450w, https:\/\/www.loscrigno.it\/beautycase\/wp-content\/uploads\/2020\/09\/Mascherine-1-20x20.jpg 20w, https:\/\/www.loscrigno.it\/beautycase\/wp-content\/uploads\/2020\/09\/Mascherine-1-225x230.jpg 225w, https:\/\/www.loscrigno.it\/beautycase\/wp-content\/uploads\/2020\/09\/Mascherine-1-900x922.jpg 900w, https:\/\/www.loscrigno.it\/beautycase\/wp-content\/uploads\/2020\/09\/Mascherine-1-1350x1382.jpg 1350w, https:\/\/www.loscrigno.it\/beautycase\/wp-content\/uploads\/2020\/09\/Mascherine-1-94x96.jpg 94w, https:\/\/www.loscrigno.it\/beautycase\/wp-content\/uploads\/2020\/09\/Mascherine-1.jpg 1500w\" sizes=\"auto, (max-width: 1000px) 100vw, 1000px\" \/><\/figure>\n\n\n\n<div style=\"height:20px\" aria-hidden=\"true\" class=\"wp-block-spacer\"><\/div>\n\n\n\n<p>Se non hai la macchina da cucire o se vuoi provare qualcosa di pi\u00f9 semplice ti consiglio invece il <a href=\"https:\/\/www.focusjunior.it\/news\/crea-una-mascherina\/\">modello che ho creato per<em><strong> Focus Junior<\/strong><\/em><\/a>: puoi realizzarlo cos\u00ec come lo vedi o usare la macchina da cucire per chiudere i due lati e rendere il tutto ancora pi\u00f9 stabile.<\/p>\n\n\n\n<div style=\"height:40px\" aria-hidden=\"true\" class=\"wp-block-spacer\"><\/div>\n\n\n\n<p>Hai altri prodotti estivi da consigliare per questo periodo? Non vedo l&#8217;ora di scoprirlo! Vieni su Instagram per consigliarli a tutte le altre beauty-amiche: mi trovi come <strong><em><a href=\"https:\/\/www.instagram.com\/beautycaseblog\">@beautycaseblog<\/a><\/em><\/strong>.<\/p>\n\n\n\n<p class=\"has-text-align-center has-thb-accent-color has-text-color\" style=\"font-size:29px\"><strong>Iscriviti alla newsletter!<\/strong><\/p>\n\n\n\n<p class=\"has-text-align-center\" style=\"font-size:14px\">E&#8217; gratis e ti consente di ricevere tanti consigli di bellezza e tutte le novit\u00e0 del mondo beauty!<\/p>\n\n\n\n<!-- Begin Mailchimp Signup Form -->\n<link href=\"\/\/cdn-images.mailchimp.com\/embedcode\/slim-10_7.css\" rel=\"stylesheet\" type=\"text\/css\">\n<style type=\"text\/css\">\n\t#mc_embed_signup{background:#fff; clear:left; font:14px Helvetica,Arial,sans-serif; }\n\t\/* Add your own Mailchimp form style overrides in your site stylesheet or in this style block.\n\t   We recommend moving this block and the preceding CSS link to the HEAD of your HTML file. *\/\n<\/style>\n<style type=\"text\/css\">\n\t#mc-embedded-subscribe-form input[type=checkbox]{display: inline; width: auto;margin-right: 10px;}\n\t#mergeRow-gdpr {margin-top: 20px;}\n\t#mergeRow-gdpr fieldset label {font-weight: normal;}\n\t#mc-embedded-subscribe-form .mc_fieldset{border:none;min-height: 0px;padding-bottom:0px;}\n<\/style>\n<div id=\"mc_embed_signup\">\n<form action=\"https:\/\/beautycaseblog.us12.list-manage.com\/subscribe\/post?u=9acfe39153b343665da37c4ae&amp;id=bacd24f61a\" method=\"post\" id=\"mc-embedded-subscribe-form\" name=\"mc-embedded-subscribe-form\" class=\"validate\" target=\"_blank\" novalidate=\"\">\n   <div id=\"mc_embed_signup_scroll\">\n\t\n\t<input type=\"email\" value=\"\" name=\"EMAIL\" class=\"email\" id=\"mce-EMAIL\" placeholder=\"Il tuo indirizzo email\" style=\"width:100%; text-align:center;\" required=\"\">\n<div id=\"mergeRow-gdpr\" class=\"mergeRow gdpr-mergeRow content__gdprBlock mc-field-group\">\n    <div class=\"content__gdpr\">\n        <fieldset class=\"mc_fieldset gdprRequired mc-field-group\" name=\"interestgroup_field\">\n\t\t<label class=\"checkbox subfield\" for=\"gdpr_60589\"><input type=\"checkbox\" id=\"gdpr_60589\" name=\"gdpr[60589]\" value=\"Y\" class=\"av-checkbox gdpr\"><span>S\u00ec, voglio ricevere la newsletter di Beauty Case Blog!<\/span> <\/label>\n        <\/fieldset>\n        <p style=\"font-size:80%;\"><a href=\"https:\/\/www.iubenda.com\/privacy-policy\/630536\/legal\">Privacy policy<\/a> &#8211; Potrai disiscriverti quando vuoi cliccando sul link in fondo alla newsletter.<\/p>\n    <\/div>\n    <div class=\"content__gdprLegal\">\n        <p style=\"font-size:70%; margin-bottom:20px;\">We use Mailchimp as our marketing platform. By clicking below to subscribe, you acknowledge that your information will be transferred to Mailchimp for processing. <a href=\"https:\/\/mailchimp.com\/legal\/\" target=\"_blank\" rel=\"noopener noreferrer\">Learn more about Mailchimp&#8217;s privacy practices here.<\/a><\/p>\n    <\/div>\n<\/div>\n    <!-- real people should not fill this in and expect good things - do not remove this or risk form bot signups-->\n    <div style=\"position: absolute; left: -5000px;\" aria-hidden=\"true\"><input type=\"text\" name=\"b_9acfe39153b343665da37c4ae_bacd24f61a\" tabindex=\"-1\" value=\"\"><\/div>\n    <div class=\"clear\"><input type=\"submit\" value=\"Iscriviti\" name=\"subscribe\" id=\"mc-embedded-subscribe\" class=\"button\" style=\"width:100%;text-align:center; background-color:#ef2673; text-transform: capitalize;\"><\/div>\n    <\/div>\n<\/form>\n<\/div>\n\n<!--End mc_embed_signup-->\n\n\n\n<div style=\"height:60px\" aria-hidden=\"true\" class=\"wp-block-spacer\"><\/div>\n","protected":false},"excerpt":{"rendered":"<p>Il caldo torrido dell&#8217;estate sta lasciando posto alle pi\u00f9 miti temperature autunnale, cambiando abitudini e routine, anche quelle legate alla skin care e alla bellezza. In questo clima di febbrile mutamento possiamo per\u00f2 trovare alcuni punti fermi: 5 cosmetici che ci possono e ci devono accompagnare verso l&#8217;inverno, aiutandoci a migliorare l&#8217;aspetto della pelle e&hellip;<\/p>\n","protected":false},"author":1,"featured_media":20447,"comment_status":"open","ping_status":"open","sticky":false,"template":"","format":"standard","meta":{"footnotes":""},"categories":[326,1188,27],"tags":[],"thb-sponsors":[],"class_list":["post-15894","post","type-post","status-publish","format-standard","has-post-thumbnail","hentry","category-fashion","category-lifestyle","category-skin-care"],"featured_image_src":"https:\/\/www.loscrigno.it\/beautycase\/wp-content\/uploads\/2020\/09\/Prodotti-preferiti-autunno.jpg","author_info":{"display_name":"Marica","author_link":"https:\/\/www.loscrigno.it\/beautycase\/index.php\/author\/verdiana\/"},"yoast_head":"<!-- This site is optimized with the Yoast SEO plugin v27.5 - https:\/\/yoast.com\/product\/yoast-seo-wordpress\/ -->\r\n<title>5 prodotti top dell&#039;estate da continuare ad usare in autunno!<\/title>\r\n<meta name=\"description\" content=\"Con l&#039;arrivo dell&#039;autunno cambia anche la skin care, ma non completamente. Ecco 5 prodotti estivi da continuare ad usare in autunno\" \/>\r\n<meta name=\"robots\" content=\"index, follow, max-snippet:-1, max-image-preview:large, max-video-preview:-1\" \/>\r\n<link rel=\"canonical\" href=\"https:\/\/www.loscrigno.it\/beautycase\/index.php\/prodotti-top-autunno\/\" \/>\r\n<meta name=\"twitter:card\" content=\"summary_large_image\" \/>\r\n<meta name=\"twitter:title\" content=\"5 prodotti top dell&#039;estate da continuare ad usare in autunno!\" \/>\r\n<meta name=\"twitter:description\" content=\"Con l&#039;arrivo dell&#039;autunno cambia anche la skin care, ma non completamente. Ecco 5 prodotti estivi da continuare ad usare in autunno\" \/>\r\n<meta name=\"twitter:image\" content=\"https:\/\/www.loscrigno.it\/beautycase\/wp-content\/uploads\/2020\/09\/Prodotti-preferiti-autunno.jpg\" \/>\r\n<meta name=\"twitter:creator\" content=\"@http:\/\/www.twitter.com\/beautycaseblog\" \/>\r\n<meta name=\"twitter:label1\" content=\"Scritto da\" \/>\n\t<meta name=\"twitter:data1\" content=\"Marica\" \/>\n\t<meta name=\"twitter:label2\" content=\"Tempo di lettura stimato\" \/>\n\t<meta name=\"twitter:data2\" content=\"3 minuti\" \/>\r\n<script type=\"application\/ld+json\" class=\"yoast-schema-graph\">{\"@context\":\"https:\\\/\\\/schema.org\",\"@graph\":[{\"@type\":\"Article\",\"@id\":\"https:\\\/\\\/www.loscrigno.it\\\/beautycase\\\/index.php\\\/prodotti-top-autunno\\\/#article\",\"isPartOf\":{\"@id\":\"https:\\\/\\\/www.loscrigno.it\\\/beautycase\\\/index.php\\\/prodotti-top-autunno\\\/\"},\"author\":{\"name\":\"Marica\",\"@id\":\"https:\\\/\\\/www.loscrigno.it\\\/beautycase\\\/#\\\/schema\\\/person\\\/11eee6092821563eadc965b96ca0314d\"},\"headline\":\"5 prodotti top dell&#8217;estate da continuare ad usare in autunno!\",\"datePublished\":\"2020-09-23T08:00:01+00:00\",\"dateModified\":\"2020-09-23T09:59:43+00:00\",\"mainEntityOfPage\":{\"@id\":\"https:\\\/\\\/www.loscrigno.it\\\/beautycase\\\/index.php\\\/prodotti-top-autunno\\\/\"},\"wordCount\":722,\"commentCount\":0,\"image\":{\"@id\":\"https:\\\/\\\/www.loscrigno.it\\\/beautycase\\\/index.php\\\/prodotti-top-autunno\\\/#primaryimage\"},\"thumbnailUrl\":\"https:\\\/\\\/www.loscrigno.it\\\/beautycase\\\/wp-content\\\/uploads\\\/2020\\\/09\\\/Prodotti-preferiti-autunno.jpg\",\"articleSection\":[\"Fashion\",\"Lifestyle\",\"Skin Care\"],\"inLanguage\":\"it-IT\",\"potentialAction\":[{\"@type\":\"CommentAction\",\"name\":\"Comment\",\"target\":[\"https:\\\/\\\/www.loscrigno.it\\\/beautycase\\\/index.php\\\/prodotti-top-autunno\\\/#respond\"]}]},{\"@type\":\"WebPage\",\"@id\":\"https:\\\/\\\/www.loscrigno.it\\\/beautycase\\\/index.php\\\/prodotti-top-autunno\\\/\",\"url\":\"https:\\\/\\\/www.loscrigno.it\\\/beautycase\\\/index.php\\\/prodotti-top-autunno\\\/\",\"name\":\"5 prodotti top dell'estate da continuare ad usare in autunno!\",\"isPartOf\":{\"@id\":\"https:\\\/\\\/www.loscrigno.it\\\/beautycase\\\/#website\"},\"primaryImageOfPage\":{\"@id\":\"https:\\\/\\\/www.loscrigno.it\\\/beautycase\\\/index.php\\\/prodotti-top-autunno\\\/#primaryimage\"},\"image\":{\"@id\":\"https:\\\/\\\/www.loscrigno.it\\\/beautycase\\\/index.php\\\/prodotti-top-autunno\\\/#primaryimage\"},\"thumbnailUrl\":\"https:\\\/\\\/www.loscrigno.it\\\/beautycase\\\/wp-content\\\/uploads\\\/2020\\\/09\\\/Prodotti-preferiti-autunno.jpg\",\"datePublished\":\"2020-09-23T08:00:01+00:00\",\"dateModified\":\"2020-09-23T09:59:43+00:00\",\"author\":{\"@id\":\"https:\\\/\\\/www.loscrigno.it\\\/beautycase\\\/#\\\/schema\\\/person\\\/11eee6092821563eadc965b96ca0314d\"},\"description\":\"Con l'arrivo dell'autunno cambia anche la skin care, ma non completamente. Ecco 5 prodotti estivi da continuare ad usare in autunno\",\"breadcrumb\":{\"@id\":\"https:\\\/\\\/www.loscrigno.it\\\/beautycase\\\/index.php\\\/prodotti-top-autunno\\\/#breadcrumb\"},\"inLanguage\":\"it-IT\",\"potentialAction\":[{\"@type\":\"ReadAction\",\"target\":[\"https:\\\/\\\/www.loscrigno.it\\\/beautycase\\\/index.php\\\/prodotti-top-autunno\\\/\"]}]},{\"@type\":\"ImageObject\",\"inLanguage\":\"it-IT\",\"@id\":\"https:\\\/\\\/www.loscrigno.it\\\/beautycase\\\/index.php\\\/prodotti-top-autunno\\\/#primaryimage\",\"url\":\"https:\\\/\\\/www.loscrigno.it\\\/beautycase\\\/wp-content\\\/uploads\\\/2020\\\/09\\\/Prodotti-preferiti-autunno.jpg\",\"contentUrl\":\"https:\\\/\\\/www.loscrigno.it\\\/beautycase\\\/wp-content\\\/uploads\\\/2020\\\/09\\\/Prodotti-preferiti-autunno.jpg\",\"width\":1280,\"height\":777,\"caption\":\"Prodotti preferiti autunno\"},{\"@type\":\"BreadcrumbList\",\"@id\":\"https:\\\/\\\/www.loscrigno.it\\\/beautycase\\\/index.php\\\/prodotti-top-autunno\\\/#breadcrumb\",\"itemListElement\":[{\"@type\":\"ListItem\",\"position\":1,\"name\":\"Home\",\"item\":\"https:\\\/\\\/www.loscrigno.it\\\/beautycase\\\/\"},{\"@type\":\"ListItem\",\"position\":2,\"name\":\"5 prodotti top dell&#8217;estate da continuare ad usare in autunno!\"}]},{\"@type\":\"WebSite\",\"@id\":\"https:\\\/\\\/www.loscrigno.it\\\/beautycase\\\/#website\",\"url\":\"https:\\\/\\\/www.loscrigno.it\\\/beautycase\\\/\",\"name\":\"Beauty Case Blog - Beauty blog italiano su make-up e bellezza\",\"description\":\"Beauty Case Blog \u00e8 uno dei pi\u00f9 importanti beauty blog italiani. Leggi ora tutte le novit\u00e0 del mondo beauty e scopri i miei consigli su make-up e bellezza.\",\"potentialAction\":[{\"@type\":\"SearchAction\",\"target\":{\"@type\":\"EntryPoint\",\"urlTemplate\":\"https:\\\/\\\/www.loscrigno.it\\\/beautycase\\\/?s={search_term_string}\"},\"query-input\":{\"@type\":\"PropertyValueSpecification\",\"valueRequired\":true,\"valueName\":\"search_term_string\"}}],\"inLanguage\":\"it-IT\"},{\"@type\":\"Person\",\"@id\":\"https:\\\/\\\/www.loscrigno.it\\\/beautycase\\\/#\\\/schema\\\/person\\\/11eee6092821563eadc965b96ca0314d\",\"name\":\"Marica\",\"image\":{\"@type\":\"ImageObject\",\"inLanguage\":\"it-IT\",\"@id\":\"https:\\\/\\\/secure.gravatar.com\\\/avatar\\\/17ff8fae2051e8d0c09037bc4e9ab017ac93233f8d559691101577712100fa39?s=96&d=blank&r=g\",\"url\":\"https:\\\/\\\/secure.gravatar.com\\\/avatar\\\/17ff8fae2051e8d0c09037bc4e9ab017ac93233f8d559691101577712100fa39?s=96&d=blank&r=g\",\"contentUrl\":\"https:\\\/\\\/secure.gravatar.com\\\/avatar\\\/17ff8fae2051e8d0c09037bc4e9ab017ac93233f8d559691101577712100fa39?s=96&d=blank&r=g\",\"caption\":\"Marica\"},\"description\":\"Appassionata di cosmesi e di tutto ci\u00f2 che \u00e8 bello. Dal 2015 vivo a cavallo tra Italia e Inghilterra e ho un'inarrestabile passione per borse e rossetti. Il super-potere che vorrei? Quello dei capelli sempre in piega! Su Instagram mi trovi come @beautycaseblog.\",\"sameAs\":[\"http:\\\/\\\/www.instagram.com\\\/beautycaseblog\",\"http:\\\/\\\/www.facebook.com\\\/beautycaseblog\",\"https:\\\/\\\/x.com\\\/http:\\\/\\\/www.twitter.com\\\/beautycaseblog\"],\"url\":\"https:\\\/\\\/www.loscrigno.it\\\/beautycase\\\/index.php\\\/author\\\/verdiana\\\/\"}]}<\/script>\r\n<!-- \/ Yoast SEO plugin. -->","yoast_head_json":{"title":"5 prodotti top dell'estate da continuare ad usare in autunno!","description":"Con l'arrivo dell'autunno cambia anche la skin care, ma non completamente. Ecco 5 prodotti estivi da continuare ad usare in autunno","robots":{"index":"index","follow":"follow","max-snippet":"max-snippet:-1","max-image-preview":"max-image-preview:large","max-video-preview":"max-video-preview:-1"},"canonical":"https:\/\/www.loscrigno.it\/beautycase\/index.php\/prodotti-top-autunno\/","twitter_card":"summary_large_image","twitter_title":"5 prodotti top dell'estate da continuare ad usare in autunno!","twitter_description":"Con l'arrivo dell'autunno cambia anche la skin care, ma non completamente. Ecco 5 prodotti estivi da continuare ad usare in autunno","twitter_image":"https:\/\/www.loscrigno.it\/beautycase\/wp-content\/uploads\/2020\/09\/Prodotti-preferiti-autunno.jpg","twitter_creator":"@http:\/\/www.twitter.com\/beautycaseblog","twitter_misc":{"Scritto da":"Marica","Tempo di lettura stimato":"3 minuti"},"schema":{"@context":"https:\/\/schema.org","@graph":[{"@type":"Article","@id":"https:\/\/www.loscrigno.it\/beautycase\/index.php\/prodotti-top-autunno\/#article","isPartOf":{"@id":"https:\/\/www.loscrigno.it\/beautycase\/index.php\/prodotti-top-autunno\/"},"author":{"name":"Marica","@id":"https:\/\/www.loscrigno.it\/beautycase\/#\/schema\/person\/11eee6092821563eadc965b96ca0314d"},"headline":"5 prodotti top dell&#8217;estate da continuare ad usare in autunno!","datePublished":"2020-09-23T08:00:01+00:00","dateModified":"2020-09-23T09:59:43+00:00","mainEntityOfPage":{"@id":"https:\/\/www.loscrigno.it\/beautycase\/index.php\/prodotti-top-autunno\/"},"wordCount":722,"commentCount":0,"image":{"@id":"https:\/\/www.loscrigno.it\/beautycase\/index.php\/prodotti-top-autunno\/#primaryimage"},"thumbnailUrl":"https:\/\/www.loscrigno.it\/beautycase\/wp-content\/uploads\/2020\/09\/Prodotti-preferiti-autunno.jpg","articleSection":["Fashion","Lifestyle","Skin Care"],"inLanguage":"it-IT","potentialAction":[{"@type":"CommentAction","name":"Comment","target":["https:\/\/www.loscrigno.it\/beautycase\/index.php\/prodotti-top-autunno\/#respond"]}]},{"@type":"WebPage","@id":"https:\/\/www.loscrigno.it\/beautycase\/index.php\/prodotti-top-autunno\/","url":"https:\/\/www.loscrigno.it\/beautycase\/index.php\/prodotti-top-autunno\/","name":"5 prodotti top dell'estate da continuare ad usare in autunno!","isPartOf":{"@id":"https:\/\/www.loscrigno.it\/beautycase\/#website"},"primaryImageOfPage":{"@id":"https:\/\/www.loscrigno.it\/beautycase\/index.php\/prodotti-top-autunno\/#primaryimage"},"image":{"@id":"https:\/\/www.loscrigno.it\/beautycase\/index.php\/prodotti-top-autunno\/#primaryimage"},"thumbnailUrl":"https:\/\/www.loscrigno.it\/beautycase\/wp-content\/uploads\/2020\/09\/Prodotti-preferiti-autunno.jpg","datePublished":"2020-09-23T08:00:01+00:00","dateModified":"2020-09-23T09:59:43+00:00","author":{"@id":"https:\/\/www.loscrigno.it\/beautycase\/#\/schema\/person\/11eee6092821563eadc965b96ca0314d"},"description":"Con l'arrivo dell'autunno cambia anche la skin care, ma non completamente. Ecco 5 prodotti estivi da continuare ad usare in autunno","breadcrumb":{"@id":"https:\/\/www.loscrigno.it\/beautycase\/index.php\/prodotti-top-autunno\/#breadcrumb"},"inLanguage":"it-IT","potentialAction":[{"@type":"ReadAction","target":["https:\/\/www.loscrigno.it\/beautycase\/index.php\/prodotti-top-autunno\/"]}]},{"@type":"ImageObject","inLanguage":"it-IT","@id":"https:\/\/www.loscrigno.it\/beautycase\/index.php\/prodotti-top-autunno\/#primaryimage","url":"https:\/\/www.loscrigno.it\/beautycase\/wp-content\/uploads\/2020\/09\/Prodotti-preferiti-autunno.jpg","contentUrl":"https:\/\/www.loscrigno.it\/beautycase\/wp-content\/uploads\/2020\/09\/Prodotti-preferiti-autunno.jpg","width":1280,"height":777,"caption":"Prodotti preferiti autunno"},{"@type":"BreadcrumbList","@id":"https:\/\/www.loscrigno.it\/beautycase\/index.php\/prodotti-top-autunno\/#breadcrumb","itemListElement":[{"@type":"ListItem","position":1,"name":"Home","item":"https:\/\/www.loscrigno.it\/beautycase\/"},{"@type":"ListItem","position":2,"name":"5 prodotti top dell&#8217;estate da continuare ad usare in autunno!"}]},{"@type":"WebSite","@id":"https:\/\/www.loscrigno.it\/beautycase\/#website","url":"https:\/\/www.loscrigno.it\/beautycase\/","name":"Beauty Case Blog - Beauty blog italiano su make-up e bellezza","description":"Beauty Case Blog \u00e8 uno dei pi\u00f9 importanti beauty blog italiani. Leggi ora tutte le novit\u00e0 del mondo beauty e scopri i miei consigli su make-up e bellezza.","potentialAction":[{"@type":"SearchAction","target":{"@type":"EntryPoint","urlTemplate":"https:\/\/www.loscrigno.it\/beautycase\/?s={search_term_string}"},"query-input":{"@type":"PropertyValueSpecification","valueRequired":true,"valueName":"search_term_string"}}],"inLanguage":"it-IT"},{"@type":"Person","@id":"https:\/\/www.loscrigno.it\/beautycase\/#\/schema\/person\/11eee6092821563eadc965b96ca0314d","name":"Marica","image":{"@type":"ImageObject","inLanguage":"it-IT","@id":"https:\/\/secure.gravatar.com\/avatar\/17ff8fae2051e8d0c09037bc4e9ab017ac93233f8d559691101577712100fa39?s=96&d=blank&r=g","url":"https:\/\/secure.gravatar.com\/avatar\/17ff8fae2051e8d0c09037bc4e9ab017ac93233f8d559691101577712100fa39?s=96&d=blank&r=g","contentUrl":"https:\/\/secure.gravatar.com\/avatar\/17ff8fae2051e8d0c09037bc4e9ab017ac93233f8d559691101577712100fa39?s=96&d=blank&r=g","caption":"Marica"},"description":"Appassionata di cosmesi e di tutto ci\u00f2 che \u00e8 bello. Dal 2015 vivo a cavallo tra Italia e Inghilterra e ho un'inarrestabile passione per borse e rossetti. Il super-potere che vorrei? Quello dei capelli sempre in piega! Su Instagram mi trovi come @beautycaseblog.","sameAs":["http:\/\/www.instagram.com\/beautycaseblog","http:\/\/www.facebook.com\/beautycaseblog","https:\/\/x.com\/http:\/\/www.twitter.com\/beautycaseblog"],"url":"https:\/\/www.loscrigno.it\/beautycase\/index.php\/author\/verdiana\/"}]}},"_links":{"self":[{"href":"https:\/\/www.loscrigno.it\/beautycase\/index.php\/wp-json\/wp\/v2\/posts\/15894","targetHints":{"allow":["GET"]}}],"collection":[{"href":"https:\/\/www.loscrigno.it\/beautycase\/index.php\/wp-json\/wp\/v2\/posts"}],"about":[{"href":"https:\/\/www.loscrigno.it\/beautycase\/index.php\/wp-json\/wp\/v2\/types\/post"}],"author":[{"embeddable":true,"href":"https:\/\/www.loscrigno.it\/beautycase\/index.php\/wp-json\/wp\/v2\/users\/1"}],"replies":[{"embeddable":true,"href":"https:\/\/www.loscrigno.it\/beautycase\/index.php\/wp-json\/wp\/v2\/comments?post=15894"}],"version-history":[{"count":28,"href":"https:\/\/www.loscrigno.it\/beautycase\/index.php\/wp-json\/wp\/v2\/posts\/15894\/revisions"}],"predecessor-version":[{"id":20449,"href":"https:\/\/www.loscrigno.it\/beautycase\/index.php\/wp-json\/wp\/v2\/posts\/15894\/revisions\/20449"}],"wp:featuredmedia":[{"embeddable":true,"href":"https:\/\/www.loscrigno.it\/beautycase\/index.php\/wp-json\/wp\/v2\/media\/20447"}],"wp:attachment":[{"href":"https:\/\/www.loscrigno.it\/beautycase\/index.php\/wp-json\/wp\/v2\/media?parent=15894"}],"wp:term":[{"taxonomy":"category","embeddable":true,"href":"https:\/\/www.loscrigno.it\/beautycase\/index.php\/wp-json\/wp\/v2\/categories?post=15894"},{"taxonomy":"post_tag","embeddable":true,"href":"https:\/\/www.loscrigno.it\/beautycase\/index.php\/wp-json\/wp\/v2\/tags?post=15894"},{"taxonomy":"thb-sponsors","embeddable":true,"href":"https:\/\/www.loscrigno.it\/beautycase\/index.php\/wp-json\/wp\/v2\/thb-sponsors?post=15894"}],"curies":[{"name":"wp","href":"https:\/\/api.w.org\/{rel}","templated":true}]}}