{"id":15899,"date":"2016-10-03T14:18:12","date_gmt":"2016-10-03T12:18:12","guid":{"rendered":"http:\/\/www.loscrigno.it\/beautycase\/?p=15899"},"modified":"2016-10-03T14:18:12","modified_gmt":"2016-10-03T12:18:12","slug":"calendario-dellavvento-occitane-natale-2016","status":"publish","type":"post","link":"https:\/\/www.loscrigno.it\/beautycase\/index.php\/calendario-dellavvento-occitane-natale-2016\/","title":{"rendered":"<em>L&#8217;Occitane <\/em><strong>Calendario dell&#8217;Avvento<\/strong><\/em> Natale 2016<\/em>: cosa contiene?"},"content":{"rendered":"<div class=\"wpb-content-wrapper\"><p><img loading=\"lazy\" decoding=\"async\" class=\"aligncenter size-full wp-image-15908 lazyload\" src=\"data:image\/gif;base64,R0lGODlhAQABAAAAACH5BAEKAAEALAAAAAABAAEAAAICTAEAOw==\" data-src=\"https:\/\/www.loscrigno.it\/beautycase\/wp-content\/uploads\/2016\/10\/3-Calendario-dellAvvento_LOccitane.jpg\" alt=\"L'Occitane Calendario dell'Avvento Natale 2016\" width=\"700\" height=\"467\" data-sizes=\"auto\" data-srcset=\"https:\/\/www.loscrigno.it\/beautycase\/wp-content\/uploads\/2016\/10\/3-Calendario-dellAvvento_LOccitane.jpg 700w, https:\/\/www.loscrigno.it\/beautycase\/wp-content\/uploads\/2016\/10\/3-Calendario-dellAvvento_LOccitane-232x155.jpg 232w, https:\/\/www.loscrigno.it\/beautycase\/wp-content\/uploads\/2016\/10\/3-Calendario-dellAvvento_LOccitane-600x400.jpg 600w\" sizes=\"auto, (max-width: 700px) 100vw, 700px\" \/><\/p>\n[vc_row][vc_column][vc_column_text]Il <strong>Calendario dell&#8217;Avvento L&#8217;Occitane<\/strong> ci accompagner\u00e0 anche questa volta verso la notte pi\u00f9 magica dell&#8217;anno, offrendoci ogni giorno una preziosa minitaglia: un regalo perfetto per noi stesse, per le appassionate de <strong>L&#8217;Occitane en Provence<\/strong> e per\u00a0tutte le persone che amiamo ed alle quali vogliamo aprire le porte di quel regno rilassante e profumato cui non sapremmo mai rinunciare.<\/p>\n<p>Il Calendario dell&#8217;Avvento per il <strong>Natale 2016<\/strong> \u00e8 illustrato da<strong> Kanako Kuno<\/strong>. Giapponese di nascita e parigina d&#8217;adozione, la disegnatrice di My Little Paris gioca con colori e tratti soavi, ricreando l&#8217;atmosfera festosa ed affascinante che precede il Natale ed animando un mondo fatto di personaggi laboriosi, stanze piene di petali e colorati laboratori di confezionamento regali.<\/p>\n<p><!--more--><\/p>\n<h2><em>Come e quando <\/em>acquistarlo<\/h2>\n<p>Il Calendario dell&#8217;Avvento L&#8217;Occitane Natale 2016 sar\u00e0 acquistabile a partire <strong>da fine ottobre<\/strong> negli store e sul sito ufficiale ad un prezzo pari a<strong> 45 euro<\/strong>. Per essere sicure di non restare senza \u00e8 anche possibile <strong>preordinarlo dal 16 ottobre<\/strong> su www.loccitane.it.<\/p>\n<p><img loading=\"lazy\" decoding=\"async\" class=\"aligncenter size-full wp-image-15907 lazyload\" src=\"data:image\/gif;base64,R0lGODlhAQABAAAAACH5BAEKAAEALAAAAAABAAEAAAICTAEAOw==\" data-src=\"https:\/\/www.loscrigno.it\/beautycase\/wp-content\/uploads\/2016\/10\/1-Calendario-dellAvvento_LOccitane1.jpg\" alt=\"L'Occitane Calendario dell'Avvento Natale 2016\" width=\"700\" height=\"911\" data-sizes=\"auto\" data-srcset=\"https:\/\/www.loscrigno.it\/beautycase\/wp-content\/uploads\/2016\/10\/1-Calendario-dellAvvento_LOccitane1.jpg 700w, https:\/\/www.loscrigno.it\/beautycase\/wp-content\/uploads\/2016\/10\/1-Calendario-dellAvvento_LOccitane1-192x250.jpg 192w, https:\/\/www.loscrigno.it\/beautycase\/wp-content\/uploads\/2016\/10\/1-Calendario-dellAvvento_LOccitane1-600x781.jpg 600w\" sizes=\"auto, (max-width: 700px) 100vw, 700px\" \/><\/p>\n<p>&nbsp;<\/p>\n<h2><em>Cosa contiene<\/em> il Calendario dell&#8217;Avvento L&#8217;Occitane Natale 2016<\/h2>\n<p>Se volete mantenete intatta la sorpresa e lasciarvi stupire all&#8217;apertura di ogni casellina\u00a0vi sconsiglio vivamente di proseguire con la lettura, ma se siete curiose come me e non potete fare a meno di conoscere <strong>tutti i dettagli di questa allettante novit\u00e0<\/strong>&#8230; eccovi accontentate!<\/p>\n<p><img loading=\"lazy\" decoding=\"async\" class=\"aligncenter size-full wp-image-15910 lazyload\" src=\"data:image\/gif;base64,R0lGODlhAQABAAAAACH5BAEKAAEALAAAAAABAAEAAAICTAEAOw==\" data-src=\"https:\/\/www.loscrigno.it\/beautycase\/wp-content\/uploads\/2016\/10\/5-Calendario-dellAvvento_LOccitane.jpg\" alt=\"L'Occitane Calendario dell'Avvento Natale 2016\" width=\"700\" height=\"467\" data-sizes=\"auto\" data-srcset=\"https:\/\/www.loscrigno.it\/beautycase\/wp-content\/uploads\/2016\/10\/5-Calendario-dellAvvento_LOccitane.jpg 700w, https:\/\/www.loscrigno.it\/beautycase\/wp-content\/uploads\/2016\/10\/5-Calendario-dellAvvento_LOccitane-232x155.jpg 232w, https:\/\/www.loscrigno.it\/beautycase\/wp-content\/uploads\/2016\/10\/5-Calendario-dellAvvento_LOccitane-600x400.jpg 600w\" sizes=\"auto, (max-width: 700px) 100vw, 700px\" \/><\/p>\n<p><img loading=\"lazy\" decoding=\"async\" class=\"aligncenter size-full wp-image-15909 lazyload\" src=\"data:image\/gif;base64,R0lGODlhAQABAAAAACH5BAEKAAEALAAAAAABAAEAAAICTAEAOw==\" data-src=\"https:\/\/www.loscrigno.it\/beautycase\/wp-content\/uploads\/2016\/10\/4-Calendario-dellAvvento_LOccitane.jpg\" alt=\"L'Occitane Calendario dell'Avvento Natale 2016\" width=\"700\" height=\"467\" data-sizes=\"auto\" data-srcset=\"https:\/\/www.loscrigno.it\/beautycase\/wp-content\/uploads\/2016\/10\/4-Calendario-dellAvvento_LOccitane.jpg 700w, https:\/\/www.loscrigno.it\/beautycase\/wp-content\/uploads\/2016\/10\/4-Calendario-dellAvvento_LOccitane-232x155.jpg 232w, https:\/\/www.loscrigno.it\/beautycase\/wp-content\/uploads\/2016\/10\/4-Calendario-dellAvvento_LOccitane-600x400.jpg 600w\" sizes=\"auto, (max-width: 700px) 100vw, 700px\" \/><\/p>\n<p>&nbsp;<\/p>\n[\/vc_column_text][vc_cta h2=&#8221;Spoiler!&#8221; txt_align=&#8221;center&#8221; shape=&#8221;round&#8221; color=&#8221;purple&#8221;]\n<ul>\n<li>1 Gel Doccia Rilassante Aromachologie 35ml<\/li>\n<li>1 Shampoo Riparatore Aromachologie 35ml<\/li>\n<li>1 Latte Corpo Karit\u00e9 30ml<\/li>\n<li>1 Crema Viso Ultra Riche Karit\u00e9 10ml<\/li>\n<li>1 Crema Mani \u00e0 Croquer Amande 10ml<\/li>\n<li>1 Crema Mani Pivoine 10ml<\/li>\n<li>1 Crema Doccia Karit\u00e9 30ml<\/li>\n<li>1 Latte Perl\u00e9 Fleurs de Cerisier 35ml<\/li>\n<li>1 Gel Doccia Verveine 30ml<\/li>\n<li>1 Crema Mani Rose et Reines 10ml<\/li>\n<li>1 Olio Doccia Amande 35ml<\/li>\n<li>1 Gel Doccia Th\u00e9 Vert &amp; Bigarade 30ml<\/li>\n<li>1 Gel Doccia Jasmin &amp; Bergamote 30ml<\/li>\n<li>1 Salvietta Rinfrescante Verveine<\/li>\n<li>1 Gel Doccia Fleurs De Cerisier 35ml<\/li>\n<li>1 Crema Mani Karit\u00e9 10ml<\/li>\n<li>1 Sapone Foglia Verveine 25g<\/li>\n<li>1 Eau de Toilette Fleurs de Cerisier 7,5ml<\/li>\n<li>1 Crema Mani Verveine 10ml<\/li>\n<li>1 Eau Essentielle Immortelle 30ml<\/li>\n<li>1 Crema Piedi 10ml<\/li>\n<li>1\u00a0Eau Micellaire Karit\u00e9 30ml<\/li>\n<li>1\u00a0Concentr\u00e9 de Lait Amande 20ml<\/li>\n<li>1\u00a0Savon Amande 50g<\/li>\n<\/ul>\n[\/vc_cta][\/vc_column][\/vc_row]\n<p>Cosa ne pensate?<strong> Vi piace l&#8217;idea di ricevere ogni giorno un piccolo regalo?<\/strong> Io lo trovo un modo splendido per spezzare la tensione dei momenti\u00a0no e per renderci ancora pi\u00f9 felici in quelli super s\u00ec!<\/p>\n<p>&nbsp;<\/p>\n<\/div>","protected":false},"excerpt":{"rendered":"<p>[vc_row][vc_column][vc_column_text]Il Calendario dell&#8217;Avvento L&#8217;Occitane ci accompagner\u00e0 anche questa volta verso la notte pi\u00f9 magica dell&#8217;anno, offrendoci ogni giorno una preziosa minitaglia: un regalo perfetto per noi stesse, per le appassionate de L&#8217;Occitane en Provence e per\u00a0tutte le persone che amiamo ed alle quali vogliamo aprire le porte di quel regno rilassante e profumato cui non&hellip;<\/p>\n","protected":false},"author":1,"featured_media":15912,"comment_status":"open","ping_status":"open","sticky":false,"template":"","format":"standard","meta":{"footnotes":""},"categories":[1196,27],"tags":[1392,1396],"thb-sponsors":[],"class_list":["post-15899","post","type-post","status-publish","format-standard","has-post-thumbnail","hentry","category-lusso","category-skin-care","tag-idee","tag-novita-autunno-inverno"],"featured_image_src":"https:\/\/www.loscrigno.it\/beautycase\/wp-content\/uploads\/2016\/10\/Calendario-dellAvvento_LOccitane-cop.jpg","author_info":{"display_name":"Marica","author_link":"https:\/\/www.loscrigno.it\/beautycase\/index.php\/author\/verdiana\/"},"yoast_head":"<!-- This site is optimized with the Yoast SEO plugin v27.4 - https:\/\/yoast.com\/product\/yoast-seo-wordpress\/ -->\r\n<title>L&#039;Occitane calendario dell&#039;Avvento Natale 2016: cosa contiene?<\/title>\r\n<meta name=\"robots\" content=\"index, follow, max-snippet:-1, max-image-preview:large, max-video-preview:-1\" \/>\r\n<link rel=\"canonical\" href=\"https:\/\/www.loscrigno.it\/beautycase\/index.php\/calendario-dellavvento-occitane-natale-2016\/\" \/>\r\n<meta name=\"twitter:card\" content=\"summary_large_image\" \/>\r\n<meta name=\"twitter:title\" content=\"L&#039;Occitane calendario dell&#039;Avvento Natale 2016: cosa contiene?\" \/>\r\n<meta name=\"twitter:description\" content=\"[vc_row][vc_column][vc_column_text]Il Calendario dell&#8217;Avvento L&#8217;Occitane ci accompagner\u00e0 anche questa volta verso la notte pi\u00f9 magica dell&#8217;anno, offrendoci ogni giorno una preziosa minitaglia: un regalo perfetto per noi stesse, per le appassionate de L&#8217;Occitane en Provence e per\u00a0tutte le persone che amiamo ed alle quali vogliamo aprire le porte di quel regno rilassante e profumato cui non&hellip;\" \/>\r\n<meta name=\"twitter:image\" content=\"https:\/\/www.loscrigno.it\/beautycase\/wp-content\/uploads\/2016\/10\/Calendario-dellAvvento_LOccitane-cop.jpg\" \/>\r\n<meta name=\"twitter:creator\" content=\"@http:\/\/www.twitter.com\/beautycaseblog\" \/>\r\n<meta name=\"twitter:label1\" content=\"Scritto da\" \/>\n\t<meta name=\"twitter:data1\" content=\"Marica\" \/>\n\t<meta name=\"twitter:label2\" content=\"Tempo di lettura stimato\" \/>\n\t<meta name=\"twitter:data2\" content=\"2 minuti\" \/>\r\n<script type=\"application\/ld+json\" class=\"yoast-schema-graph\">{\"@context\":\"https:\\\/\\\/schema.org\",\"@graph\":[{\"@type\":\"Article\",\"@id\":\"https:\\\/\\\/www.loscrigno.it\\\/beautycase\\\/index.php\\\/calendario-dellavvento-occitane-natale-2016\\\/#article\",\"isPartOf\":{\"@id\":\"https:\\\/\\\/www.loscrigno.it\\\/beautycase\\\/index.php\\\/calendario-dellavvento-occitane-natale-2016\\\/\"},\"author\":{\"name\":\"Marica\",\"@id\":\"https:\\\/\\\/www.loscrigno.it\\\/beautycase\\\/#\\\/schema\\\/person\\\/11eee6092821563eadc965b96ca0314d\"},\"headline\":\"L&#8217;Occitane Calendario dell&#8217;Avvento Natale 2016: cosa contiene?\",\"datePublished\":\"2016-10-03T12:18:12+00:00\",\"mainEntityOfPage\":{\"@id\":\"https:\\\/\\\/www.loscrigno.it\\\/beautycase\\\/index.php\\\/calendario-dellavvento-occitane-natale-2016\\\/\"},\"wordCount\":408,\"commentCount\":18,\"image\":{\"@id\":\"https:\\\/\\\/www.loscrigno.it\\\/beautycase\\\/index.php\\\/calendario-dellavvento-occitane-natale-2016\\\/#primaryimage\"},\"thumbnailUrl\":\"https:\\\/\\\/www.loscrigno.it\\\/beautycase\\\/wp-content\\\/uploads\\\/2016\\\/10\\\/Calendario-dellAvvento_LOccitane-cop.jpg\",\"keywords\":[\"Idee regalo Natale\",\"Novit\u00e0 autunno inverno\"],\"articleSection\":[\"Lusso\",\"Skin Care\"],\"inLanguage\":\"it-IT\",\"potentialAction\":[{\"@type\":\"CommentAction\",\"name\":\"Comment\",\"target\":[\"https:\\\/\\\/www.loscrigno.it\\\/beautycase\\\/index.php\\\/calendario-dellavvento-occitane-natale-2016\\\/#respond\"]}]},{\"@type\":\"WebPage\",\"@id\":\"https:\\\/\\\/www.loscrigno.it\\\/beautycase\\\/index.php\\\/calendario-dellavvento-occitane-natale-2016\\\/\",\"url\":\"https:\\\/\\\/www.loscrigno.it\\\/beautycase\\\/index.php\\\/calendario-dellavvento-occitane-natale-2016\\\/\",\"name\":\"L'Occitane calendario dell'Avvento Natale 2016: cosa contiene?\",\"isPartOf\":{\"@id\":\"https:\\\/\\\/www.loscrigno.it\\\/beautycase\\\/#website\"},\"primaryImageOfPage\":{\"@id\":\"https:\\\/\\\/www.loscrigno.it\\\/beautycase\\\/index.php\\\/calendario-dellavvento-occitane-natale-2016\\\/#primaryimage\"},\"image\":{\"@id\":\"https:\\\/\\\/www.loscrigno.it\\\/beautycase\\\/index.php\\\/calendario-dellavvento-occitane-natale-2016\\\/#primaryimage\"},\"thumbnailUrl\":\"https:\\\/\\\/www.loscrigno.it\\\/beautycase\\\/wp-content\\\/uploads\\\/2016\\\/10\\\/Calendario-dellAvvento_LOccitane-cop.jpg\",\"datePublished\":\"2016-10-03T12:18:12+00:00\",\"author\":{\"@id\":\"https:\\\/\\\/www.loscrigno.it\\\/beautycase\\\/#\\\/schema\\\/person\\\/11eee6092821563eadc965b96ca0314d\"},\"breadcrumb\":{\"@id\":\"https:\\\/\\\/www.loscrigno.it\\\/beautycase\\\/index.php\\\/calendario-dellavvento-occitane-natale-2016\\\/#breadcrumb\"},\"inLanguage\":\"it-IT\",\"potentialAction\":[{\"@type\":\"ReadAction\",\"target\":[\"https:\\\/\\\/www.loscrigno.it\\\/beautycase\\\/index.php\\\/calendario-dellavvento-occitane-natale-2016\\\/\"]}]},{\"@type\":\"ImageObject\",\"inLanguage\":\"it-IT\",\"@id\":\"https:\\\/\\\/www.loscrigno.it\\\/beautycase\\\/index.php\\\/calendario-dellavvento-occitane-natale-2016\\\/#primaryimage\",\"url\":\"https:\\\/\\\/www.loscrigno.it\\\/beautycase\\\/wp-content\\\/uploads\\\/2016\\\/10\\\/Calendario-dellAvvento_LOccitane-cop.jpg\",\"contentUrl\":\"https:\\\/\\\/www.loscrigno.it\\\/beautycase\\\/wp-content\\\/uploads\\\/2016\\\/10\\\/Calendario-dellAvvento_LOccitane-cop.jpg\",\"width\":600,\"height\":460,\"caption\":\"L'Occitane Calendario dell'Avvento Natale 2016\"},{\"@type\":\"BreadcrumbList\",\"@id\":\"https:\\\/\\\/www.loscrigno.it\\\/beautycase\\\/index.php\\\/calendario-dellavvento-occitane-natale-2016\\\/#breadcrumb\",\"itemListElement\":[{\"@type\":\"ListItem\",\"position\":1,\"name\":\"Home\",\"item\":\"https:\\\/\\\/www.loscrigno.it\\\/beautycase\\\/\"},{\"@type\":\"ListItem\",\"position\":2,\"name\":\"L&#8217;Occitane Calendario dell&#8217;Avvento Natale 2016: cosa contiene?\"}]},{\"@type\":\"WebSite\",\"@id\":\"https:\\\/\\\/www.loscrigno.it\\\/beautycase\\\/#website\",\"url\":\"https:\\\/\\\/www.loscrigno.it\\\/beautycase\\\/\",\"name\":\"Beauty Case Blog - Beauty blog italiano su make-up e bellezza\",\"description\":\"Beauty Case Blog \u00e8 uno dei pi\u00f9 importanti beauty blog italiani. Leggi ora tutte le novit\u00e0 del mondo beauty e scopri i miei consigli su make-up e bellezza.\",\"potentialAction\":[{\"@type\":\"SearchAction\",\"target\":{\"@type\":\"EntryPoint\",\"urlTemplate\":\"https:\\\/\\\/www.loscrigno.it\\\/beautycase\\\/?s={search_term_string}\"},\"query-input\":{\"@type\":\"PropertyValueSpecification\",\"valueRequired\":true,\"valueName\":\"search_term_string\"}}],\"inLanguage\":\"it-IT\"},{\"@type\":\"Person\",\"@id\":\"https:\\\/\\\/www.loscrigno.it\\\/beautycase\\\/#\\\/schema\\\/person\\\/11eee6092821563eadc965b96ca0314d\",\"name\":\"Marica\",\"image\":{\"@type\":\"ImageObject\",\"inLanguage\":\"it-IT\",\"@id\":\"https:\\\/\\\/secure.gravatar.com\\\/avatar\\\/17ff8fae2051e8d0c09037bc4e9ab017ac93233f8d559691101577712100fa39?s=96&d=blank&r=g\",\"url\":\"https:\\\/\\\/secure.gravatar.com\\\/avatar\\\/17ff8fae2051e8d0c09037bc4e9ab017ac93233f8d559691101577712100fa39?s=96&d=blank&r=g\",\"contentUrl\":\"https:\\\/\\\/secure.gravatar.com\\\/avatar\\\/17ff8fae2051e8d0c09037bc4e9ab017ac93233f8d559691101577712100fa39?s=96&d=blank&r=g\",\"caption\":\"Marica\"},\"description\":\"Appassionata di cosmesi e di tutto ci\u00f2 che \u00e8 bello. Dal 2015 vivo a cavallo tra Italia e Inghilterra e ho un'inarrestabile passione per borse e rossetti. Il super-potere che vorrei? Quello dei capelli sempre in piega! Su Instagram mi trovi come @beautycaseblog.\",\"sameAs\":[\"http:\\\/\\\/www.instagram.com\\\/beautycaseblog\",\"http:\\\/\\\/www.facebook.com\\\/beautycaseblog\",\"https:\\\/\\\/x.com\\\/http:\\\/\\\/www.twitter.com\\\/beautycaseblog\"],\"url\":\"https:\\\/\\\/www.loscrigno.it\\\/beautycase\\\/index.php\\\/author\\\/verdiana\\\/\"}]}<\/script>\r\n<!-- \/ Yoast SEO plugin. -->","yoast_head_json":{"title":"L'Occitane calendario dell'Avvento Natale 2016: cosa contiene?","robots":{"index":"index","follow":"follow","max-snippet":"max-snippet:-1","max-image-preview":"max-image-preview:large","max-video-preview":"max-video-preview:-1"},"canonical":"https:\/\/www.loscrigno.it\/beautycase\/index.php\/calendario-dellavvento-occitane-natale-2016\/","twitter_card":"summary_large_image","twitter_title":"L'Occitane calendario dell'Avvento Natale 2016: cosa contiene?","twitter_description":"[vc_row][vc_column][vc_column_text]Il Calendario dell&#8217;Avvento L&#8217;Occitane ci accompagner\u00e0 anche questa volta verso la notte pi\u00f9 magica dell&#8217;anno, offrendoci ogni giorno una preziosa minitaglia: un regalo perfetto per noi stesse, per le appassionate de L&#8217;Occitane en Provence e per\u00a0tutte le persone che amiamo ed alle quali vogliamo aprire le porte di quel regno rilassante e profumato cui non&hellip;","twitter_image":"https:\/\/www.loscrigno.it\/beautycase\/wp-content\/uploads\/2016\/10\/Calendario-dellAvvento_LOccitane-cop.jpg","twitter_creator":"@http:\/\/www.twitter.com\/beautycaseblog","twitter_misc":{"Scritto da":"Marica","Tempo di lettura stimato":"2 minuti"},"schema":{"@context":"https:\/\/schema.org","@graph":[{"@type":"Article","@id":"https:\/\/www.loscrigno.it\/beautycase\/index.php\/calendario-dellavvento-occitane-natale-2016\/#article","isPartOf":{"@id":"https:\/\/www.loscrigno.it\/beautycase\/index.php\/calendario-dellavvento-occitane-natale-2016\/"},"author":{"name":"Marica","@id":"https:\/\/www.loscrigno.it\/beautycase\/#\/schema\/person\/11eee6092821563eadc965b96ca0314d"},"headline":"L&#8217;Occitane Calendario dell&#8217;Avvento Natale 2016: cosa contiene?","datePublished":"2016-10-03T12:18:12+00:00","mainEntityOfPage":{"@id":"https:\/\/www.loscrigno.it\/beautycase\/index.php\/calendario-dellavvento-occitane-natale-2016\/"},"wordCount":408,"commentCount":18,"image":{"@id":"https:\/\/www.loscrigno.it\/beautycase\/index.php\/calendario-dellavvento-occitane-natale-2016\/#primaryimage"},"thumbnailUrl":"https:\/\/www.loscrigno.it\/beautycase\/wp-content\/uploads\/2016\/10\/Calendario-dellAvvento_LOccitane-cop.jpg","keywords":["Idee regalo Natale","Novit\u00e0 autunno inverno"],"articleSection":["Lusso","Skin Care"],"inLanguage":"it-IT","potentialAction":[{"@type":"CommentAction","name":"Comment","target":["https:\/\/www.loscrigno.it\/beautycase\/index.php\/calendario-dellavvento-occitane-natale-2016\/#respond"]}]},{"@type":"WebPage","@id":"https:\/\/www.loscrigno.it\/beautycase\/index.php\/calendario-dellavvento-occitane-natale-2016\/","url":"https:\/\/www.loscrigno.it\/beautycase\/index.php\/calendario-dellavvento-occitane-natale-2016\/","name":"L'Occitane calendario dell'Avvento Natale 2016: cosa contiene?","isPartOf":{"@id":"https:\/\/www.loscrigno.it\/beautycase\/#website"},"primaryImageOfPage":{"@id":"https:\/\/www.loscrigno.it\/beautycase\/index.php\/calendario-dellavvento-occitane-natale-2016\/#primaryimage"},"image":{"@id":"https:\/\/www.loscrigno.it\/beautycase\/index.php\/calendario-dellavvento-occitane-natale-2016\/#primaryimage"},"thumbnailUrl":"https:\/\/www.loscrigno.it\/beautycase\/wp-content\/uploads\/2016\/10\/Calendario-dellAvvento_LOccitane-cop.jpg","datePublished":"2016-10-03T12:18:12+00:00","author":{"@id":"https:\/\/www.loscrigno.it\/beautycase\/#\/schema\/person\/11eee6092821563eadc965b96ca0314d"},"breadcrumb":{"@id":"https:\/\/www.loscrigno.it\/beautycase\/index.php\/calendario-dellavvento-occitane-natale-2016\/#breadcrumb"},"inLanguage":"it-IT","potentialAction":[{"@type":"ReadAction","target":["https:\/\/www.loscrigno.it\/beautycase\/index.php\/calendario-dellavvento-occitane-natale-2016\/"]}]},{"@type":"ImageObject","inLanguage":"it-IT","@id":"https:\/\/www.loscrigno.it\/beautycase\/index.php\/calendario-dellavvento-occitane-natale-2016\/#primaryimage","url":"https:\/\/www.loscrigno.it\/beautycase\/wp-content\/uploads\/2016\/10\/Calendario-dellAvvento_LOccitane-cop.jpg","contentUrl":"https:\/\/www.loscrigno.it\/beautycase\/wp-content\/uploads\/2016\/10\/Calendario-dellAvvento_LOccitane-cop.jpg","width":600,"height":460,"caption":"L'Occitane Calendario dell'Avvento Natale 2016"},{"@type":"BreadcrumbList","@id":"https:\/\/www.loscrigno.it\/beautycase\/index.php\/calendario-dellavvento-occitane-natale-2016\/#breadcrumb","itemListElement":[{"@type":"ListItem","position":1,"name":"Home","item":"https:\/\/www.loscrigno.it\/beautycase\/"},{"@type":"ListItem","position":2,"name":"L&#8217;Occitane Calendario dell&#8217;Avvento Natale 2016: cosa contiene?"}]},{"@type":"WebSite","@id":"https:\/\/www.loscrigno.it\/beautycase\/#website","url":"https:\/\/www.loscrigno.it\/beautycase\/","name":"Beauty Case Blog - Beauty blog italiano su make-up e bellezza","description":"Beauty Case Blog \u00e8 uno dei pi\u00f9 importanti beauty blog italiani. Leggi ora tutte le novit\u00e0 del mondo beauty e scopri i miei consigli su make-up e bellezza.","potentialAction":[{"@type":"SearchAction","target":{"@type":"EntryPoint","urlTemplate":"https:\/\/www.loscrigno.it\/beautycase\/?s={search_term_string}"},"query-input":{"@type":"PropertyValueSpecification","valueRequired":true,"valueName":"search_term_string"}}],"inLanguage":"it-IT"},{"@type":"Person","@id":"https:\/\/www.loscrigno.it\/beautycase\/#\/schema\/person\/11eee6092821563eadc965b96ca0314d","name":"Marica","image":{"@type":"ImageObject","inLanguage":"it-IT","@id":"https:\/\/secure.gravatar.com\/avatar\/17ff8fae2051e8d0c09037bc4e9ab017ac93233f8d559691101577712100fa39?s=96&d=blank&r=g","url":"https:\/\/secure.gravatar.com\/avatar\/17ff8fae2051e8d0c09037bc4e9ab017ac93233f8d559691101577712100fa39?s=96&d=blank&r=g","contentUrl":"https:\/\/secure.gravatar.com\/avatar\/17ff8fae2051e8d0c09037bc4e9ab017ac93233f8d559691101577712100fa39?s=96&d=blank&r=g","caption":"Marica"},"description":"Appassionata di cosmesi e di tutto ci\u00f2 che \u00e8 bello. Dal 2015 vivo a cavallo tra Italia e Inghilterra e ho un'inarrestabile passione per borse e rossetti. Il super-potere che vorrei? Quello dei capelli sempre in piega! Su Instagram mi trovi come @beautycaseblog.","sameAs":["http:\/\/www.instagram.com\/beautycaseblog","http:\/\/www.facebook.com\/beautycaseblog","https:\/\/x.com\/http:\/\/www.twitter.com\/beautycaseblog"],"url":"https:\/\/www.loscrigno.it\/beautycase\/index.php\/author\/verdiana\/"}]}},"_links":{"self":[{"href":"https:\/\/www.loscrigno.it\/beautycase\/index.php\/wp-json\/wp\/v2\/posts\/15899","targetHints":{"allow":["GET"]}}],"collection":[{"href":"https:\/\/www.loscrigno.it\/beautycase\/index.php\/wp-json\/wp\/v2\/posts"}],"about":[{"href":"https:\/\/www.loscrigno.it\/beautycase\/index.php\/wp-json\/wp\/v2\/types\/post"}],"author":[{"embeddable":true,"href":"https:\/\/www.loscrigno.it\/beautycase\/index.php\/wp-json\/wp\/v2\/users\/1"}],"replies":[{"embeddable":true,"href":"https:\/\/www.loscrigno.it\/beautycase\/index.php\/wp-json\/wp\/v2\/comments?post=15899"}],"version-history":[{"count":13,"href":"https:\/\/www.loscrigno.it\/beautycase\/index.php\/wp-json\/wp\/v2\/posts\/15899\/revisions"}],"predecessor-version":[{"id":15918,"href":"https:\/\/www.loscrigno.it\/beautycase\/index.php\/wp-json\/wp\/v2\/posts\/15899\/revisions\/15918"}],"wp:featuredmedia":[{"embeddable":true,"href":"https:\/\/www.loscrigno.it\/beautycase\/index.php\/wp-json\/wp\/v2\/media\/15912"}],"wp:attachment":[{"href":"https:\/\/www.loscrigno.it\/beautycase\/index.php\/wp-json\/wp\/v2\/media?parent=15899"}],"wp:term":[{"taxonomy":"category","embeddable":true,"href":"https:\/\/www.loscrigno.it\/beautycase\/index.php\/wp-json\/wp\/v2\/categories?post=15899"},{"taxonomy":"post_tag","embeddable":true,"href":"https:\/\/www.loscrigno.it\/beautycase\/index.php\/wp-json\/wp\/v2\/tags?post=15899"},{"taxonomy":"thb-sponsors","embeddable":true,"href":"https:\/\/www.loscrigno.it\/beautycase\/index.php\/wp-json\/wp\/v2\/thb-sponsors?post=15899"}],"curies":[{"name":"wp","href":"https:\/\/api.w.org\/{rel}","templated":true}]}}