{"id":17643,"date":"2017-08-22T15:47:08","date_gmt":"2017-08-22T13:47:08","guid":{"rendered":"http:\/\/www.loscrigno.it\/beautycase\/?p=17643"},"modified":"2017-10-10T23:37:06","modified_gmt":"2017-10-10T21:37:06","slug":"marc-jacobs-beauty-palette-makeup-autunno-2017","status":"publish","type":"post","link":"https:\/\/www.loscrigno.it\/beautycase\/index.php\/marc-jacobs-beauty-palette-makeup-autunno-2017\/","title":{"rendered":"Scopri la collezione <em>Autunno 2017<\/em> di <strong><em>Marc Jacobs Beauty<\/em><\/strong>"},"content":{"rendered":"<p><img loading=\"lazy\" decoding=\"async\" class=\"aligncenter size-full wp-image-17657 lazyload\" src=\"data:image\/gif;base64,R0lGODlhAQABAAAAACH5BAEKAAEALAAAAAABAAEAAAICTAEAOw==\" data-src=\"https:\/\/www.loscrigno.it\/beautycase\/wp-content\/uploads\/2017\/08\/Marc-Jacobs-Beauty-Autunno-2017.jpg\" alt=\"Marc Jacobs Beauty Autunno 2017\" width=\"700\" height=\"500\" data-sizes=\"auto\" data-srcset=\"https:\/\/www.loscrigno.it\/beautycase\/wp-content\/uploads\/2017\/08\/Marc-Jacobs-Beauty-Autunno-2017.jpg 700w, https:\/\/www.loscrigno.it\/beautycase\/wp-content\/uploads\/2017\/08\/Marc-Jacobs-Beauty-Autunno-2017-232x166.jpg 232w, https:\/\/www.loscrigno.it\/beautycase\/wp-content\/uploads\/2017\/08\/Marc-Jacobs-Beauty-Autunno-2017-600x429.jpg 600w\" sizes=\"auto, (max-width: 700px) 100vw, 700px\" \/><\/p>\n<p>Quante parole possono essere sottese da un solo rapido sguardo? Secondo <strong>Marc Jacobs<\/strong> moltissime, pi\u00f9 di quante potremmo immaginare. Gli occhi sono la parte pi\u00f9 espressiva del viso di una donna, sostiene lo stilista statunitense, ne esprimono la personalit\u00e0 ed i pensieri e stimolano la fantasia altrui.<\/p>\n<p>Non stupisce allora come la nuova<strong> collezione Autunno 2017<\/strong> di <strong>Marc Jacobs Beauty<\/strong> sposi l&#8217;obiettivo di enfatizzare questa naturale propensione, proponendo una serie di 5 <strong>palette di ombretti eye-conic<\/strong>, una base occhi alla noce di cocco e due pennelli appositamente studiati per applicare e sfumare le polveri.<\/p>\n<p><!--more--><\/p>\n<h2>Marc Jacobs beauty <em><strong>palette<\/strong> <\/em>di ombretti <em><strong>eye-conic<\/strong><\/em><\/h2>\n<p>Le 5 nuove palette di ombretti eye conic (46,50 euro) proposte da Marc Jacobs Beauty per l&#8217;autunno 2017 contengono ciascuna <strong>7 ombretti di ultima generazione<\/strong>, dalla <strong>formula long lasting<\/strong>, con un&#8217;elevata percentuale di pigmenti e capaci di garantire una resa impeccabile per tutta la giornata.<\/p>\n<p>Le tonalit\u00e0 variano dalle pi\u00f9 classiche a quelle pi\u00f9 originali, suddividendosi tra le <strong>quattro texture<\/strong>: vellutata, opaca, satinata e shimmer.<\/p>\n<p>Menzione d&#8217;onore per la confezione nera e lucidissima, che trasforma questi cosmetici in veri e propri oggetti da esporre sulla nostra make up table.<\/p>\n<p><img loading=\"lazy\" decoding=\"async\" class=\"aligncenter size-full wp-image-17655 lazyload\" src=\"data:image\/gif;base64,R0lGODlhAQABAAAAACH5BAEKAAEALAAAAAABAAEAAAICTAEAOw==\" data-src=\"https:\/\/www.loscrigno.it\/beautycase\/wp-content\/uploads\/2017\/08\/Marc-Jacobs-Beauty-Palette-Eye-Conic.jpg\" alt=\"Marc Jacobs Beauty Palette Eye Conic autunno 2017\" width=\"700\" height=\"1090\" data-sizes=\"auto\" data-srcset=\"https:\/\/www.loscrigno.it\/beautycase\/wp-content\/uploads\/2017\/08\/Marc-Jacobs-Beauty-Palette-Eye-Conic.jpg 700w, https:\/\/www.loscrigno.it\/beautycase\/wp-content\/uploads\/2017\/08\/Marc-Jacobs-Beauty-Palette-Eye-Conic-161x250.jpg 161w, https:\/\/www.loscrigno.it\/beautycase\/wp-content\/uploads\/2017\/08\/Marc-Jacobs-Beauty-Palette-Eye-Conic-600x934.jpg 600w, https:\/\/www.loscrigno.it\/beautycase\/wp-content\/uploads\/2017\/08\/Marc-Jacobs-Beauty-Palette-Eye-Conic-658x1024.jpg 658w\" sizes=\"auto, (max-width: 700px) 100vw, 700px\" \/><\/p>\n<h2>Primer occhi <em><strong>Under(cover)<\/strong><\/em> alla noce di cocco<\/h2>\n<p>Per rendere la durata e la resa degli ombretti ancora pi\u00f9 estrema Marc Jacobs ha ideato una <strong>base occhi cremosa<\/strong> (29, 50), ricca di silicio e di polimeri gel oltre che arricchita di estratti di noce di cocco e di amaranto. Il risultato sono <strong>colori ancora pi\u00f9 intensi<\/strong> e una <strong>tenuta super<\/strong> anche in situazioni estreme.<\/p>\n<p><img loading=\"lazy\" decoding=\"async\" class=\"aligncenter size-full wp-image-17654 lazyload\" src=\"data:image\/gif;base64,R0lGODlhAQABAAAAACH5BAEKAAEALAAAAAABAAEAAAICTAEAOw==\" data-src=\"https:\/\/www.loscrigno.it\/beautycase\/wp-content\/uploads\/2017\/08\/Marc-Jacobs-Beauty-eye-primer-Undercover.jpg\" alt=\"Marc Jacobs Beauty eye primer Undercover Autunno 2017\" width=\"700\" height=\"510\" data-sizes=\"auto\" data-srcset=\"https:\/\/www.loscrigno.it\/beautycase\/wp-content\/uploads\/2017\/08\/Marc-Jacobs-Beauty-eye-primer-Undercover.jpg 700w, https:\/\/www.loscrigno.it\/beautycase\/wp-content\/uploads\/2017\/08\/Marc-Jacobs-Beauty-eye-primer-Undercover-232x169.jpg 232w, https:\/\/www.loscrigno.it\/beautycase\/wp-content\/uploads\/2017\/08\/Marc-Jacobs-Beauty-eye-primer-Undercover-600x437.jpg 600w\" sizes=\"auto, (max-width: 700px) 100vw, 700px\" \/><\/p>\n<h2><em><strong>Pennelli<\/strong> <\/em>The shadows e The crease<\/h2>\n<p>Avere ombretti di qualit\u00e0 non \u00e8 sufficiente: per ottenere un risultato ottimale \u00e8 importante scegliere <strong>gli strumenti giusti per l&#8217;applicazione<\/strong>. Lo sostiene (anche) Marc Jacobs, che ha lavorato a due nuovi pennelli appositamente studiati per enfatizzare le caratteristiche degli ombretti delle sue palette e delle <strong><a href=\"https:\/\/www.loscrigno.it\/beautycase\/index.php\/marc-jacobs-matita-occhi-opaca-matte-highliner-opinioni\/\">matite gel occhi\u00a0Highliner<\/a><\/strong>.<\/p>\n<p>Il <strong>pennello The Shadows<\/strong> (34 euro) deve essere utilizzato per stendere l&#8217;ombretto sulla palpebra mobile, mentre il <strong>pennello The Crease<\/strong> (34 euro) sottolinea la piega dell&#8217;occhio dando tridimensionalit\u00e0 e completando il look.<\/p>\n<h2><img loading=\"lazy\" decoding=\"async\" class=\"aligncenter size-full wp-image-17656 lazyload\" src=\"data:image\/gif;base64,R0lGODlhAQABAAAAACH5BAEKAAEALAAAAAABAAEAAAICTAEAOw==\" data-src=\"https:\/\/www.loscrigno.it\/beautycase\/wp-content\/uploads\/2017\/08\/Marc-Jacobs-beauty-pennelli-shadow-crease.jpg\" alt=\"Marc Jacobs beauty pennelli shadow crease autunno 2017\" width=\"700\" height=\"567\" data-sizes=\"auto\" data-srcset=\"https:\/\/www.loscrigno.it\/beautycase\/wp-content\/uploads\/2017\/08\/Marc-Jacobs-beauty-pennelli-shadow-crease.jpg 700w, https:\/\/www.loscrigno.it\/beautycase\/wp-content\/uploads\/2017\/08\/Marc-Jacobs-beauty-pennelli-shadow-crease-232x188.jpg 232w, https:\/\/www.loscrigno.it\/beautycase\/wp-content\/uploads\/2017\/08\/Marc-Jacobs-beauty-pennelli-shadow-crease-600x486.jpg 600w\" sizes=\"auto, (max-width: 700px) 100vw, 700px\" \/>Dove trovare le <em><strong>palette Marc Jacobs Beauty<\/strong><\/em><\/h2>\n<p>La collezione Autunno 2017 di Marc Jacobs Beauty sar\u00e0 come sempre disponibile in esclusiva presso gli store <strong>Sephora<\/strong> e sul sito<strong> sephora.it<\/strong> a partire da<strong> fine agosto 2017<\/strong>.<\/p>\n<p><img loading=\"lazy\" decoding=\"async\" class=\"aligncenter size-full wp-image-17660 lazyload\" src=\"data:image\/gif;base64,R0lGODlhAQABAAAAACH5BAEKAAEALAAAAAABAAEAAAICTAEAOw==\" data-src=\"https:\/\/www.loscrigno.it\/beautycase\/wp-content\/uploads\/2017\/08\/Marc-Jacobs-Beauty-Autunno-2017-2.jpg\" alt=\"\" width=\"700\" height=\"567\" data-sizes=\"auto\" data-srcset=\"https:\/\/www.loscrigno.it\/beautycase\/wp-content\/uploads\/2017\/08\/Marc-Jacobs-Beauty-Autunno-2017-2.jpg 700w, https:\/\/www.loscrigno.it\/beautycase\/wp-content\/uploads\/2017\/08\/Marc-Jacobs-Beauty-Autunno-2017-2-232x188.jpg 232w, https:\/\/www.loscrigno.it\/beautycase\/wp-content\/uploads\/2017\/08\/Marc-Jacobs-Beauty-Autunno-2017-2-600x486.jpg 600w\" sizes=\"auto, (max-width: 700px) 100vw, 700px\" \/><\/p>\n<p><strong>Qual \u00e8 la vostra palette preferita?<\/strong> Io amo molto gli ombretti e lo stile Marc Jacobs, ma ho l&#8217;impressione che quest&#8217;anno ci sia stata una grande propensione per i toni caldi a discapito di quelli freddi. In attesa di un&#8217;inversione di tendenza credo di propendere per <strong>Smartorial<\/strong> e <strong>Provocouture<\/strong>.<\/p>\n<p>Siete d&#8217;accordo con me? <strong>Fatemi sapere cosa ne pensate in un commento qui sotto<\/strong> e ricordatevi di<strong> iscrivervi alla newsletter<\/strong> per non perdere nessuna novit\u00e0 cosmetica: trovate il box di iscrizione al fondo dell&#8217;home page!<\/p>\n<p style=\"text-align: center;\"><em><strong>Potrebbe interessarti anche:\u00a0<\/strong><\/em><strong><a href=\"https:\/\/www.loscrigno.it\/beautycase\/index.php\/toofaced-autunno-2017-novita-trucco\/\">Novit\u00e0 Too Faced per l&#8217;autunno 2017<\/a><\/strong><\/p>\n<p>&nbsp;<\/p>\n","protected":false},"excerpt":{"rendered":"<p>Quante parole possono essere sottese da un solo rapido sguardo? Secondo Marc Jacobs moltissime, pi\u00f9 di quante potremmo immaginare. Gli occhi sono la parte pi\u00f9 espressiva del viso di una donna, sostiene lo stilista statunitense, ne esprimono la personalit\u00e0 ed i pensieri e stimolano la fantasia altrui. Non stupisce allora come la nuova collezione Autunno&hellip;<\/p>\n","protected":false},"author":1,"featured_media":17658,"comment_status":"open","ping_status":"open","sticky":false,"template":"","format":"standard","meta":{"footnotes":""},"categories":[1196,43],"tags":[1396,1401],"thb-sponsors":[],"class_list":["post-17643","post","type-post","status-publish","format-standard","has-post-thumbnail","hentry","category-lusso","category-make-up","tag-novita-autunno-inverno","tag-novita-autunno-inverno-2017-2018"],"featured_image_src":"https:\/\/www.loscrigno.it\/beautycase\/wp-content\/uploads\/2017\/08\/Marc-Jacobs-Beauty-Autunno-2017-cop.jpg","author_info":{"display_name":"Marica","author_link":"https:\/\/www.loscrigno.it\/beautycase\/index.php\/author\/verdiana\/"},"yoast_head":"<!-- This site is optimized with the Yoast SEO plugin v27.5 - https:\/\/yoast.com\/product\/yoast-seo-wordpress\/ -->\r\n<title>Scopri la collezione Marc Jacobs Beauty Autunno 2017<\/title>\r\n<meta name=\"description\" content=\"L&#039;autunno 2017 di Marc Jacobs Beauty si concentra sullo sguardo e propone 5 palette di ombretti eye-conic, un primer occhi e due pennelli: scoprili tutti!\" \/>\r\n<meta name=\"robots\" content=\"index, follow, max-snippet:-1, max-image-preview:large, max-video-preview:-1\" \/>\r\n<link rel=\"canonical\" href=\"https:\/\/www.loscrigno.it\/beautycase\/index.php\/marc-jacobs-beauty-palette-makeup-autunno-2017\/\" \/>\r\n<meta name=\"twitter:card\" content=\"summary_large_image\" \/>\r\n<meta name=\"twitter:title\" content=\"Scopri la collezione Marc Jacobs Beauty Autunno 2017\" \/>\r\n<meta name=\"twitter:description\" content=\"L&#039;autunno 2017 di Marc Jacobs Beauty si concentra sullo sguardo e propone 5 palette di ombretti eye-conic, un primer occhi e due pennelli: scoprili tutti!\" \/>\r\n<meta name=\"twitter:image\" content=\"https:\/\/www.loscrigno.it\/beautycase\/wp-content\/uploads\/2017\/08\/Marc-Jacobs-Beauty-Autunno-2017-cop.jpg\" \/>\r\n<meta name=\"twitter:creator\" content=\"@http:\/\/www.twitter.com\/beautycaseblog\" \/>\r\n<meta name=\"twitter:label1\" content=\"Scritto da\" \/>\n\t<meta name=\"twitter:data1\" content=\"Marica\" \/>\n\t<meta name=\"twitter:label2\" content=\"Tempo di lettura stimato\" \/>\n\t<meta name=\"twitter:data2\" content=\"2 minuti\" \/>\r\n<script type=\"application\/ld+json\" class=\"yoast-schema-graph\">{\"@context\":\"https:\\\/\\\/schema.org\",\"@graph\":[{\"@type\":\"Article\",\"@id\":\"https:\\\/\\\/www.loscrigno.it\\\/beautycase\\\/index.php\\\/marc-jacobs-beauty-palette-makeup-autunno-2017\\\/#article\",\"isPartOf\":{\"@id\":\"https:\\\/\\\/www.loscrigno.it\\\/beautycase\\\/index.php\\\/marc-jacobs-beauty-palette-makeup-autunno-2017\\\/\"},\"author\":{\"name\":\"Marica\",\"@id\":\"https:\\\/\\\/www.loscrigno.it\\\/beautycase\\\/#\\\/schema\\\/person\\\/11eee6092821563eadc965b96ca0314d\"},\"headline\":\"Scopri la collezione Autunno 2017 di Marc Jacobs Beauty\",\"datePublished\":\"2017-08-22T13:47:08+00:00\",\"dateModified\":\"2017-10-10T21:37:06+00:00\",\"mainEntityOfPage\":{\"@id\":\"https:\\\/\\\/www.loscrigno.it\\\/beautycase\\\/index.php\\\/marc-jacobs-beauty-palette-makeup-autunno-2017\\\/\"},\"wordCount\":476,\"commentCount\":0,\"image\":{\"@id\":\"https:\\\/\\\/www.loscrigno.it\\\/beautycase\\\/index.php\\\/marc-jacobs-beauty-palette-makeup-autunno-2017\\\/#primaryimage\"},\"thumbnailUrl\":\"https:\\\/\\\/www.loscrigno.it\\\/beautycase\\\/wp-content\\\/uploads\\\/2017\\\/08\\\/Marc-Jacobs-Beauty-Autunno-2017-cop.jpg\",\"keywords\":[\"Novit\u00e0 autunno inverno\",\"Novit\u00e0 autunno inverno 2017-2018\"],\"articleSection\":[\"Lusso\",\"Make-up\"],\"inLanguage\":\"it-IT\",\"potentialAction\":[{\"@type\":\"CommentAction\",\"name\":\"Comment\",\"target\":[\"https:\\\/\\\/www.loscrigno.it\\\/beautycase\\\/index.php\\\/marc-jacobs-beauty-palette-makeup-autunno-2017\\\/#respond\"]}]},{\"@type\":\"WebPage\",\"@id\":\"https:\\\/\\\/www.loscrigno.it\\\/beautycase\\\/index.php\\\/marc-jacobs-beauty-palette-makeup-autunno-2017\\\/\",\"url\":\"https:\\\/\\\/www.loscrigno.it\\\/beautycase\\\/index.php\\\/marc-jacobs-beauty-palette-makeup-autunno-2017\\\/\",\"name\":\"Scopri la collezione Marc Jacobs Beauty Autunno 2017\",\"isPartOf\":{\"@id\":\"https:\\\/\\\/www.loscrigno.it\\\/beautycase\\\/#website\"},\"primaryImageOfPage\":{\"@id\":\"https:\\\/\\\/www.loscrigno.it\\\/beautycase\\\/index.php\\\/marc-jacobs-beauty-palette-makeup-autunno-2017\\\/#primaryimage\"},\"image\":{\"@id\":\"https:\\\/\\\/www.loscrigno.it\\\/beautycase\\\/index.php\\\/marc-jacobs-beauty-palette-makeup-autunno-2017\\\/#primaryimage\"},\"thumbnailUrl\":\"https:\\\/\\\/www.loscrigno.it\\\/beautycase\\\/wp-content\\\/uploads\\\/2017\\\/08\\\/Marc-Jacobs-Beauty-Autunno-2017-cop.jpg\",\"datePublished\":\"2017-08-22T13:47:08+00:00\",\"dateModified\":\"2017-10-10T21:37:06+00:00\",\"author\":{\"@id\":\"https:\\\/\\\/www.loscrigno.it\\\/beautycase\\\/#\\\/schema\\\/person\\\/11eee6092821563eadc965b96ca0314d\"},\"description\":\"L'autunno 2017 di Marc Jacobs Beauty si concentra sullo sguardo e propone 5 palette di ombretti eye-conic, un primer occhi e due pennelli: scoprili tutti!\",\"breadcrumb\":{\"@id\":\"https:\\\/\\\/www.loscrigno.it\\\/beautycase\\\/index.php\\\/marc-jacobs-beauty-palette-makeup-autunno-2017\\\/#breadcrumb\"},\"inLanguage\":\"it-IT\",\"potentialAction\":[{\"@type\":\"ReadAction\",\"target\":[\"https:\\\/\\\/www.loscrigno.it\\\/beautycase\\\/index.php\\\/marc-jacobs-beauty-palette-makeup-autunno-2017\\\/\"]}]},{\"@type\":\"ImageObject\",\"inLanguage\":\"it-IT\",\"@id\":\"https:\\\/\\\/www.loscrigno.it\\\/beautycase\\\/index.php\\\/marc-jacobs-beauty-palette-makeup-autunno-2017\\\/#primaryimage\",\"url\":\"https:\\\/\\\/www.loscrigno.it\\\/beautycase\\\/wp-content\\\/uploads\\\/2017\\\/08\\\/Marc-Jacobs-Beauty-Autunno-2017-cop.jpg\",\"contentUrl\":\"https:\\\/\\\/www.loscrigno.it\\\/beautycase\\\/wp-content\\\/uploads\\\/2017\\\/08\\\/Marc-Jacobs-Beauty-Autunno-2017-cop.jpg\",\"width\":600,\"height\":460,\"caption\":\"Marc Jacobs Beauty Autunno 2017\"},{\"@type\":\"BreadcrumbList\",\"@id\":\"https:\\\/\\\/www.loscrigno.it\\\/beautycase\\\/index.php\\\/marc-jacobs-beauty-palette-makeup-autunno-2017\\\/#breadcrumb\",\"itemListElement\":[{\"@type\":\"ListItem\",\"position\":1,\"name\":\"Home\",\"item\":\"https:\\\/\\\/www.loscrigno.it\\\/beautycase\\\/\"},{\"@type\":\"ListItem\",\"position\":2,\"name\":\"Scopri la collezione Autunno 2017 di Marc Jacobs Beauty\"}]},{\"@type\":\"WebSite\",\"@id\":\"https:\\\/\\\/www.loscrigno.it\\\/beautycase\\\/#website\",\"url\":\"https:\\\/\\\/www.loscrigno.it\\\/beautycase\\\/\",\"name\":\"Beauty Case Blog - Beauty blog italiano su make-up e bellezza\",\"description\":\"Beauty Case Blog \u00e8 uno dei pi\u00f9 importanti beauty blog italiani. Leggi ora tutte le novit\u00e0 del mondo beauty e scopri i miei consigli su make-up e bellezza.\",\"potentialAction\":[{\"@type\":\"SearchAction\",\"target\":{\"@type\":\"EntryPoint\",\"urlTemplate\":\"https:\\\/\\\/www.loscrigno.it\\\/beautycase\\\/?s={search_term_string}\"},\"query-input\":{\"@type\":\"PropertyValueSpecification\",\"valueRequired\":true,\"valueName\":\"search_term_string\"}}],\"inLanguage\":\"it-IT\"},{\"@type\":\"Person\",\"@id\":\"https:\\\/\\\/www.loscrigno.it\\\/beautycase\\\/#\\\/schema\\\/person\\\/11eee6092821563eadc965b96ca0314d\",\"name\":\"Marica\",\"image\":{\"@type\":\"ImageObject\",\"inLanguage\":\"it-IT\",\"@id\":\"https:\\\/\\\/secure.gravatar.com\\\/avatar\\\/17ff8fae2051e8d0c09037bc4e9ab017ac93233f8d559691101577712100fa39?s=96&d=blank&r=g\",\"url\":\"https:\\\/\\\/secure.gravatar.com\\\/avatar\\\/17ff8fae2051e8d0c09037bc4e9ab017ac93233f8d559691101577712100fa39?s=96&d=blank&r=g\",\"contentUrl\":\"https:\\\/\\\/secure.gravatar.com\\\/avatar\\\/17ff8fae2051e8d0c09037bc4e9ab017ac93233f8d559691101577712100fa39?s=96&d=blank&r=g\",\"caption\":\"Marica\"},\"description\":\"Appassionata di cosmesi e di tutto ci\u00f2 che \u00e8 bello. Dal 2015 vivo a cavallo tra Italia e Inghilterra e ho un'inarrestabile passione per borse e rossetti. Il super-potere che vorrei? Quello dei capelli sempre in piega! Su Instagram mi trovi come @beautycaseblog.\",\"sameAs\":[\"http:\\\/\\\/www.instagram.com\\\/beautycaseblog\",\"http:\\\/\\\/www.facebook.com\\\/beautycaseblog\",\"https:\\\/\\\/x.com\\\/http:\\\/\\\/www.twitter.com\\\/beautycaseblog\"],\"url\":\"https:\\\/\\\/www.loscrigno.it\\\/beautycase\\\/index.php\\\/author\\\/verdiana\\\/\"}]}<\/script>\r\n<!-- \/ Yoast SEO plugin. -->","yoast_head_json":{"title":"Scopri la collezione Marc Jacobs Beauty Autunno 2017","description":"L'autunno 2017 di Marc Jacobs Beauty si concentra sullo sguardo e propone 5 palette di ombretti eye-conic, un primer occhi e due pennelli: scoprili tutti!","robots":{"index":"index","follow":"follow","max-snippet":"max-snippet:-1","max-image-preview":"max-image-preview:large","max-video-preview":"max-video-preview:-1"},"canonical":"https:\/\/www.loscrigno.it\/beautycase\/index.php\/marc-jacobs-beauty-palette-makeup-autunno-2017\/","twitter_card":"summary_large_image","twitter_title":"Scopri la collezione Marc Jacobs Beauty Autunno 2017","twitter_description":"L'autunno 2017 di Marc Jacobs Beauty si concentra sullo sguardo e propone 5 palette di ombretti eye-conic, un primer occhi e due pennelli: scoprili tutti!","twitter_image":"https:\/\/www.loscrigno.it\/beautycase\/wp-content\/uploads\/2017\/08\/Marc-Jacobs-Beauty-Autunno-2017-cop.jpg","twitter_creator":"@http:\/\/www.twitter.com\/beautycaseblog","twitter_misc":{"Scritto da":"Marica","Tempo di lettura stimato":"2 minuti"},"schema":{"@context":"https:\/\/schema.org","@graph":[{"@type":"Article","@id":"https:\/\/www.loscrigno.it\/beautycase\/index.php\/marc-jacobs-beauty-palette-makeup-autunno-2017\/#article","isPartOf":{"@id":"https:\/\/www.loscrigno.it\/beautycase\/index.php\/marc-jacobs-beauty-palette-makeup-autunno-2017\/"},"author":{"name":"Marica","@id":"https:\/\/www.loscrigno.it\/beautycase\/#\/schema\/person\/11eee6092821563eadc965b96ca0314d"},"headline":"Scopri la collezione Autunno 2017 di Marc Jacobs Beauty","datePublished":"2017-08-22T13:47:08+00:00","dateModified":"2017-10-10T21:37:06+00:00","mainEntityOfPage":{"@id":"https:\/\/www.loscrigno.it\/beautycase\/index.php\/marc-jacobs-beauty-palette-makeup-autunno-2017\/"},"wordCount":476,"commentCount":0,"image":{"@id":"https:\/\/www.loscrigno.it\/beautycase\/index.php\/marc-jacobs-beauty-palette-makeup-autunno-2017\/#primaryimage"},"thumbnailUrl":"https:\/\/www.loscrigno.it\/beautycase\/wp-content\/uploads\/2017\/08\/Marc-Jacobs-Beauty-Autunno-2017-cop.jpg","keywords":["Novit\u00e0 autunno inverno","Novit\u00e0 autunno inverno 2017-2018"],"articleSection":["Lusso","Make-up"],"inLanguage":"it-IT","potentialAction":[{"@type":"CommentAction","name":"Comment","target":["https:\/\/www.loscrigno.it\/beautycase\/index.php\/marc-jacobs-beauty-palette-makeup-autunno-2017\/#respond"]}]},{"@type":"WebPage","@id":"https:\/\/www.loscrigno.it\/beautycase\/index.php\/marc-jacobs-beauty-palette-makeup-autunno-2017\/","url":"https:\/\/www.loscrigno.it\/beautycase\/index.php\/marc-jacobs-beauty-palette-makeup-autunno-2017\/","name":"Scopri la collezione Marc Jacobs Beauty Autunno 2017","isPartOf":{"@id":"https:\/\/www.loscrigno.it\/beautycase\/#website"},"primaryImageOfPage":{"@id":"https:\/\/www.loscrigno.it\/beautycase\/index.php\/marc-jacobs-beauty-palette-makeup-autunno-2017\/#primaryimage"},"image":{"@id":"https:\/\/www.loscrigno.it\/beautycase\/index.php\/marc-jacobs-beauty-palette-makeup-autunno-2017\/#primaryimage"},"thumbnailUrl":"https:\/\/www.loscrigno.it\/beautycase\/wp-content\/uploads\/2017\/08\/Marc-Jacobs-Beauty-Autunno-2017-cop.jpg","datePublished":"2017-08-22T13:47:08+00:00","dateModified":"2017-10-10T21:37:06+00:00","author":{"@id":"https:\/\/www.loscrigno.it\/beautycase\/#\/schema\/person\/11eee6092821563eadc965b96ca0314d"},"description":"L'autunno 2017 di Marc Jacobs Beauty si concentra sullo sguardo e propone 5 palette di ombretti eye-conic, un primer occhi e due pennelli: scoprili tutti!","breadcrumb":{"@id":"https:\/\/www.loscrigno.it\/beautycase\/index.php\/marc-jacobs-beauty-palette-makeup-autunno-2017\/#breadcrumb"},"inLanguage":"it-IT","potentialAction":[{"@type":"ReadAction","target":["https:\/\/www.loscrigno.it\/beautycase\/index.php\/marc-jacobs-beauty-palette-makeup-autunno-2017\/"]}]},{"@type":"ImageObject","inLanguage":"it-IT","@id":"https:\/\/www.loscrigno.it\/beautycase\/index.php\/marc-jacobs-beauty-palette-makeup-autunno-2017\/#primaryimage","url":"https:\/\/www.loscrigno.it\/beautycase\/wp-content\/uploads\/2017\/08\/Marc-Jacobs-Beauty-Autunno-2017-cop.jpg","contentUrl":"https:\/\/www.loscrigno.it\/beautycase\/wp-content\/uploads\/2017\/08\/Marc-Jacobs-Beauty-Autunno-2017-cop.jpg","width":600,"height":460,"caption":"Marc Jacobs Beauty Autunno 2017"},{"@type":"BreadcrumbList","@id":"https:\/\/www.loscrigno.it\/beautycase\/index.php\/marc-jacobs-beauty-palette-makeup-autunno-2017\/#breadcrumb","itemListElement":[{"@type":"ListItem","position":1,"name":"Home","item":"https:\/\/www.loscrigno.it\/beautycase\/"},{"@type":"ListItem","position":2,"name":"Scopri la collezione Autunno 2017 di Marc Jacobs Beauty"}]},{"@type":"WebSite","@id":"https:\/\/www.loscrigno.it\/beautycase\/#website","url":"https:\/\/www.loscrigno.it\/beautycase\/","name":"Beauty Case Blog - Beauty blog italiano su make-up e bellezza","description":"Beauty Case Blog \u00e8 uno dei pi\u00f9 importanti beauty blog italiani. Leggi ora tutte le novit\u00e0 del mondo beauty e scopri i miei consigli su make-up e bellezza.","potentialAction":[{"@type":"SearchAction","target":{"@type":"EntryPoint","urlTemplate":"https:\/\/www.loscrigno.it\/beautycase\/?s={search_term_string}"},"query-input":{"@type":"PropertyValueSpecification","valueRequired":true,"valueName":"search_term_string"}}],"inLanguage":"it-IT"},{"@type":"Person","@id":"https:\/\/www.loscrigno.it\/beautycase\/#\/schema\/person\/11eee6092821563eadc965b96ca0314d","name":"Marica","image":{"@type":"ImageObject","inLanguage":"it-IT","@id":"https:\/\/secure.gravatar.com\/avatar\/17ff8fae2051e8d0c09037bc4e9ab017ac93233f8d559691101577712100fa39?s=96&d=blank&r=g","url":"https:\/\/secure.gravatar.com\/avatar\/17ff8fae2051e8d0c09037bc4e9ab017ac93233f8d559691101577712100fa39?s=96&d=blank&r=g","contentUrl":"https:\/\/secure.gravatar.com\/avatar\/17ff8fae2051e8d0c09037bc4e9ab017ac93233f8d559691101577712100fa39?s=96&d=blank&r=g","caption":"Marica"},"description":"Appassionata di cosmesi e di tutto ci\u00f2 che \u00e8 bello. Dal 2015 vivo a cavallo tra Italia e Inghilterra e ho un'inarrestabile passione per borse e rossetti. Il super-potere che vorrei? Quello dei capelli sempre in piega! Su Instagram mi trovi come @beautycaseblog.","sameAs":["http:\/\/www.instagram.com\/beautycaseblog","http:\/\/www.facebook.com\/beautycaseblog","https:\/\/x.com\/http:\/\/www.twitter.com\/beautycaseblog"],"url":"https:\/\/www.loscrigno.it\/beautycase\/index.php\/author\/verdiana\/"}]}},"_links":{"self":[{"href":"https:\/\/www.loscrigno.it\/beautycase\/index.php\/wp-json\/wp\/v2\/posts\/17643","targetHints":{"allow":["GET"]}}],"collection":[{"href":"https:\/\/www.loscrigno.it\/beautycase\/index.php\/wp-json\/wp\/v2\/posts"}],"about":[{"href":"https:\/\/www.loscrigno.it\/beautycase\/index.php\/wp-json\/wp\/v2\/types\/post"}],"author":[{"embeddable":true,"href":"https:\/\/www.loscrigno.it\/beautycase\/index.php\/wp-json\/wp\/v2\/users\/1"}],"replies":[{"embeddable":true,"href":"https:\/\/www.loscrigno.it\/beautycase\/index.php\/wp-json\/wp\/v2\/comments?post=17643"}],"version-history":[{"count":12,"href":"https:\/\/www.loscrigno.it\/beautycase\/index.php\/wp-json\/wp\/v2\/posts\/17643\/revisions"}],"predecessor-version":[{"id":17699,"href":"https:\/\/www.loscrigno.it\/beautycase\/index.php\/wp-json\/wp\/v2\/posts\/17643\/revisions\/17699"}],"wp:featuredmedia":[{"embeddable":true,"href":"https:\/\/www.loscrigno.it\/beautycase\/index.php\/wp-json\/wp\/v2\/media\/17658"}],"wp:attachment":[{"href":"https:\/\/www.loscrigno.it\/beautycase\/index.php\/wp-json\/wp\/v2\/media?parent=17643"}],"wp:term":[{"taxonomy":"category","embeddable":true,"href":"https:\/\/www.loscrigno.it\/beautycase\/index.php\/wp-json\/wp\/v2\/categories?post=17643"},{"taxonomy":"post_tag","embeddable":true,"href":"https:\/\/www.loscrigno.it\/beautycase\/index.php\/wp-json\/wp\/v2\/tags?post=17643"},{"taxonomy":"thb-sponsors","embeddable":true,"href":"https:\/\/www.loscrigno.it\/beautycase\/index.php\/wp-json\/wp\/v2\/thb-sponsors?post=17643"}],"curies":[{"name":"wp","href":"https:\/\/api.w.org\/{rel}","templated":true}]}}