{"id":17751,"date":"2017-08-25T22:47:32","date_gmt":"2017-08-25T20:47:32","guid":{"rendered":"http:\/\/www.loscrigno.it\/beautycase\/?p=17751"},"modified":"2018-09-02T20:02:19","modified_gmt":"2018-09-02T18:02:19","slug":"yves-rocher-capelli-trattamento-notte-volume-spry-brillantezza","status":"publish","type":"post","link":"https:\/\/www.loscrigno.it\/beautycase\/index.php\/yves-rocher-capelli-trattamento-notte-volume-spry-brillantezza\/","title":{"rendered":"<strong>Yves Rocher<\/strong> nuovi prodotti per <strong><em>capelli<\/em><\/strong>: Volume, Brillantezza e Riparazione"},"content":{"rendered":"<p><img loading=\"lazy\" decoding=\"async\" class=\"aligncenter size-full wp-image-17769 lazyload\" src=\"data:image\/gif;base64,R0lGODlhAQABAAAAACH5BAEKAAEALAAAAAABAAEAAAICTAEAOw==\" data-src=\"https:\/\/www.loscrigno.it\/beautycase\/wp-content\/uploads\/2017\/08\/Yves-Rocher-capelli-trattamento-notte-02.jpg\" alt=\"Yves Rocher Capelli\" width=\"700\" height=\"700\" data-sizes=\"auto\" data-srcset=\"https:\/\/www.loscrigno.it\/beautycase\/wp-content\/uploads\/2017\/08\/Yves-Rocher-capelli-trattamento-notte-02.jpg 700w, https:\/\/www.loscrigno.it\/beautycase\/wp-content\/uploads\/2017\/08\/Yves-Rocher-capelli-trattamento-notte-02-232x232.jpg 232w, https:\/\/www.loscrigno.it\/beautycase\/wp-content\/uploads\/2017\/08\/Yves-Rocher-capelli-trattamento-notte-02-600x600.jpg 600w, https:\/\/www.loscrigno.it\/beautycase\/wp-content\/uploads\/2017\/08\/Yves-Rocher-capelli-trattamento-notte-02-180x180.jpg 180w\" sizes=\"auto, (max-width: 700px) 100vw, 700px\" \/><\/p>\n<p><strong>I miei capelli non sono facili da gestire<\/strong> e, per di pi\u00f9, ho deciso di volerli lunghi oltre met\u00e0 della schiena: una scelta dettata sia dalla vanit\u00e0 che da ragioni di carattere pratico. York, la mia citt\u00e0, \u00e8 infatti molto ventosa e l&#8217;unico modo per riuscire ad essere e restare ordinate \u00e8 tenere i capelli legati, che sia in una treccia laterale, in uno chignon o in una coda bassa (<em><strong>Spoiler Alert<\/strong><\/em>: mentre mi trovavo in Giappone ho visto una ragazza con un&#8217;acconciatura semplice ma bellissima e sto provando a ricrearla. Spero di pubblicare il video quanto prima. Nell&#8217;attesa, se vi va, potete iscrivervi al mio canale Youtube).<\/p>\n<p style=\"text-align: center;\"><strong>LEGGI ANCHE:\u00a0<span style=\"color: #ff0000;\"><em><a style=\"color: #ff0000;\" href=\"https:\/\/www.loscrigno.it\/beautycase\/index.php\/yves-rocher-capelli-anti-inquinamento-gommage-shampoo-balsamo\/\">Novit\u00e0 prodotti capelli Yves Rocher autunno 2018<\/a><\/em><\/span><\/strong><\/p>\n<p>Per questi motivi ho iniziato a prestare particolare attenzione ai <strong>prodotti di hair care<\/strong> che uso e, nel tempo, ho iniziato a capire che per piacermi questi devono rigorosamente <strong>creare volume<\/strong> senza appesantire, devono <strong>rendere la chioma lucida<\/strong> e brillante, donandole un aspetto sano, e devono <strong>nutrire e riparare<\/strong> i danni causati dalla messa in piega o lo sfibrarsi delle punte.<\/p>\n<p>I quattro nuovi prodotti della <strong>linea Trattamenti Vegetali Capelli<\/strong> in uscita da Yves Rocher nel mese di <strong>settembre<\/strong> ricadono proprio in queste tre macrocategorie e per questo hanno attirato la mia attenzione.<\/p>\n<p><!--more--><\/p>\n<h2><em><strong>Balsamo Volumizzante<\/strong> <\/em>all\u2019Estratto di Malva Yves Rocher<\/h2>\n<p><img loading=\"lazy\" decoding=\"async\" class=\"aligncenter size-full wp-image-17757 lazyload\" src=\"data:image\/gif;base64,R0lGODlhAQABAAAAACH5BAEKAAEALAAAAAABAAEAAAICTAEAOw==\" data-src=\"https:\/\/www.loscrigno.it\/beautycase\/wp-content\/uploads\/2017\/08\/Yves-Rocher-Capelli-Balsamo-volumizzante-malva.jpg\" alt=\"Yves Rocher Capelli Balsamo volumizzante alla malva\" width=\"700\" height=\"700\" data-sizes=\"auto\" data-srcset=\"https:\/\/www.loscrigno.it\/beautycase\/wp-content\/uploads\/2017\/08\/Yves-Rocher-Capelli-Balsamo-volumizzante-malva.jpg 700w, https:\/\/www.loscrigno.it\/beautycase\/wp-content\/uploads\/2017\/08\/Yves-Rocher-Capelli-Balsamo-volumizzante-malva-232x232.jpg 232w, https:\/\/www.loscrigno.it\/beautycase\/wp-content\/uploads\/2017\/08\/Yves-Rocher-Capelli-Balsamo-volumizzante-malva-600x600.jpg 600w, https:\/\/www.loscrigno.it\/beautycase\/wp-content\/uploads\/2017\/08\/Yves-Rocher-Capelli-Balsamo-volumizzante-malva-180x180.jpg 180w\" sizes=\"auto, (max-width: 700px) 100vw, 700px\" \/><\/p>\n<p>La novit\u00e0 pi\u00f9 interessante \u00e8 per me il <strong>Balsamo Volumizzante all&#8217;Estratto di Malva<\/strong> (3,95 euro &#8211; 150 ml), realizzato a partire dai fiori coltivati in house da <strong>Yves Rocher<\/strong>, che possiede vasti appezzamenti di terreno nella sua regione d&#8217;origine: la Gacilly, uno spicchio di Francia incastonato nel confine orientale della Bretagna, tra le due citt\u00e0 storiche di Rennes e Nantes. Se siete gi\u00e0 state da quelle parti potrete capire perch\u00e9 ne parlo con tanto trasporto, e se non vi siete ancora spinte fino a l\u00ec non mancate di inserire quell&#8217;area tra le vostre prossime mete.<\/p>\n<p>Si tratta di un balsamo particolarmente <strong>adatto ai capelli fini<\/strong> poich\u00e9 l&#8217;<strong>estratto biologico di Malva<\/strong> riesce a nutrire ed irrobustire la fibra capillare senza compromettere la leggerezza e, quindi, il volume.<\/p>\n<p>&nbsp;<\/p>\n<h2><em><strong>Spray Brillantezza Istantanea<\/strong><\/em> Yves Rocher<\/h2>\n<p><img loading=\"lazy\" decoding=\"async\" class=\"aligncenter size-full wp-image-17758 lazyload\" src=\"data:image\/gif;base64,R0lGODlhAQABAAAAACH5BAEKAAEALAAAAAABAAEAAAICTAEAOw==\" data-src=\"https:\/\/www.loscrigno.it\/beautycase\/wp-content\/uploads\/2017\/08\/Yves-Rocher-capelli-spray-brillantezza-istantanea.jpg\" alt=\"Yves Rocher capelli spray brillantezza istantanea\" width=\"700\" height=\"782\" data-sizes=\"auto\" data-srcset=\"https:\/\/www.loscrigno.it\/beautycase\/wp-content\/uploads\/2017\/08\/Yves-Rocher-capelli-spray-brillantezza-istantanea.jpg 700w, https:\/\/www.loscrigno.it\/beautycase\/wp-content\/uploads\/2017\/08\/Yves-Rocher-capelli-spray-brillantezza-istantanea-224x250.jpg 224w, https:\/\/www.loscrigno.it\/beautycase\/wp-content\/uploads\/2017\/08\/Yves-Rocher-capelli-spray-brillantezza-istantanea-600x670.jpg 600w\" sizes=\"auto, (max-width: 700px) 100vw, 700px\" \/><\/p>\n<p>Lo <strong>Spray Brillantezza Istantanea<\/strong> (7,95 euro &#8211; 100 ml) \u00e8 un vero e proprio<strong> top coat per capelli<\/strong>, da spruzzare su tutta la capigliatura come tocco finale, sui capelli umidi o dopo la messa in piega.<\/p>\n<p>La sua <strong>formula bifasica<\/strong>, ricca di principi attivi naturali, dona immediata luminosit\u00e0 alla chioma, migliorandone l&#8217;aspetto quasi istantaneamente.<\/p>\n<p>L&#8217;ingrediente chiave \u00e8 qui l&#8217;<strong>estratto biologico di Calendula Officinalis<\/strong>, altrimenti detta Fiorrancio, nota per i suoi fiori grandi, belli e saturi di sostanze benefiche. Yves Rocher li coltiva, come gi\u00e0 accade per quelli di malva, nelle sue tenute nella Francia nord-occidentale.<\/p>\n<p>Mi raccomando di agitare il prodotto prima dell&#8217;uso, di vaporizzare sui capelli la quantit\u00e0 erogata da due o tre pressioni del tappo spray e di non risciacquare.<\/p>\n<p>&nbsp;<\/p>\n<h2><em><strong>Trattamento Notte<\/strong> <\/em>Capelli Yves Rocher<\/h2>\n<p><img loading=\"lazy\" decoding=\"async\" class=\"aligncenter size-full wp-image-17759 lazyload\" src=\"data:image\/gif;base64,R0lGODlhAQABAAAAACH5BAEKAAEALAAAAAABAAEAAAICTAEAOw==\" data-src=\"https:\/\/www.loscrigno.it\/beautycase\/wp-content\/uploads\/2017\/08\/Yves-Rocher-capelli-trattamento-notte.jpg\" alt=\"Yves Rocher capelli trattamento notte\" width=\"700\" height=\"560\" data-sizes=\"auto\" data-srcset=\"https:\/\/www.loscrigno.it\/beautycase\/wp-content\/uploads\/2017\/08\/Yves-Rocher-capelli-trattamento-notte.jpg 700w, https:\/\/www.loscrigno.it\/beautycase\/wp-content\/uploads\/2017\/08\/Yves-Rocher-capelli-trattamento-notte-232x186.jpg 232w, https:\/\/www.loscrigno.it\/beautycase\/wp-content\/uploads\/2017\/08\/Yves-Rocher-capelli-trattamento-notte-600x480.jpg 600w\" sizes=\"auto, (max-width: 700px) 100vw, 700px\" \/><\/p>\n<p>Il prodotto perfetto per chi ama sfruttare le ore di sonno come momento di bellezza. Il <strong>Trattamento Notte di Yves Rocher<\/strong> (7,95 euro &#8211; 150 ml) si applica la sera in quantit\u00e0 moderata sui capelli asciutti -una noce di prodotto \u00e8 sufficiente &#8211; evitando le radici. Al risveglio i capelli avranno tratto beneficio dall&#8217;olio di Jojoba contenuto e risulteranno molto pi\u00f9 forti e resistenti.<\/p>\n<p>Starete sicuramente pensando che s\u00ec, il prodotto funzioner\u00e0 di sicuro, ma chi ha tempo di lavarsi i capelli di mattina, prima di uscire per andare a scuola o a lavoro? E&#8217; la stessa cosa che ho pensato anch&#8217;io, prima di scoprire che <strong>il Trattamento Notte <span style=\"color: #ff0000;\"><em>non va rimosso<\/em><\/span><\/strong> e <strong>consente di procedere direttamente con la piega<\/strong> (che se avete il risveglio lento come il mio consiste in una spazzolata, un fiocco e quattro forcine).<\/p>\n<p>Plus da tenere in somma considerazione: <em><span style=\"color: #ff0000;\"><strong>non macchia il cuscino!<\/strong><\/span><\/em> Insomma: se fino ad ora avevate evitato maschere notturne per non rovinare il completo letto ora non c&#8217;\u00e8 pi\u00f9 nulla a fermarvi.<\/p>\n<p>Per capelli particolarmente secchi e rovinati si pu\u00f2 applicare anche due o tre volte alla settimana.<\/p>\n<p>&nbsp;<\/p>\n<h2><strong><em>Siero Fortificante<\/em><\/strong> Capelli Yves Rocher<\/h2>\n<p><img loading=\"lazy\" decoding=\"async\" class=\"aligncenter size-full wp-image-17756 lazyload\" src=\"data:image\/gif;base64,R0lGODlhAQABAAAAACH5BAEKAAEALAAAAAABAAEAAAICTAEAOw==\" data-src=\"https:\/\/www.loscrigno.it\/beautycase\/wp-content\/uploads\/2017\/08\/Yves-Rocher-capelli-Siero-Fortificante.jpg\" alt=\"Yves Rocher capelli Siero Fortificante\" width=\"700\" height=\"700\" data-sizes=\"auto\" data-srcset=\"https:\/\/www.loscrigno.it\/beautycase\/wp-content\/uploads\/2017\/08\/Yves-Rocher-capelli-Siero-Fortificante.jpg 700w, https:\/\/www.loscrigno.it\/beautycase\/wp-content\/uploads\/2017\/08\/Yves-Rocher-capelli-Siero-Fortificante-232x232.jpg 232w, https:\/\/www.loscrigno.it\/beautycase\/wp-content\/uploads\/2017\/08\/Yves-Rocher-capelli-Siero-Fortificante-600x600.jpg 600w, https:\/\/www.loscrigno.it\/beautycase\/wp-content\/uploads\/2017\/08\/Yves-Rocher-capelli-Siero-Fortificante-180x180.jpg 180w\" sizes=\"auto, (max-width: 700px) 100vw, 700px\" \/><\/p>\n<p>Ricco di <strong>olio di Jojoba<\/strong> estratto a freddo, un ingrediente particolarmente efficace perch\u00e9 contiene pi\u00f9 del 60% di cera liquida, il <strong>Siero Fortificante<\/strong> di Yves Rocher (7,95 euro &#8211; 100ml) <strong>rinforza i capelli<\/strong> e li nutre in profondit\u00e0, rendendoli pi\u00f9 sani e pi\u00f9 belli.<\/p>\n<p>Per ottenere un risultato ottimale sono necessarie da due a quattro dosi di prodotto su capelli asciutti o umidi, evitando le radici e senza bisogno di risciacquare.<\/p>\n<p>&nbsp;<\/p>\n<h2>Dove trovare i <strong><em>nuovi prodotti<\/em><\/strong><\/h2>\n<p>I nuovi prodotti per capelli di Yves Rocher sono <strong>reperibili a partire dal mese di settembre<\/strong> 2017 in tutti i negozi monomarca e attraverso le consigliere di bellezza: se non ne conosci nessuna e non hai uno store vicino a te puoi contattarne una attraverso il <strong><a href=\"https:\/\/www.yves-rocher.it\/it\/purchase-product-form\">sito Internet ufficiale<\/a><\/strong>!<\/p>\n<p><strong>Voi avete mai provato i prodotti per capelli Yves Rocher?<\/strong> Quale di queste novit\u00e0 vi piace di pi\u00f9?<\/p>\n<p style=\"text-align: center;\"><em><strong>LEGGI ANCHE:<\/strong>\u00a0<\/em> <strong><a href=\"https:\/\/www.loscrigno.it\/beautycase\/index.php\/yves-rocher-zero-defaut-anti-macchie-pelle\/\">Z\u00e9ro D\u00e9faut: il trattamento anti macchie di Yves Rocher<\/a><\/strong><\/p>\n<p>&nbsp;<\/p>\n","protected":false},"excerpt":{"rendered":"<p>I miei capelli non sono facili da gestire e, per di pi\u00f9, ho deciso di volerli lunghi oltre met\u00e0 della schiena: una scelta dettata sia dalla vanit\u00e0 che da ragioni di carattere pratico. York, la mia citt\u00e0, \u00e8 infatti molto ventosa e l&#8217;unico modo per riuscire ad essere e restare ordinate \u00e8 tenere i capelli&hellip;<\/p>\n","protected":false},"author":1,"featured_media":17777,"comment_status":"open","ping_status":"open","sticky":false,"template":"","format":"standard","meta":{"footnotes":""},"categories":[26],"tags":[1396,1401],"thb-sponsors":[],"class_list":["post-17751","post","type-post","status-publish","format-standard","has-post-thumbnail","hentry","category-hair-care","tag-novita-autunno-inverno","tag-novita-autunno-inverno-2017-2018"],"featured_image_src":"https:\/\/www.loscrigno.it\/beautycase\/wp-content\/uploads\/2017\/08\/Yves-Rocher-capelli-trattamento-notte-04.jpg","author_info":{"display_name":"Marica","author_link":"https:\/\/www.loscrigno.it\/beautycase\/index.php\/author\/verdiana\/"},"yoast_head":"<!-- This site is optimized with the Yoast SEO plugin v27.5 - https:\/\/yoast.com\/product\/yoast-seo-wordpress\/ -->\r\n<title>Nuovi prodotti Yves Rocher capelli: trattamento notte, spray brillantezza e...<\/title>\r\n<meta name=\"description\" content=\"Scopri in anteprima i 4 nuovi prodotti Yves Rocher per capelli: Trattamento Notte, Spray Brillantezza, Balsamo Volumizzante e Spray Fortificante.\" \/>\r\n<meta name=\"robots\" content=\"index, follow, max-snippet:-1, max-image-preview:large, max-video-preview:-1\" \/>\r\n<link rel=\"canonical\" href=\"https:\/\/www.loscrigno.it\/beautycase\/index.php\/yves-rocher-capelli-trattamento-notte-volume-spry-brillantezza\/\" \/>\r\n<meta name=\"twitter:card\" content=\"summary_large_image\" \/>\r\n<meta name=\"twitter:title\" content=\"Nuovi prodotti Yves Rocher capelli: trattamento notte, spray brillantezza e...\" \/>\r\n<meta name=\"twitter:description\" content=\"Scopri in anteprima i 4 nuovi prodotti Yves Rocher per capelli: Trattamento Notte, Spray Brillantezza, Balsamo Volumizzante e Spray Fortificante.\" \/>\r\n<meta name=\"twitter:image\" content=\"https:\/\/www.loscrigno.it\/beautycase\/wp-content\/uploads\/2017\/08\/Yves-Rocher-capelli-trattamento-notte-04.jpg\" \/>\r\n<meta name=\"twitter:creator\" content=\"@http:\/\/www.twitter.com\/beautycaseblog\" \/>\r\n<meta name=\"twitter:label1\" content=\"Scritto da\" \/>\n\t<meta name=\"twitter:data1\" content=\"Marica\" \/>\n\t<meta name=\"twitter:label2\" content=\"Tempo di lettura stimato\" \/>\n\t<meta name=\"twitter:data2\" content=\"4 minuti\" \/>\r\n<script type=\"application\/ld+json\" class=\"yoast-schema-graph\">{\"@context\":\"https:\\\/\\\/schema.org\",\"@graph\":[{\"@type\":\"Article\",\"@id\":\"https:\\\/\\\/www.loscrigno.it\\\/beautycase\\\/index.php\\\/yves-rocher-capelli-trattamento-notte-volume-spry-brillantezza\\\/#article\",\"isPartOf\":{\"@id\":\"https:\\\/\\\/www.loscrigno.it\\\/beautycase\\\/index.php\\\/yves-rocher-capelli-trattamento-notte-volume-spry-brillantezza\\\/\"},\"author\":{\"name\":\"Marica\",\"@id\":\"https:\\\/\\\/www.loscrigno.it\\\/beautycase\\\/#\\\/schema\\\/person\\\/11eee6092821563eadc965b96ca0314d\"},\"headline\":\"Yves Rocher nuovi prodotti per capelli: Volume, Brillantezza e Riparazione\",\"datePublished\":\"2017-08-25T20:47:32+00:00\",\"dateModified\":\"2018-09-02T18:02:19+00:00\",\"mainEntityOfPage\":{\"@id\":\"https:\\\/\\\/www.loscrigno.it\\\/beautycase\\\/index.php\\\/yves-rocher-capelli-trattamento-notte-volume-spry-brillantezza\\\/\"},\"wordCount\":835,\"commentCount\":5,\"image\":{\"@id\":\"https:\\\/\\\/www.loscrigno.it\\\/beautycase\\\/index.php\\\/yves-rocher-capelli-trattamento-notte-volume-spry-brillantezza\\\/#primaryimage\"},\"thumbnailUrl\":\"https:\\\/\\\/www.loscrigno.it\\\/beautycase\\\/wp-content\\\/uploads\\\/2017\\\/08\\\/Yves-Rocher-capelli-trattamento-notte-04.jpg\",\"keywords\":[\"Novit\u00e0 autunno inverno\",\"Novit\u00e0 autunno inverno 2017-2018\"],\"articleSection\":[\"Capelli\"],\"inLanguage\":\"it-IT\",\"potentialAction\":[{\"@type\":\"CommentAction\",\"name\":\"Comment\",\"target\":[\"https:\\\/\\\/www.loscrigno.it\\\/beautycase\\\/index.php\\\/yves-rocher-capelli-trattamento-notte-volume-spry-brillantezza\\\/#respond\"]}]},{\"@type\":\"WebPage\",\"@id\":\"https:\\\/\\\/www.loscrigno.it\\\/beautycase\\\/index.php\\\/yves-rocher-capelli-trattamento-notte-volume-spry-brillantezza\\\/\",\"url\":\"https:\\\/\\\/www.loscrigno.it\\\/beautycase\\\/index.php\\\/yves-rocher-capelli-trattamento-notte-volume-spry-brillantezza\\\/\",\"name\":\"Nuovi prodotti Yves Rocher capelli: trattamento notte, spray brillantezza e...\",\"isPartOf\":{\"@id\":\"https:\\\/\\\/www.loscrigno.it\\\/beautycase\\\/#website\"},\"primaryImageOfPage\":{\"@id\":\"https:\\\/\\\/www.loscrigno.it\\\/beautycase\\\/index.php\\\/yves-rocher-capelli-trattamento-notte-volume-spry-brillantezza\\\/#primaryimage\"},\"image\":{\"@id\":\"https:\\\/\\\/www.loscrigno.it\\\/beautycase\\\/index.php\\\/yves-rocher-capelli-trattamento-notte-volume-spry-brillantezza\\\/#primaryimage\"},\"thumbnailUrl\":\"https:\\\/\\\/www.loscrigno.it\\\/beautycase\\\/wp-content\\\/uploads\\\/2017\\\/08\\\/Yves-Rocher-capelli-trattamento-notte-04.jpg\",\"datePublished\":\"2017-08-25T20:47:32+00:00\",\"dateModified\":\"2018-09-02T18:02:19+00:00\",\"author\":{\"@id\":\"https:\\\/\\\/www.loscrigno.it\\\/beautycase\\\/#\\\/schema\\\/person\\\/11eee6092821563eadc965b96ca0314d\"},\"description\":\"Scopri in anteprima i 4 nuovi prodotti Yves Rocher per capelli: Trattamento Notte, Spray Brillantezza, Balsamo Volumizzante e Spray Fortificante.\",\"breadcrumb\":{\"@id\":\"https:\\\/\\\/www.loscrigno.it\\\/beautycase\\\/index.php\\\/yves-rocher-capelli-trattamento-notte-volume-spry-brillantezza\\\/#breadcrumb\"},\"inLanguage\":\"it-IT\",\"potentialAction\":[{\"@type\":\"ReadAction\",\"target\":[\"https:\\\/\\\/www.loscrigno.it\\\/beautycase\\\/index.php\\\/yves-rocher-capelli-trattamento-notte-volume-spry-brillantezza\\\/\"]}]},{\"@type\":\"ImageObject\",\"inLanguage\":\"it-IT\",\"@id\":\"https:\\\/\\\/www.loscrigno.it\\\/beautycase\\\/index.php\\\/yves-rocher-capelli-trattamento-notte-volume-spry-brillantezza\\\/#primaryimage\",\"url\":\"https:\\\/\\\/www.loscrigno.it\\\/beautycase\\\/wp-content\\\/uploads\\\/2017\\\/08\\\/Yves-Rocher-capelli-trattamento-notte-04.jpg\",\"contentUrl\":\"https:\\\/\\\/www.loscrigno.it\\\/beautycase\\\/wp-content\\\/uploads\\\/2017\\\/08\\\/Yves-Rocher-capelli-trattamento-notte-04.jpg\",\"width\":1200,\"height\":924,\"caption\":\"Yves Rocher Capelli\"},{\"@type\":\"BreadcrumbList\",\"@id\":\"https:\\\/\\\/www.loscrigno.it\\\/beautycase\\\/index.php\\\/yves-rocher-capelli-trattamento-notte-volume-spry-brillantezza\\\/#breadcrumb\",\"itemListElement\":[{\"@type\":\"ListItem\",\"position\":1,\"name\":\"Home\",\"item\":\"https:\\\/\\\/www.loscrigno.it\\\/beautycase\\\/\"},{\"@type\":\"ListItem\",\"position\":2,\"name\":\"Yves Rocher nuovi prodotti per capelli: Volume, Brillantezza e Riparazione\"}]},{\"@type\":\"WebSite\",\"@id\":\"https:\\\/\\\/www.loscrigno.it\\\/beautycase\\\/#website\",\"url\":\"https:\\\/\\\/www.loscrigno.it\\\/beautycase\\\/\",\"name\":\"Beauty Case Blog - Beauty blog italiano su make-up e bellezza\",\"description\":\"Beauty Case Blog \u00e8 uno dei pi\u00f9 importanti beauty blog italiani. Leggi ora tutte le novit\u00e0 del mondo beauty e scopri i miei consigli su make-up e bellezza.\",\"potentialAction\":[{\"@type\":\"SearchAction\",\"target\":{\"@type\":\"EntryPoint\",\"urlTemplate\":\"https:\\\/\\\/www.loscrigno.it\\\/beautycase\\\/?s={search_term_string}\"},\"query-input\":{\"@type\":\"PropertyValueSpecification\",\"valueRequired\":true,\"valueName\":\"search_term_string\"}}],\"inLanguage\":\"it-IT\"},{\"@type\":\"Person\",\"@id\":\"https:\\\/\\\/www.loscrigno.it\\\/beautycase\\\/#\\\/schema\\\/person\\\/11eee6092821563eadc965b96ca0314d\",\"name\":\"Marica\",\"image\":{\"@type\":\"ImageObject\",\"inLanguage\":\"it-IT\",\"@id\":\"https:\\\/\\\/secure.gravatar.com\\\/avatar\\\/17ff8fae2051e8d0c09037bc4e9ab017ac93233f8d559691101577712100fa39?s=96&d=blank&r=g\",\"url\":\"https:\\\/\\\/secure.gravatar.com\\\/avatar\\\/17ff8fae2051e8d0c09037bc4e9ab017ac93233f8d559691101577712100fa39?s=96&d=blank&r=g\",\"contentUrl\":\"https:\\\/\\\/secure.gravatar.com\\\/avatar\\\/17ff8fae2051e8d0c09037bc4e9ab017ac93233f8d559691101577712100fa39?s=96&d=blank&r=g\",\"caption\":\"Marica\"},\"description\":\"Appassionata di cosmesi e di tutto ci\u00f2 che \u00e8 bello. Dal 2015 vivo a cavallo tra Italia e Inghilterra e ho un'inarrestabile passione per borse e rossetti. Il super-potere che vorrei? Quello dei capelli sempre in piega! Su Instagram mi trovi come @beautycaseblog.\",\"sameAs\":[\"http:\\\/\\\/www.instagram.com\\\/beautycaseblog\",\"http:\\\/\\\/www.facebook.com\\\/beautycaseblog\",\"https:\\\/\\\/x.com\\\/http:\\\/\\\/www.twitter.com\\\/beautycaseblog\"],\"url\":\"https:\\\/\\\/www.loscrigno.it\\\/beautycase\\\/index.php\\\/author\\\/verdiana\\\/\"}]}<\/script>\r\n<!-- \/ Yoast SEO plugin. -->","yoast_head_json":{"title":"Nuovi prodotti Yves Rocher capelli: trattamento notte, spray brillantezza e...","description":"Scopri in anteprima i 4 nuovi prodotti Yves Rocher per capelli: Trattamento Notte, Spray Brillantezza, Balsamo Volumizzante e Spray Fortificante.","robots":{"index":"index","follow":"follow","max-snippet":"max-snippet:-1","max-image-preview":"max-image-preview:large","max-video-preview":"max-video-preview:-1"},"canonical":"https:\/\/www.loscrigno.it\/beautycase\/index.php\/yves-rocher-capelli-trattamento-notte-volume-spry-brillantezza\/","twitter_card":"summary_large_image","twitter_title":"Nuovi prodotti Yves Rocher capelli: trattamento notte, spray brillantezza e...","twitter_description":"Scopri in anteprima i 4 nuovi prodotti Yves Rocher per capelli: Trattamento Notte, Spray Brillantezza, Balsamo Volumizzante e Spray Fortificante.","twitter_image":"https:\/\/www.loscrigno.it\/beautycase\/wp-content\/uploads\/2017\/08\/Yves-Rocher-capelli-trattamento-notte-04.jpg","twitter_creator":"@http:\/\/www.twitter.com\/beautycaseblog","twitter_misc":{"Scritto da":"Marica","Tempo di lettura stimato":"4 minuti"},"schema":{"@context":"https:\/\/schema.org","@graph":[{"@type":"Article","@id":"https:\/\/www.loscrigno.it\/beautycase\/index.php\/yves-rocher-capelli-trattamento-notte-volume-spry-brillantezza\/#article","isPartOf":{"@id":"https:\/\/www.loscrigno.it\/beautycase\/index.php\/yves-rocher-capelli-trattamento-notte-volume-spry-brillantezza\/"},"author":{"name":"Marica","@id":"https:\/\/www.loscrigno.it\/beautycase\/#\/schema\/person\/11eee6092821563eadc965b96ca0314d"},"headline":"Yves Rocher nuovi prodotti per capelli: Volume, Brillantezza e Riparazione","datePublished":"2017-08-25T20:47:32+00:00","dateModified":"2018-09-02T18:02:19+00:00","mainEntityOfPage":{"@id":"https:\/\/www.loscrigno.it\/beautycase\/index.php\/yves-rocher-capelli-trattamento-notte-volume-spry-brillantezza\/"},"wordCount":835,"commentCount":5,"image":{"@id":"https:\/\/www.loscrigno.it\/beautycase\/index.php\/yves-rocher-capelli-trattamento-notte-volume-spry-brillantezza\/#primaryimage"},"thumbnailUrl":"https:\/\/www.loscrigno.it\/beautycase\/wp-content\/uploads\/2017\/08\/Yves-Rocher-capelli-trattamento-notte-04.jpg","keywords":["Novit\u00e0 autunno inverno","Novit\u00e0 autunno inverno 2017-2018"],"articleSection":["Capelli"],"inLanguage":"it-IT","potentialAction":[{"@type":"CommentAction","name":"Comment","target":["https:\/\/www.loscrigno.it\/beautycase\/index.php\/yves-rocher-capelli-trattamento-notte-volume-spry-brillantezza\/#respond"]}]},{"@type":"WebPage","@id":"https:\/\/www.loscrigno.it\/beautycase\/index.php\/yves-rocher-capelli-trattamento-notte-volume-spry-brillantezza\/","url":"https:\/\/www.loscrigno.it\/beautycase\/index.php\/yves-rocher-capelli-trattamento-notte-volume-spry-brillantezza\/","name":"Nuovi prodotti Yves Rocher capelli: trattamento notte, spray brillantezza e...","isPartOf":{"@id":"https:\/\/www.loscrigno.it\/beautycase\/#website"},"primaryImageOfPage":{"@id":"https:\/\/www.loscrigno.it\/beautycase\/index.php\/yves-rocher-capelli-trattamento-notte-volume-spry-brillantezza\/#primaryimage"},"image":{"@id":"https:\/\/www.loscrigno.it\/beautycase\/index.php\/yves-rocher-capelli-trattamento-notte-volume-spry-brillantezza\/#primaryimage"},"thumbnailUrl":"https:\/\/www.loscrigno.it\/beautycase\/wp-content\/uploads\/2017\/08\/Yves-Rocher-capelli-trattamento-notte-04.jpg","datePublished":"2017-08-25T20:47:32+00:00","dateModified":"2018-09-02T18:02:19+00:00","author":{"@id":"https:\/\/www.loscrigno.it\/beautycase\/#\/schema\/person\/11eee6092821563eadc965b96ca0314d"},"description":"Scopri in anteprima i 4 nuovi prodotti Yves Rocher per capelli: Trattamento Notte, Spray Brillantezza, Balsamo Volumizzante e Spray Fortificante.","breadcrumb":{"@id":"https:\/\/www.loscrigno.it\/beautycase\/index.php\/yves-rocher-capelli-trattamento-notte-volume-spry-brillantezza\/#breadcrumb"},"inLanguage":"it-IT","potentialAction":[{"@type":"ReadAction","target":["https:\/\/www.loscrigno.it\/beautycase\/index.php\/yves-rocher-capelli-trattamento-notte-volume-spry-brillantezza\/"]}]},{"@type":"ImageObject","inLanguage":"it-IT","@id":"https:\/\/www.loscrigno.it\/beautycase\/index.php\/yves-rocher-capelli-trattamento-notte-volume-spry-brillantezza\/#primaryimage","url":"https:\/\/www.loscrigno.it\/beautycase\/wp-content\/uploads\/2017\/08\/Yves-Rocher-capelli-trattamento-notte-04.jpg","contentUrl":"https:\/\/www.loscrigno.it\/beautycase\/wp-content\/uploads\/2017\/08\/Yves-Rocher-capelli-trattamento-notte-04.jpg","width":1200,"height":924,"caption":"Yves Rocher Capelli"},{"@type":"BreadcrumbList","@id":"https:\/\/www.loscrigno.it\/beautycase\/index.php\/yves-rocher-capelli-trattamento-notte-volume-spry-brillantezza\/#breadcrumb","itemListElement":[{"@type":"ListItem","position":1,"name":"Home","item":"https:\/\/www.loscrigno.it\/beautycase\/"},{"@type":"ListItem","position":2,"name":"Yves Rocher nuovi prodotti per capelli: Volume, Brillantezza e Riparazione"}]},{"@type":"WebSite","@id":"https:\/\/www.loscrigno.it\/beautycase\/#website","url":"https:\/\/www.loscrigno.it\/beautycase\/","name":"Beauty Case Blog - Beauty blog italiano su make-up e bellezza","description":"Beauty Case Blog \u00e8 uno dei pi\u00f9 importanti beauty blog italiani. Leggi ora tutte le novit\u00e0 del mondo beauty e scopri i miei consigli su make-up e bellezza.","potentialAction":[{"@type":"SearchAction","target":{"@type":"EntryPoint","urlTemplate":"https:\/\/www.loscrigno.it\/beautycase\/?s={search_term_string}"},"query-input":{"@type":"PropertyValueSpecification","valueRequired":true,"valueName":"search_term_string"}}],"inLanguage":"it-IT"},{"@type":"Person","@id":"https:\/\/www.loscrigno.it\/beautycase\/#\/schema\/person\/11eee6092821563eadc965b96ca0314d","name":"Marica","image":{"@type":"ImageObject","inLanguage":"it-IT","@id":"https:\/\/secure.gravatar.com\/avatar\/17ff8fae2051e8d0c09037bc4e9ab017ac93233f8d559691101577712100fa39?s=96&d=blank&r=g","url":"https:\/\/secure.gravatar.com\/avatar\/17ff8fae2051e8d0c09037bc4e9ab017ac93233f8d559691101577712100fa39?s=96&d=blank&r=g","contentUrl":"https:\/\/secure.gravatar.com\/avatar\/17ff8fae2051e8d0c09037bc4e9ab017ac93233f8d559691101577712100fa39?s=96&d=blank&r=g","caption":"Marica"},"description":"Appassionata di cosmesi e di tutto ci\u00f2 che \u00e8 bello. Dal 2015 vivo a cavallo tra Italia e Inghilterra e ho un'inarrestabile passione per borse e rossetti. Il super-potere che vorrei? Quello dei capelli sempre in piega! Su Instagram mi trovi come @beautycaseblog.","sameAs":["http:\/\/www.instagram.com\/beautycaseblog","http:\/\/www.facebook.com\/beautycaseblog","https:\/\/x.com\/http:\/\/www.twitter.com\/beautycaseblog"],"url":"https:\/\/www.loscrigno.it\/beautycase\/index.php\/author\/verdiana\/"}]}},"_links":{"self":[{"href":"https:\/\/www.loscrigno.it\/beautycase\/index.php\/wp-json\/wp\/v2\/posts\/17751","targetHints":{"allow":["GET"]}}],"collection":[{"href":"https:\/\/www.loscrigno.it\/beautycase\/index.php\/wp-json\/wp\/v2\/posts"}],"about":[{"href":"https:\/\/www.loscrigno.it\/beautycase\/index.php\/wp-json\/wp\/v2\/types\/post"}],"author":[{"embeddable":true,"href":"https:\/\/www.loscrigno.it\/beautycase\/index.php\/wp-json\/wp\/v2\/users\/1"}],"replies":[{"embeddable":true,"href":"https:\/\/www.loscrigno.it\/beautycase\/index.php\/wp-json\/wp\/v2\/comments?post=17751"}],"version-history":[{"count":14,"href":"https:\/\/www.loscrigno.it\/beautycase\/index.php\/wp-json\/wp\/v2\/posts\/17751\/revisions"}],"predecessor-version":[{"id":18882,"href":"https:\/\/www.loscrigno.it\/beautycase\/index.php\/wp-json\/wp\/v2\/posts\/17751\/revisions\/18882"}],"wp:featuredmedia":[{"embeddable":true,"href":"https:\/\/www.loscrigno.it\/beautycase\/index.php\/wp-json\/wp\/v2\/media\/17777"}],"wp:attachment":[{"href":"https:\/\/www.loscrigno.it\/beautycase\/index.php\/wp-json\/wp\/v2\/media?parent=17751"}],"wp:term":[{"taxonomy":"category","embeddable":true,"href":"https:\/\/www.loscrigno.it\/beautycase\/index.php\/wp-json\/wp\/v2\/categories?post=17751"},{"taxonomy":"post_tag","embeddable":true,"href":"https:\/\/www.loscrigno.it\/beautycase\/index.php\/wp-json\/wp\/v2\/tags?post=17751"},{"taxonomy":"thb-sponsors","embeddable":true,"href":"https:\/\/www.loscrigno.it\/beautycase\/index.php\/wp-json\/wp\/v2\/thb-sponsors?post=17751"}],"curies":[{"name":"wp","href":"https:\/\/api.w.org\/{rel}","templated":true}]}}