{"id":19058,"date":"2018-09-10T13:25:55","date_gmt":"2018-09-10T11:25:55","guid":{"rendered":"http:\/\/www.loscrigno.it\/beautycase\/?p=19058"},"modified":"2018-09-10T13:25:55","modified_gmt":"2018-09-10T11:25:55","slug":"zara-giacca-meghan-markle-abito","status":"publish","type":"post","link":"https:\/\/www.loscrigno.it\/beautycase\/index.php\/zara-giacca-meghan-markle-abito\/","title":{"rendered":"Da <strong><em>Zara<\/em><\/strong> c&#8217;\u00e8 una <em>giacca<\/em> identica al vestito di <strong><em>Meghan Markle<\/em><\/strong>"},"content":{"rendered":"<p><img loading=\"lazy\" decoding=\"async\" class=\"aligncenter size-full wp-image-19067 lazyload\" src=\"data:image\/gif;base64,R0lGODlhAQABAAAAACH5BAEKAAEALAAAAAABAAEAAAICTAEAOw==\" data-src=\"https:\/\/www.loscrigno.it\/beautycase\/wp-content\/uploads\/2018\/09\/Zara-giacca-Meghan-Markle-04.jpg\" alt=\"Zara giacca Meghan Markle\" width=\"700\" height=\"400\" data-sizes=\"auto\" data-srcset=\"https:\/\/www.loscrigno.it\/beautycase\/wp-content\/uploads\/2018\/09\/Zara-giacca-Meghan-Markle-04.jpg 700w, https:\/\/www.loscrigno.it\/beautycase\/wp-content\/uploads\/2018\/09\/Zara-giacca-Meghan-Markle-04-232x133.jpg 232w, https:\/\/www.loscrigno.it\/beautycase\/wp-content\/uploads\/2018\/09\/Zara-giacca-Meghan-Markle-04-600x343.jpg 600w, https:\/\/www.loscrigno.it\/beautycase\/wp-content\/uploads\/2018\/09\/Zara-giacca-Meghan-Markle-04-450x257.jpg 450w, https:\/\/www.loscrigno.it\/beautycase\/wp-content\/uploads\/2018\/09\/Zara-giacca-Meghan-Markle-04-20x11.jpg 20w, https:\/\/www.loscrigno.it\/beautycase\/wp-content\/uploads\/2018\/09\/Zara-giacca-Meghan-Markle-04-225x129.jpg 225w\" sizes=\"auto, (max-width: 700px) 100vw, 700px\" \/><\/p>\n<p>Elegante, sorridente, emozionatissima. Diciamoci la verit\u00e0,\u00a0<strong>Meghan Markle<\/strong> piace per la sua spontaneit\u00e0 e per i suoi involontari strappi al protocollo: si vede che cerca di rispettarlo alla lettera, ma poi si distrae e le sfugge un &#8220;<em>love<\/em>&#8221; indirizzato al marito o viene colta da un momento di panico davanti all&#8217;ordine di salita su un&#8217;auto (prima o dopo la regina?).\u00a0 In pi\u00f9, bisogna ammetterlo, la ragazza ha decisamente <strong>gusto nel vestire!<\/strong><\/p>\n<p>Vi ricordate il bellissimo <strong>abito rosa cipria<\/strong> disegnato da <strong>Carolina Herrera<\/strong> ed indossato in occasione del <strong>Trooping the Colour 2018<\/strong>? Io ho adorato lo scollo incrociato a barchetta con i bottoni doppiopetto asimmetrici, e guardando alla <strong>collezione autunno\/inverno 2018<\/strong> di <em><strong>Zara<\/strong> <\/em>non devo essere stata l&#8217;unica.<\/p>\n<p><!--more--><\/p>\n<blockquote class=\"instagram-media\" style=\"background: #FFF; border: 0; border-radius: 3px; box-shadow: 0 0 1px 0 rgba(0,0,0,0.5),0 1px 10px 0 rgba(0,0,0,0.15); margin: 1px; max-width: 540px; min-width: 326px; padding: 0; width: calc(100% - 2px);\" data-instgrm-permalink=\"https:\/\/www.instagram.com\/p\/BniYbhzBe9e\/?utm_source=ig_embed_loading\" data-instgrm-version=\"12\">\n<div style=\"padding: 16px;\">\n<p>&nbsp;<\/p>\n<div style=\"display: flex; flex-direction: row; align-items: center;\">\n<div style=\"background-color: #f4f4f4; border-radius: 50%; flex-grow: 0; height: 40px; margin-right: 14px; width: 40px;\"><\/div>\n<div style=\"display: flex; flex-direction: column; flex-grow: 1; justify-content: center;\">\n<div style=\"background-color: #f4f4f4; border-radius: 4px; flex-grow: 0; height: 14px; margin-bottom: 6px; width: 100px;\"><\/div>\n<div style=\"background-color: #f4f4f4; border-radius: 4px; flex-grow: 0; height: 14px; width: 60px;\"><\/div>\n<\/div>\n<\/div>\n<div style=\"padding: 19% 0;\"><\/div>\n<div style=\"display: block; height: 50px; margin: 0 auto 12px; width: 50px;\"><\/div>\n<div style=\"padding-top: 8px;\">\n<div style=\"color: #3897f0; font-family: Arial,sans-serif; font-size: 14px; font-style: normal; font-weight: 550; line-height: 18px;\">Visualizza questo post su Instagram<\/div>\n<\/div>\n<div style=\"padding: 12.5% 0;\"><\/div>\n<div style=\"display: flex; flex-direction: row; margin-bottom: 14px; align-items: center;\">\n<div>\n<div style=\"background-color: #f4f4f4; border-radius: 50%; height: 12.5px; width: 12.5px; transform: translateX(0px) translateY(7px);\"><\/div>\n<div style=\"background-color: #f4f4f4; height: 12.5px; transform: rotate(-45deg) translateX(3px) translateY(1px); width: 12.5px; flex-grow: 0; margin-right: 14px; margin-left: 2px;\"><\/div>\n<div style=\"background-color: #f4f4f4; border-radius: 50%; height: 12.5px; width: 12.5px; transform: translateX(9px) translateY(-18px);\"><\/div>\n<\/div>\n<div style=\"margin-left: 8px;\">\n<div style=\"background-color: #f4f4f4; border-radius: 50%; flex-grow: 0; height: 20px; width: 20px;\"><\/div>\n<div style=\"width: 0; height: 0; border-top: 2px solid transparent; border-left: 6px solid #f4f4f4; border-bottom: 2px solid transparent; transform: translateX(16px) translateY(-4px) rotate(30deg);\"><\/div>\n<\/div>\n<div style=\"margin-left: auto;\">\n<div style=\"width: 0px; border-top: 8px solid #F4F4F4; border-right: 8px solid transparent; transform: translateY(16px);\"><\/div>\n<div style=\"background-color: #f4f4f4; flex-grow: 0; height: 12px; width: 16px; transform: translateY(-4px);\"><\/div>\n<div style=\"width: 0; height: 0; border-top: 8px solid #F4F4F4; border-left: 8px solid transparent; transform: translateY(-4px) translateX(8px);\"><\/div>\n<\/div>\n<\/div>\n<div style=\"display: flex; flex-direction: column; flex-grow: 1; justify-content: center; margin-bottom: 24px;\">\n<div style=\"background-color: #f4f4f4; border-radius: 4px; flex-grow: 0; height: 14px; margin-bottom: 6px; width: 224px;\"><\/div>\n<div style=\"background-color: #f4f4f4; border-radius: 4px; flex-grow: 0; height: 14px; width: 144px;\"><\/div>\n<\/div>\n<p>&nbsp;<\/p>\n<p style=\"color: #c9c8cd; font-family: Arial,sans-serif; font-size: 14px; line-height: 17px; margin-bottom: 0; margin-top: 8px; overflow: hidden; padding: 8px 0 7px; text-align: center; text-overflow: ellipsis; white-space: nowrap;\"><a style=\"color: #c9c8cd; font-family: Arial,sans-serif; font-size: 14px; font-style: normal; font-weight: normal; line-height: 17px; text-decoration: none;\" href=\"https:\/\/www.instagram.com\/p\/BniYbhzBe9e\/?utm_source=ig_embed_loading\" target=\"_blank\" rel=\"noopener\">Un post condiviso da HRH The Duchess of Sussex (@meghanofsussex)<\/a> in data: <time style=\"font-family: Arial,sans-serif; font-size: 14px; line-height: 17px;\" datetime=\"2018-09-10T07:28:16+00:00\">Set 10, 2018 at 12:28 PDT<\/time><\/p>\n<\/div>\n<\/blockquote>\n<p><script async defer src=\"\/\/www.instagram.com\/embed.js\"><\/script><\/p>\n<blockquote class=\"instagram-media\" style=\"background: #FFF; border: 0; border-radius: 3px; box-shadow: 0 0 1px 0 rgba(0,0,0,0.5),0 1px 10px 0 rgba(0,0,0,0.15); margin: 1px; max-width: 540px; min-width: 326px; padding: 0; width: calc(100% - 2px);\" data-instgrm-permalink=\"https:\/\/www.instagram.com\/p\/BkzsNXMA1C5\/?utm_source=ig_embed_loading\" data-instgrm-version=\"12\">\n<div style=\"padding: 16px;\">\n<p>&nbsp;<\/p>\n<div style=\"display: flex; flex-direction: row; align-items: center;\">\n<div style=\"background-color: #f4f4f4; border-radius: 50%; flex-grow: 0; height: 40px; margin-right: 14px; width: 40px;\"><\/div>\n<div style=\"display: flex; flex-direction: column; flex-grow: 1; justify-content: center;\">\n<div style=\"background-color: #f4f4f4; border-radius: 4px; flex-grow: 0; height: 14px; margin-bottom: 6px; width: 100px;\"><\/div>\n<div style=\"background-color: #f4f4f4; border-radius: 4px; flex-grow: 0; height: 14px; width: 60px;\"><\/div>\n<\/div>\n<\/div>\n<div style=\"padding: 19% 0;\"><\/div>\n<div style=\"display: block; height: 50px; margin: 0 auto 12px; width: 50px;\"><\/div>\n<div style=\"padding-top: 8px;\">\n<div style=\"color: #3897f0; font-family: Arial,sans-serif; font-size: 14px; font-style: normal; font-weight: 550; line-height: 18px;\">Visualizza questo post su Instagram<\/div>\n<\/div>\n<div style=\"padding: 12.5% 0;\"><\/div>\n<div style=\"display: flex; flex-direction: row; margin-bottom: 14px; align-items: center;\">\n<div>\n<div style=\"background-color: #f4f4f4; border-radius: 50%; height: 12.5px; width: 12.5px; transform: translateX(0px) translateY(7px);\"><\/div>\n<div style=\"background-color: #f4f4f4; height: 12.5px; transform: rotate(-45deg) translateX(3px) translateY(1px); width: 12.5px; flex-grow: 0; margin-right: 14px; margin-left: 2px;\"><\/div>\n<div style=\"background-color: #f4f4f4; border-radius: 50%; height: 12.5px; width: 12.5px; transform: translateX(9px) translateY(-18px);\"><\/div>\n<\/div>\n<div style=\"margin-left: 8px;\">\n<div style=\"background-color: #f4f4f4; border-radius: 50%; flex-grow: 0; height: 20px; width: 20px;\"><\/div>\n<div style=\"width: 0; height: 0; border-top: 2px solid transparent; border-left: 6px solid #f4f4f4; border-bottom: 2px solid transparent; transform: translateX(16px) translateY(-4px) rotate(30deg);\"><\/div>\n<\/div>\n<div style=\"margin-left: auto;\">\n<div style=\"width: 0px; border-top: 8px solid #F4F4F4; border-right: 8px solid transparent; transform: translateY(16px);\"><\/div>\n<div style=\"background-color: #f4f4f4; flex-grow: 0; height: 12px; width: 16px; transform: translateY(-4px);\"><\/div>\n<div style=\"width: 0; height: 0; border-top: 8px solid #F4F4F4; border-left: 8px solid transparent; transform: translateY(-4px) translateX(8px);\"><\/div>\n<\/div>\n<\/div>\n<div style=\"display: flex; flex-direction: column; flex-grow: 1; justify-content: center; margin-bottom: 24px;\">\n<div style=\"background-color: #f4f4f4; border-radius: 4px; flex-grow: 0; height: 14px; margin-bottom: 6px; width: 224px;\"><\/div>\n<div style=\"background-color: #f4f4f4; border-radius: 4px; flex-grow: 0; height: 14px; width: 144px;\"><\/div>\n<\/div>\n<p>&nbsp;<\/p>\n<p style=\"color: #c9c8cd; font-family: Arial,sans-serif; font-size: 14px; line-height: 17px; margin-bottom: 0; margin-top: 8px; overflow: hidden; padding: 8px 0 7px; text-align: center; text-overflow: ellipsis; white-space: nowrap;\"><a style=\"color: #c9c8cd; font-family: Arial,sans-serif; font-size: 14px; font-style: normal; font-weight: normal; line-height: 17px; text-decoration: none;\" href=\"https:\/\/www.instagram.com\/p\/BkzsNXMA1C5\/?utm_source=ig_embed_loading\" target=\"_blank\" rel=\"noopener\">Un post condiviso da Meghan Markle Fanpage (@meghan_markle)<\/a> in data: <time style=\"font-family: Arial,sans-serif; font-size: 14px; line-height: 17px;\" datetime=\"2018-07-04T11:14:00+00:00\">Lug 4, 2018 at 4:14 PDT<\/time><\/p>\n<\/div>\n<\/blockquote>\n<p><script async defer src=\"\/\/www.instagram.com\/embed.js\"><\/script><\/p>\n<p>La grande catena di abbigliamento spagnola ha infatti proposto una <strong><em>giacca<\/em> la cui parte superiore \u00e8 praticamente identica a quella indossata dalla duchessa del Sussex<\/strong> (<em><strong><a href=\"https:\/\/www.zara.com\/it\/it\/giacca-scollo-dritto-p07644349.html?v1=6450297&amp;v2=1074648\">guardala sul sito di Zara<\/a><\/strong><\/em>), con la sola eccezione delle file di bottoni, che da una passano a due. Per meglio inserirsi in un contesto invernale Zara ha inoltre optato per le <strong>maniche lunghe<\/strong>, mentre la parte finale perde le linee curve in favore di un <strong>taglio pi\u00f9 squadrato<\/strong>.<\/p>\n<p><strong>LEGGI ANCHE:\u00a0<a href=\"https:\/\/www.loscrigno.it\/beautycase\/index.php\/that-coat-cappotto-zara-bianco-blu\/\"><em>#thatcoat: come abbinare il cappotto di Zara che fa impazzire Londra<\/em><\/a><\/strong><\/p>\n<p>La bella notizia \u00e8 che la giacca di Zara ispirata a Meghan Markle costa <strong>59,95 euro<\/strong>: decisamente meno del capo indossato dalla neo-duchessa!<\/p>\n<p><img loading=\"lazy\" decoding=\"async\" class=\"aligncenter size-full wp-image-19062 lazyload\" src=\"data:image\/gif;base64,R0lGODlhAQABAAAAACH5BAEKAAEALAAAAAABAAEAAAICTAEAOw==\" data-src=\"https:\/\/www.loscrigno.it\/beautycase\/wp-content\/uploads\/2018\/09\/Zara-giacca-Meghan-Markle-01.jpg\" alt=\"Zara giacca Meghan Markle\" width=\"700\" height=\"900\" data-sizes=\"auto\" data-srcset=\"https:\/\/www.loscrigno.it\/beautycase\/wp-content\/uploads\/2018\/09\/Zara-giacca-Meghan-Markle-01.jpg 700w, https:\/\/www.loscrigno.it\/beautycase\/wp-content\/uploads\/2018\/09\/Zara-giacca-Meghan-Markle-01-194x250.jpg 194w, https:\/\/www.loscrigno.it\/beautycase\/wp-content\/uploads\/2018\/09\/Zara-giacca-Meghan-Markle-01-600x771.jpg 600w, https:\/\/www.loscrigno.it\/beautycase\/wp-content\/uploads\/2018\/09\/Zara-giacca-Meghan-Markle-01-450x579.jpg 450w, https:\/\/www.loscrigno.it\/beautycase\/wp-content\/uploads\/2018\/09\/Zara-giacca-Meghan-Markle-01-20x26.jpg 20w, https:\/\/www.loscrigno.it\/beautycase\/wp-content\/uploads\/2018\/09\/Zara-giacca-Meghan-Markle-01-225x289.jpg 225w\" sizes=\"auto, (max-width: 700px) 100vw, 700px\" \/><\/p>\n<p><img loading=\"lazy\" decoding=\"async\" class=\"aligncenter size-full wp-image-19063 lazyload\" src=\"data:image\/gif;base64,R0lGODlhAQABAAAAACH5BAEKAAEALAAAAAABAAEAAAICTAEAOw==\" data-src=\"https:\/\/www.loscrigno.it\/beautycase\/wp-content\/uploads\/2018\/09\/Zara-giacca-Meghan-Markle-02.jpg\" alt=\"Zara giacca Meghan Markle\" width=\"700\" height=\"900\" data-sizes=\"auto\" data-srcset=\"https:\/\/www.loscrigno.it\/beautycase\/wp-content\/uploads\/2018\/09\/Zara-giacca-Meghan-Markle-02.jpg 700w, https:\/\/www.loscrigno.it\/beautycase\/wp-content\/uploads\/2018\/09\/Zara-giacca-Meghan-Markle-02-194x250.jpg 194w, https:\/\/www.loscrigno.it\/beautycase\/wp-content\/uploads\/2018\/09\/Zara-giacca-Meghan-Markle-02-600x771.jpg 600w, https:\/\/www.loscrigno.it\/beautycase\/wp-content\/uploads\/2018\/09\/Zara-giacca-Meghan-Markle-02-450x579.jpg 450w, https:\/\/www.loscrigno.it\/beautycase\/wp-content\/uploads\/2018\/09\/Zara-giacca-Meghan-Markle-02-20x26.jpg 20w, https:\/\/www.loscrigno.it\/beautycase\/wp-content\/uploads\/2018\/09\/Zara-giacca-Meghan-Markle-02-225x289.jpg 225w\" sizes=\"auto, (max-width: 700px) 100vw, 700px\" \/><\/p>\n<p><img loading=\"lazy\" decoding=\"async\" class=\"aligncenter size-full wp-image-19064 lazyload\" src=\"data:image\/gif;base64,R0lGODlhAQABAAAAACH5BAEKAAEALAAAAAABAAEAAAICTAEAOw==\" data-src=\"https:\/\/www.loscrigno.it\/beautycase\/wp-content\/uploads\/2018\/09\/Zara-giacca-Meghan-Markle-03.jpg\" alt=\"Zara giacca Meghan Markle\" width=\"700\" height=\"1050\" data-sizes=\"auto\" data-srcset=\"https:\/\/www.loscrigno.it\/beautycase\/wp-content\/uploads\/2018\/09\/Zara-giacca-Meghan-Markle-03.jpg 700w, https:\/\/www.loscrigno.it\/beautycase\/wp-content\/uploads\/2018\/09\/Zara-giacca-Meghan-Markle-03-167x250.jpg 167w, https:\/\/www.loscrigno.it\/beautycase\/wp-content\/uploads\/2018\/09\/Zara-giacca-Meghan-Markle-03-600x900.jpg 600w, https:\/\/www.loscrigno.it\/beautycase\/wp-content\/uploads\/2018\/09\/Zara-giacca-Meghan-Markle-03-683x1024.jpg 683w, https:\/\/www.loscrigno.it\/beautycase\/wp-content\/uploads\/2018\/09\/Zara-giacca-Meghan-Markle-03-450x675.jpg 450w, https:\/\/www.loscrigno.it\/beautycase\/wp-content\/uploads\/2018\/09\/Zara-giacca-Meghan-Markle-03-225x338.jpg 225w, https:\/\/www.loscrigno.it\/beautycase\/wp-content\/uploads\/2018\/09\/Zara-giacca-Meghan-Markle-03-20x30.jpg 20w\" sizes=\"auto, (max-width: 700px) 100vw, 700px\" \/><\/p>\n<p>Vi piace che Zara abbia preso spunto dai reali inglesi? Pensate di comprare o anche solo provare questo capo? Io non vedo l&#8217;ora di passare in negozio, sperando la mia taglia sia ancora disponibile!<\/p>\n<p>&nbsp;<\/p>\n","protected":false},"excerpt":{"rendered":"<p>Elegante, sorridente, emozionatissima. Diciamoci la verit\u00e0,\u00a0Meghan Markle piace per la sua spontaneit\u00e0 e per i suoi involontari strappi al protocollo: si vede che cerca di rispettarlo alla lettera, ma poi si distrae e le sfugge un &#8220;love&#8221; indirizzato al marito o viene colta da un momento di panico davanti all&#8217;ordine di salita su un&#8217;auto (prima&hellip;<\/p>\n","protected":false},"author":1,"featured_media":19065,"comment_status":"open","ping_status":"open","sticky":false,"template":"","format":"standard","meta":{"footnotes":""},"categories":[326],"tags":[],"thb-sponsors":[],"class_list":["post-19058","post","type-post","status-publish","format-standard","has-post-thumbnail","hentry","category-fashion"],"featured_image_src":"https:\/\/www.loscrigno.it\/beautycase\/wp-content\/uploads\/2018\/09\/Zara-giacca-Meghan-Markle-cop.jpg","author_info":{"display_name":"Marica","author_link":"https:\/\/www.loscrigno.it\/beautycase\/index.php\/author\/verdiana\/"},"yoast_head":"<!-- This site is optimized with the Yoast SEO plugin v27.5 - https:\/\/yoast.com\/product\/yoast-seo-wordpress\/ -->\r\n<title>Da Zara c&#039;\u00e8 una giacca identica al vestito di Meghan Markle<\/title>\r\n<meta name=\"description\" content=\"Zara ha messo in vendita una giacca praticamente identica all&#039;abito indossato da Meghan Markle in occasione del Trooping the Colour 2018: stesso scollo incrociato a barchetta, stessi bottoni doppiopetto asimmetrici... ma un prezzo decisamente pi\u00f9 basso!\" \/>\r\n<meta name=\"robots\" content=\"index, follow, max-snippet:-1, max-image-preview:large, max-video-preview:-1\" \/>\r\n<link rel=\"canonical\" href=\"https:\/\/www.loscrigno.it\/beautycase\/index.php\/zara-giacca-meghan-markle-abito\/\" \/>\r\n<meta name=\"twitter:card\" content=\"summary_large_image\" \/>\r\n<meta name=\"twitter:title\" content=\"Da Zara c&#039;\u00e8 una giacca identica al vestito di Meghan Markle\" \/>\r\n<meta name=\"twitter:description\" content=\"Zara ha messo in vendita una giacca praticamente identica all&#039;abito indossato da Meghan Markle in occasione del Trooping the Colour 2018: stesso scollo incrociato a barchetta, stessi bottoni doppiopetto asimmetrici... ma un prezzo decisamente pi\u00f9 basso!\" \/>\r\n<meta name=\"twitter:image\" content=\"https:\/\/www.loscrigno.it\/beautycase\/wp-content\/uploads\/2018\/09\/Zara-giacca-Meghan-Markle-cop.jpg\" \/>\r\n<meta name=\"twitter:creator\" content=\"@http:\/\/www.twitter.com\/beautycaseblog\" \/>\r\n<meta name=\"twitter:label1\" content=\"Scritto da\" \/>\n\t<meta name=\"twitter:data1\" content=\"Marica\" \/>\n\t<meta name=\"twitter:label2\" content=\"Tempo di lettura stimato\" \/>\n\t<meta name=\"twitter:data2\" content=\"2 minuti\" \/>\r\n<script type=\"application\/ld+json\" class=\"yoast-schema-graph\">{\"@context\":\"https:\\\/\\\/schema.org\",\"@graph\":[{\"@type\":\"Article\",\"@id\":\"https:\\\/\\\/www.loscrigno.it\\\/beautycase\\\/index.php\\\/zara-giacca-meghan-markle-abito\\\/#article\",\"isPartOf\":{\"@id\":\"https:\\\/\\\/www.loscrigno.it\\\/beautycase\\\/index.php\\\/zara-giacca-meghan-markle-abito\\\/\"},\"author\":{\"name\":\"Marica\",\"@id\":\"https:\\\/\\\/www.loscrigno.it\\\/beautycase\\\/#\\\/schema\\\/person\\\/11eee6092821563eadc965b96ca0314d\"},\"headline\":\"Da Zara c&#8217;\u00e8 una giacca identica al vestito di Meghan Markle\",\"datePublished\":\"2018-09-10T11:25:55+00:00\",\"mainEntityOfPage\":{\"@id\":\"https:\\\/\\\/www.loscrigno.it\\\/beautycase\\\/index.php\\\/zara-giacca-meghan-markle-abito\\\/\"},\"wordCount\":316,\"commentCount\":0,\"image\":{\"@id\":\"https:\\\/\\\/www.loscrigno.it\\\/beautycase\\\/index.php\\\/zara-giacca-meghan-markle-abito\\\/#primaryimage\"},\"thumbnailUrl\":\"https:\\\/\\\/www.loscrigno.it\\\/beautycase\\\/wp-content\\\/uploads\\\/2018\\\/09\\\/Zara-giacca-Meghan-Markle-cop.jpg\",\"articleSection\":[\"Fashion\"],\"inLanguage\":\"it-IT\",\"potentialAction\":[{\"@type\":\"CommentAction\",\"name\":\"Comment\",\"target\":[\"https:\\\/\\\/www.loscrigno.it\\\/beautycase\\\/index.php\\\/zara-giacca-meghan-markle-abito\\\/#respond\"]}]},{\"@type\":\"WebPage\",\"@id\":\"https:\\\/\\\/www.loscrigno.it\\\/beautycase\\\/index.php\\\/zara-giacca-meghan-markle-abito\\\/\",\"url\":\"https:\\\/\\\/www.loscrigno.it\\\/beautycase\\\/index.php\\\/zara-giacca-meghan-markle-abito\\\/\",\"name\":\"Da Zara c'\u00e8 una giacca identica al vestito di Meghan Markle\",\"isPartOf\":{\"@id\":\"https:\\\/\\\/www.loscrigno.it\\\/beautycase\\\/#website\"},\"primaryImageOfPage\":{\"@id\":\"https:\\\/\\\/www.loscrigno.it\\\/beautycase\\\/index.php\\\/zara-giacca-meghan-markle-abito\\\/#primaryimage\"},\"image\":{\"@id\":\"https:\\\/\\\/www.loscrigno.it\\\/beautycase\\\/index.php\\\/zara-giacca-meghan-markle-abito\\\/#primaryimage\"},\"thumbnailUrl\":\"https:\\\/\\\/www.loscrigno.it\\\/beautycase\\\/wp-content\\\/uploads\\\/2018\\\/09\\\/Zara-giacca-Meghan-Markle-cop.jpg\",\"datePublished\":\"2018-09-10T11:25:55+00:00\",\"author\":{\"@id\":\"https:\\\/\\\/www.loscrigno.it\\\/beautycase\\\/#\\\/schema\\\/person\\\/11eee6092821563eadc965b96ca0314d\"},\"description\":\"Zara ha messo in vendita una giacca praticamente identica all'abito indossato da Meghan Markle in occasione del Trooping the Colour 2018: stesso scollo incrociato a barchetta, stessi bottoni doppiopetto asimmetrici... ma un prezzo decisamente pi\u00f9 basso!\",\"breadcrumb\":{\"@id\":\"https:\\\/\\\/www.loscrigno.it\\\/beautycase\\\/index.php\\\/zara-giacca-meghan-markle-abito\\\/#breadcrumb\"},\"inLanguage\":\"it-IT\",\"potentialAction\":[{\"@type\":\"ReadAction\",\"target\":[\"https:\\\/\\\/www.loscrigno.it\\\/beautycase\\\/index.php\\\/zara-giacca-meghan-markle-abito\\\/\"]}]},{\"@type\":\"ImageObject\",\"inLanguage\":\"it-IT\",\"@id\":\"https:\\\/\\\/www.loscrigno.it\\\/beautycase\\\/index.php\\\/zara-giacca-meghan-markle-abito\\\/#primaryimage\",\"url\":\"https:\\\/\\\/www.loscrigno.it\\\/beautycase\\\/wp-content\\\/uploads\\\/2018\\\/09\\\/Zara-giacca-Meghan-Markle-cop.jpg\",\"contentUrl\":\"https:\\\/\\\/www.loscrigno.it\\\/beautycase\\\/wp-content\\\/uploads\\\/2018\\\/09\\\/Zara-giacca-Meghan-Markle-cop.jpg\",\"width\":870,\"height\":400,\"caption\":\"Zara giacca Meghan Markle\"},{\"@type\":\"BreadcrumbList\",\"@id\":\"https:\\\/\\\/www.loscrigno.it\\\/beautycase\\\/index.php\\\/zara-giacca-meghan-markle-abito\\\/#breadcrumb\",\"itemListElement\":[{\"@type\":\"ListItem\",\"position\":1,\"name\":\"Home\",\"item\":\"https:\\\/\\\/www.loscrigno.it\\\/beautycase\\\/\"},{\"@type\":\"ListItem\",\"position\":2,\"name\":\"Da Zara c&#8217;\u00e8 una giacca identica al vestito di Meghan Markle\"}]},{\"@type\":\"WebSite\",\"@id\":\"https:\\\/\\\/www.loscrigno.it\\\/beautycase\\\/#website\",\"url\":\"https:\\\/\\\/www.loscrigno.it\\\/beautycase\\\/\",\"name\":\"Beauty Case Blog - Beauty blog italiano su make-up e bellezza\",\"description\":\"Beauty Case Blog \u00e8 uno dei pi\u00f9 importanti beauty blog italiani. Leggi ora tutte le novit\u00e0 del mondo beauty e scopri i miei consigli su make-up e bellezza.\",\"potentialAction\":[{\"@type\":\"SearchAction\",\"target\":{\"@type\":\"EntryPoint\",\"urlTemplate\":\"https:\\\/\\\/www.loscrigno.it\\\/beautycase\\\/?s={search_term_string}\"},\"query-input\":{\"@type\":\"PropertyValueSpecification\",\"valueRequired\":true,\"valueName\":\"search_term_string\"}}],\"inLanguage\":\"it-IT\"},{\"@type\":\"Person\",\"@id\":\"https:\\\/\\\/www.loscrigno.it\\\/beautycase\\\/#\\\/schema\\\/person\\\/11eee6092821563eadc965b96ca0314d\",\"name\":\"Marica\",\"image\":{\"@type\":\"ImageObject\",\"inLanguage\":\"it-IT\",\"@id\":\"https:\\\/\\\/secure.gravatar.com\\\/avatar\\\/17ff8fae2051e8d0c09037bc4e9ab017ac93233f8d559691101577712100fa39?s=96&d=blank&r=g\",\"url\":\"https:\\\/\\\/secure.gravatar.com\\\/avatar\\\/17ff8fae2051e8d0c09037bc4e9ab017ac93233f8d559691101577712100fa39?s=96&d=blank&r=g\",\"contentUrl\":\"https:\\\/\\\/secure.gravatar.com\\\/avatar\\\/17ff8fae2051e8d0c09037bc4e9ab017ac93233f8d559691101577712100fa39?s=96&d=blank&r=g\",\"caption\":\"Marica\"},\"description\":\"Appassionata di cosmesi e di tutto ci\u00f2 che \u00e8 bello. Dal 2015 vivo a cavallo tra Italia e Inghilterra e ho un'inarrestabile passione per borse e rossetti. Il super-potere che vorrei? Quello dei capelli sempre in piega! Su Instagram mi trovi come @beautycaseblog.\",\"sameAs\":[\"http:\\\/\\\/www.instagram.com\\\/beautycaseblog\",\"http:\\\/\\\/www.facebook.com\\\/beautycaseblog\",\"https:\\\/\\\/x.com\\\/http:\\\/\\\/www.twitter.com\\\/beautycaseblog\"],\"url\":\"https:\\\/\\\/www.loscrigno.it\\\/beautycase\\\/index.php\\\/author\\\/verdiana\\\/\"}]}<\/script>\r\n<!-- \/ Yoast SEO plugin. -->","yoast_head_json":{"title":"Da Zara c'\u00e8 una giacca identica al vestito di Meghan Markle","description":"Zara ha messo in vendita una giacca praticamente identica all'abito indossato da Meghan Markle in occasione del Trooping the Colour 2018: stesso scollo incrociato a barchetta, stessi bottoni doppiopetto asimmetrici... ma un prezzo decisamente pi\u00f9 basso!","robots":{"index":"index","follow":"follow","max-snippet":"max-snippet:-1","max-image-preview":"max-image-preview:large","max-video-preview":"max-video-preview:-1"},"canonical":"https:\/\/www.loscrigno.it\/beautycase\/index.php\/zara-giacca-meghan-markle-abito\/","twitter_card":"summary_large_image","twitter_title":"Da Zara c'\u00e8 una giacca identica al vestito di Meghan Markle","twitter_description":"Zara ha messo in vendita una giacca praticamente identica all'abito indossato da Meghan Markle in occasione del Trooping the Colour 2018: stesso scollo incrociato a barchetta, stessi bottoni doppiopetto asimmetrici... ma un prezzo decisamente pi\u00f9 basso!","twitter_image":"https:\/\/www.loscrigno.it\/beautycase\/wp-content\/uploads\/2018\/09\/Zara-giacca-Meghan-Markle-cop.jpg","twitter_creator":"@http:\/\/www.twitter.com\/beautycaseblog","twitter_misc":{"Scritto da":"Marica","Tempo di lettura stimato":"2 minuti"},"schema":{"@context":"https:\/\/schema.org","@graph":[{"@type":"Article","@id":"https:\/\/www.loscrigno.it\/beautycase\/index.php\/zara-giacca-meghan-markle-abito\/#article","isPartOf":{"@id":"https:\/\/www.loscrigno.it\/beautycase\/index.php\/zara-giacca-meghan-markle-abito\/"},"author":{"name":"Marica","@id":"https:\/\/www.loscrigno.it\/beautycase\/#\/schema\/person\/11eee6092821563eadc965b96ca0314d"},"headline":"Da Zara c&#8217;\u00e8 una giacca identica al vestito di Meghan Markle","datePublished":"2018-09-10T11:25:55+00:00","mainEntityOfPage":{"@id":"https:\/\/www.loscrigno.it\/beautycase\/index.php\/zara-giacca-meghan-markle-abito\/"},"wordCount":316,"commentCount":0,"image":{"@id":"https:\/\/www.loscrigno.it\/beautycase\/index.php\/zara-giacca-meghan-markle-abito\/#primaryimage"},"thumbnailUrl":"https:\/\/www.loscrigno.it\/beautycase\/wp-content\/uploads\/2018\/09\/Zara-giacca-Meghan-Markle-cop.jpg","articleSection":["Fashion"],"inLanguage":"it-IT","potentialAction":[{"@type":"CommentAction","name":"Comment","target":["https:\/\/www.loscrigno.it\/beautycase\/index.php\/zara-giacca-meghan-markle-abito\/#respond"]}]},{"@type":"WebPage","@id":"https:\/\/www.loscrigno.it\/beautycase\/index.php\/zara-giacca-meghan-markle-abito\/","url":"https:\/\/www.loscrigno.it\/beautycase\/index.php\/zara-giacca-meghan-markle-abito\/","name":"Da Zara c'\u00e8 una giacca identica al vestito di Meghan Markle","isPartOf":{"@id":"https:\/\/www.loscrigno.it\/beautycase\/#website"},"primaryImageOfPage":{"@id":"https:\/\/www.loscrigno.it\/beautycase\/index.php\/zara-giacca-meghan-markle-abito\/#primaryimage"},"image":{"@id":"https:\/\/www.loscrigno.it\/beautycase\/index.php\/zara-giacca-meghan-markle-abito\/#primaryimage"},"thumbnailUrl":"https:\/\/www.loscrigno.it\/beautycase\/wp-content\/uploads\/2018\/09\/Zara-giacca-Meghan-Markle-cop.jpg","datePublished":"2018-09-10T11:25:55+00:00","author":{"@id":"https:\/\/www.loscrigno.it\/beautycase\/#\/schema\/person\/11eee6092821563eadc965b96ca0314d"},"description":"Zara ha messo in vendita una giacca praticamente identica all'abito indossato da Meghan Markle in occasione del Trooping the Colour 2018: stesso scollo incrociato a barchetta, stessi bottoni doppiopetto asimmetrici... ma un prezzo decisamente pi\u00f9 basso!","breadcrumb":{"@id":"https:\/\/www.loscrigno.it\/beautycase\/index.php\/zara-giacca-meghan-markle-abito\/#breadcrumb"},"inLanguage":"it-IT","potentialAction":[{"@type":"ReadAction","target":["https:\/\/www.loscrigno.it\/beautycase\/index.php\/zara-giacca-meghan-markle-abito\/"]}]},{"@type":"ImageObject","inLanguage":"it-IT","@id":"https:\/\/www.loscrigno.it\/beautycase\/index.php\/zara-giacca-meghan-markle-abito\/#primaryimage","url":"https:\/\/www.loscrigno.it\/beautycase\/wp-content\/uploads\/2018\/09\/Zara-giacca-Meghan-Markle-cop.jpg","contentUrl":"https:\/\/www.loscrigno.it\/beautycase\/wp-content\/uploads\/2018\/09\/Zara-giacca-Meghan-Markle-cop.jpg","width":870,"height":400,"caption":"Zara giacca Meghan Markle"},{"@type":"BreadcrumbList","@id":"https:\/\/www.loscrigno.it\/beautycase\/index.php\/zara-giacca-meghan-markle-abito\/#breadcrumb","itemListElement":[{"@type":"ListItem","position":1,"name":"Home","item":"https:\/\/www.loscrigno.it\/beautycase\/"},{"@type":"ListItem","position":2,"name":"Da Zara c&#8217;\u00e8 una giacca identica al vestito di Meghan Markle"}]},{"@type":"WebSite","@id":"https:\/\/www.loscrigno.it\/beautycase\/#website","url":"https:\/\/www.loscrigno.it\/beautycase\/","name":"Beauty Case Blog - Beauty blog italiano su make-up e bellezza","description":"Beauty Case Blog \u00e8 uno dei pi\u00f9 importanti beauty blog italiani. Leggi ora tutte le novit\u00e0 del mondo beauty e scopri i miei consigli su make-up e bellezza.","potentialAction":[{"@type":"SearchAction","target":{"@type":"EntryPoint","urlTemplate":"https:\/\/www.loscrigno.it\/beautycase\/?s={search_term_string}"},"query-input":{"@type":"PropertyValueSpecification","valueRequired":true,"valueName":"search_term_string"}}],"inLanguage":"it-IT"},{"@type":"Person","@id":"https:\/\/www.loscrigno.it\/beautycase\/#\/schema\/person\/11eee6092821563eadc965b96ca0314d","name":"Marica","image":{"@type":"ImageObject","inLanguage":"it-IT","@id":"https:\/\/secure.gravatar.com\/avatar\/17ff8fae2051e8d0c09037bc4e9ab017ac93233f8d559691101577712100fa39?s=96&d=blank&r=g","url":"https:\/\/secure.gravatar.com\/avatar\/17ff8fae2051e8d0c09037bc4e9ab017ac93233f8d559691101577712100fa39?s=96&d=blank&r=g","contentUrl":"https:\/\/secure.gravatar.com\/avatar\/17ff8fae2051e8d0c09037bc4e9ab017ac93233f8d559691101577712100fa39?s=96&d=blank&r=g","caption":"Marica"},"description":"Appassionata di cosmesi e di tutto ci\u00f2 che \u00e8 bello. Dal 2015 vivo a cavallo tra Italia e Inghilterra e ho un'inarrestabile passione per borse e rossetti. Il super-potere che vorrei? Quello dei capelli sempre in piega! Su Instagram mi trovi come @beautycaseblog.","sameAs":["http:\/\/www.instagram.com\/beautycaseblog","http:\/\/www.facebook.com\/beautycaseblog","https:\/\/x.com\/http:\/\/www.twitter.com\/beautycaseblog"],"url":"https:\/\/www.loscrigno.it\/beautycase\/index.php\/author\/verdiana\/"}]}},"_links":{"self":[{"href":"https:\/\/www.loscrigno.it\/beautycase\/index.php\/wp-json\/wp\/v2\/posts\/19058","targetHints":{"allow":["GET"]}}],"collection":[{"href":"https:\/\/www.loscrigno.it\/beautycase\/index.php\/wp-json\/wp\/v2\/posts"}],"about":[{"href":"https:\/\/www.loscrigno.it\/beautycase\/index.php\/wp-json\/wp\/v2\/types\/post"}],"author":[{"embeddable":true,"href":"https:\/\/www.loscrigno.it\/beautycase\/index.php\/wp-json\/wp\/v2\/users\/1"}],"replies":[{"embeddable":true,"href":"https:\/\/www.loscrigno.it\/beautycase\/index.php\/wp-json\/wp\/v2\/comments?post=19058"}],"version-history":[{"count":13,"href":"https:\/\/www.loscrigno.it\/beautycase\/index.php\/wp-json\/wp\/v2\/posts\/19058\/revisions"}],"predecessor-version":[{"id":19078,"href":"https:\/\/www.loscrigno.it\/beautycase\/index.php\/wp-json\/wp\/v2\/posts\/19058\/revisions\/19078"}],"wp:featuredmedia":[{"embeddable":true,"href":"https:\/\/www.loscrigno.it\/beautycase\/index.php\/wp-json\/wp\/v2\/media\/19065"}],"wp:attachment":[{"href":"https:\/\/www.loscrigno.it\/beautycase\/index.php\/wp-json\/wp\/v2\/media?parent=19058"}],"wp:term":[{"taxonomy":"category","embeddable":true,"href":"https:\/\/www.loscrigno.it\/beautycase\/index.php\/wp-json\/wp\/v2\/categories?post=19058"},{"taxonomy":"post_tag","embeddable":true,"href":"https:\/\/www.loscrigno.it\/beautycase\/index.php\/wp-json\/wp\/v2\/tags?post=19058"},{"taxonomy":"thb-sponsors","embeddable":true,"href":"https:\/\/www.loscrigno.it\/beautycase\/index.php\/wp-json\/wp\/v2\/thb-sponsors?post=19058"}],"curies":[{"name":"wp","href":"https:\/\/api.w.org\/{rel}","templated":true}]}}