{"id":19142,"date":"2018-09-13T12:37:31","date_gmt":"2018-09-13T10:37:31","guid":{"rendered":"http:\/\/www.loscrigno.it\/beautycase\/?p=19142"},"modified":"2018-09-13T12:37:31","modified_gmt":"2018-09-13T10:37:31","slug":"provenzali-balsamo-semi-di-lino-ritirato-per-rischio-microbiologico","status":"publish","type":"post","link":"https:\/\/www.loscrigno.it\/beautycase\/index.php\/provenzali-balsamo-semi-di-lino-ritirato-per-rischio-microbiologico\/","title":{"rendered":"<strong>RITIRATI<\/strong> alcuni lotti di <strong><em>balsamo semi di lino I Provenzali<\/em><\/strong>: rischio microbiologico"},"content":{"rendered":"<p><img loading=\"lazy\" decoding=\"async\" class=\"aligncenter size-full wp-image-19144 lazyload\" src=\"data:image\/gif;base64,R0lGODlhAQABAAAAACH5BAEKAAEALAAAAAABAAEAAAICTAEAOw==\" data-src=\"https:\/\/www.loscrigno.it\/beautycase\/wp-content\/uploads\/2018\/09\/Provenzali-balsamo-erboristico-ai-semi-di-lino-02.jpg\" alt=\"Provenzali balsamo ai semi di lino\" width=\"700\" height=\"443\" data-sizes=\"auto\" data-srcset=\"https:\/\/www.loscrigno.it\/beautycase\/wp-content\/uploads\/2018\/09\/Provenzali-balsamo-erboristico-ai-semi-di-lino-02.jpg 700w, https:\/\/www.loscrigno.it\/beautycase\/wp-content\/uploads\/2018\/09\/Provenzali-balsamo-erboristico-ai-semi-di-lino-02-232x147.jpg 232w, https:\/\/www.loscrigno.it\/beautycase\/wp-content\/uploads\/2018\/09\/Provenzali-balsamo-erboristico-ai-semi-di-lino-02-600x380.jpg 600w, https:\/\/www.loscrigno.it\/beautycase\/wp-content\/uploads\/2018\/09\/Provenzali-balsamo-erboristico-ai-semi-di-lino-02-450x285.jpg 450w, https:\/\/www.loscrigno.it\/beautycase\/wp-content\/uploads\/2018\/09\/Provenzali-balsamo-erboristico-ai-semi-di-lino-02-225x142.jpg 225w, https:\/\/www.loscrigno.it\/beautycase\/wp-content\/uploads\/2018\/09\/Provenzali-balsamo-erboristico-ai-semi-di-lino-02-20x13.jpg 20w\" sizes=\"auto, (max-width: 700px) 100vw, 700px\" \/><\/p>\n<p>Alcuni controlli effettuati sul <strong>Balsamo ai Semi di Lino<\/strong> de <strong>I Provenzali<\/strong> hanno portato alla luce la presenza di<strong> batteri aerobici, funghi e muffe<\/strong> che ne rendono pericoloso l&#8217;uso: se il prodotto contaminato venisse a contatto con pelle lesionata o con gli occhi (cosa piuttosto comune, per un balsamo), potrebbe infatti provocare<strong> irritazioni ed infezioni<\/strong>.<\/p>\n<p>Il problema \u00e8 stato evidenziato relativamente ai <strong>lotti di produzione 3067, 3137, 3167, 3487, 3527 e 2987<\/strong>. <em><strong>Tutti gli altri possono essere considerati sicuri<\/strong><\/em> e possono essere utilizzati senza timore per la propria salute.<\/p>\n<p><!--more--><\/p>\n<p>I punti vendita sono gi\u00e0 stati informati in merito all&#8217;esigenza di ritirare dagli espositori i lotti contaminati, ma \u00e8 altamente probabile che molte confezioni siano state gi\u00e0 vendute: il periodo di produzione risale infatti a giugno e luglio 2017.<br \/>\nSe vi trovate in possesso di uno di questi flaconi potete <strong>riportarlo nel negozio<\/strong> dove lo avete acquistato o potete <strong>contattare direttamente I Provenzali<\/strong> all&#8217;indirizzo email\u00a0<strong>servizioconsumatori@iprovenzali.it<\/strong>: vi verr\u00e0 sostituito con uno conforme e verrete guidati lungo la gestione del reso.<\/p>\n<p><img loading=\"lazy\" decoding=\"async\" class=\"aligncenter size-full wp-image-19146 lazyload\" src=\"data:image\/gif;base64,R0lGODlhAQABAAAAACH5BAEKAAEALAAAAAABAAEAAAICTAEAOw==\" data-src=\"https:\/\/www.loscrigno.it\/beautycase\/wp-content\/uploads\/2018\/09\/Provenzali-balsamo-erboristico-ai-semi-di-lino-ritirato-03.jpg\" alt=\"Provenzali balsamo ai semi di lino\" width=\"700\" height=\"807\" data-sizes=\"auto\" data-srcset=\"https:\/\/www.loscrigno.it\/beautycase\/wp-content\/uploads\/2018\/09\/Provenzali-balsamo-erboristico-ai-semi-di-lino-ritirato-03.jpg 700w, https:\/\/www.loscrigno.it\/beautycase\/wp-content\/uploads\/2018\/09\/Provenzali-balsamo-erboristico-ai-semi-di-lino-ritirato-03-217x250.jpg 217w, https:\/\/www.loscrigno.it\/beautycase\/wp-content\/uploads\/2018\/09\/Provenzali-balsamo-erboristico-ai-semi-di-lino-ritirato-03-600x692.jpg 600w, https:\/\/www.loscrigno.it\/beautycase\/wp-content\/uploads\/2018\/09\/Provenzali-balsamo-erboristico-ai-semi-di-lino-ritirato-03-450x519.jpg 450w, https:\/\/www.loscrigno.it\/beautycase\/wp-content\/uploads\/2018\/09\/Provenzali-balsamo-erboristico-ai-semi-di-lino-ritirato-03-225x259.jpg 225w, https:\/\/www.loscrigno.it\/beautycase\/wp-content\/uploads\/2018\/09\/Provenzali-balsamo-erboristico-ai-semi-di-lino-ritirato-03-20x23.jpg 20w\" sizes=\"auto, (max-width: 700px) 100vw, 700px\" \/><\/p>\n<p>A dare l&#8217;allarme \u00e8 stato il servizio <strong>RAPEX<\/strong> (<strong>The Rapid Alert System for Non-Food Products<\/strong>) della <strong>Commissione Europea<\/strong>: un sistema di allerta che permette ai 31 paesi dell&#8217;Unione rapidi scambi di informazioni relativamente a prodotti non commestibili che possono mettere a rischio la salute e la sicurezza dei consumatori.<\/p>\n<p>Il sito <strong>Rapex<\/strong> \u00e8 liberamente consultabile da tutti i cittadini, cos\u00ec come lo \u00e8 la scheda ufficiale che riporta la notizia sul Balsamo ai Semi di Lino de I Provenzali: qui trovate <strong><a href=\"https:\/\/ec.europa.eu\/consumers\/consumers_safety\/safety_products\/rapex\/alerts\/?event=viewProduct&amp;reference=A12\/1287\/18\">la pagina web di riferimento<\/a><\/strong>, mentre qui potete <strong><a href=\"https:\/\/ec.europa.eu\/consumers\/consumers_safety\/safety_products\/rapex\/alerts\/?event=main.notification&amp;search_term=A12\/1287\/18&amp;exclude_search_term=0&amp;search_year=2018\">scaricare il pdf della scheda di richiamo prodotto<\/a><\/strong>.<\/p>\n<p>Un ringraziamento va a <strong><a href=\"http:\/\/www.instagram.com\/goldenvi0let\">Chiara Goldenvi0let<\/a><\/strong> per aver condiviso la notizia nelle sue storie di Instagram, permettendomi di venirne a conoscenza. Se ancora non la conoscete vi invito a <strong><a href=\"https:\/\/www.youtube.com\/channel\/UCLR4YIxHliwXO1rnGcnxpBQ\">seguirla anche su Youtube<\/a><\/strong>: \u00e8 molto brava e le sue recensioni sono sempre divertenti ed oneste.<\/p>\n<p>Noi, invece, ci vediamo come sempre su Instagram e su Facebook, dove mi trovate come <em><strong><a href=\"http:\/\/www.instagram.com\/beautycaseblog\">@BeautyCaseBlog<\/a><\/strong><\/em>.<\/p>\n<p>&nbsp;<\/p>\n","protected":false},"excerpt":{"rendered":"<p>Alcuni controlli effettuati sul Balsamo ai Semi di Lino de I Provenzali hanno portato alla luce la presenza di batteri aerobici, funghi e muffe che ne rendono pericoloso l&#8217;uso: se il prodotto contaminato venisse a contatto con pelle lesionata o con gli occhi (cosa piuttosto comune, per un balsamo), potrebbe infatti provocare irritazioni ed infezioni.&hellip;<\/p>\n","protected":false},"author":1,"featured_media":19145,"comment_status":"open","ping_status":"open","sticky":false,"template":"","format":"standard","meta":{"footnotes":""},"categories":[26],"tags":[1400],"thb-sponsors":[],"class_list":["post-19142","post","type-post","status-publish","format-standard","has-post-thumbnail","hentry","category-hair-care","tag-consigli-di-bellezza"],"featured_image_src":"https:\/\/www.loscrigno.it\/beautycase\/wp-content\/uploads\/2018\/09\/Provenzali-balsamo-erboristico-ai-semi-di-lino-cop.jpg","author_info":{"display_name":"Marica","author_link":"https:\/\/www.loscrigno.it\/beautycase\/index.php\/author\/verdiana\/"},"yoast_head":"<!-- This site is optimized with the Yoast SEO plugin v27.4 - https:\/\/yoast.com\/product\/yoast-seo-wordpress\/ -->\r\n<title>RITIRATI alcuni lotti di balsamo semi di lino I Provenzali: rischio microbiologico<\/title>\r\n<meta name=\"description\" content=\"Alcuni lotti del Balsamo ai Semi di Lino de I Provenzali sono stati ritirati dal mercato per rischio microbiologico. L&#039;uso potrebbe portare irritazioni e infezioni alla pelle ed agli occhi. Se ne hai una confezione confronta il numero di lotto con quelli riportati nell&#039;articolo per verificare che sia sicuro usarlo.\" \/>\r\n<meta name=\"robots\" content=\"index, follow, max-snippet:-1, max-image-preview:large, max-video-preview:-1\" \/>\r\n<link rel=\"canonical\" href=\"https:\/\/www.loscrigno.it\/beautycase\/index.php\/provenzali-balsamo-semi-di-lino-ritirato-per-rischio-microbiologico\/\" \/>\r\n<meta name=\"twitter:card\" content=\"summary_large_image\" \/>\r\n<meta name=\"twitter:title\" content=\"RITIRATI alcuni lotti di balsamo semi di lino I Provenzali: rischio microbiologico\" \/>\r\n<meta name=\"twitter:description\" content=\"Alcuni lotti del Balsamo ai Semi di Lino de I Provenzali sono stati ritirati dal mercato per rischio microbiologico. L&#039;uso potrebbe portare irritazioni e infezioni alla pelle ed agli occhi. Se ne hai una confezione confronta il numero di lotto con quelli riportati nell&#039;articolo per verificare che sia sicuro usarlo.\" \/>\r\n<meta name=\"twitter:image\" content=\"https:\/\/www.loscrigno.it\/beautycase\/wp-content\/uploads\/2018\/09\/Provenzali-balsamo-erboristico-ai-semi-di-lino-cop.jpg\" \/>\r\n<meta name=\"twitter:creator\" content=\"@http:\/\/www.twitter.com\/beautycaseblog\" \/>\r\n<meta name=\"twitter:label1\" content=\"Scritto da\" \/>\n\t<meta name=\"twitter:data1\" content=\"Marica\" \/>\n\t<meta name=\"twitter:label2\" content=\"Tempo di lettura stimato\" \/>\n\t<meta name=\"twitter:data2\" content=\"2 minuti\" \/>\r\n<script type=\"application\/ld+json\" class=\"yoast-schema-graph\">{\"@context\":\"https:\\\/\\\/schema.org\",\"@graph\":[{\"@type\":\"Article\",\"@id\":\"https:\\\/\\\/www.loscrigno.it\\\/beautycase\\\/index.php\\\/provenzali-balsamo-semi-di-lino-ritirato-per-rischio-microbiologico\\\/#article\",\"isPartOf\":{\"@id\":\"https:\\\/\\\/www.loscrigno.it\\\/beautycase\\\/index.php\\\/provenzali-balsamo-semi-di-lino-ritirato-per-rischio-microbiologico\\\/\"},\"author\":{\"name\":\"Marica\",\"@id\":\"https:\\\/\\\/www.loscrigno.it\\\/beautycase\\\/#\\\/schema\\\/person\\\/11eee6092821563eadc965b96ca0314d\"},\"headline\":\"RITIRATI alcuni lotti di balsamo semi di lino I Provenzali: rischio microbiologico\",\"datePublished\":\"2018-09-13T10:37:31+00:00\",\"mainEntityOfPage\":{\"@id\":\"https:\\\/\\\/www.loscrigno.it\\\/beautycase\\\/index.php\\\/provenzali-balsamo-semi-di-lino-ritirato-per-rischio-microbiologico\\\/\"},\"wordCount\":334,\"commentCount\":1,\"image\":{\"@id\":\"https:\\\/\\\/www.loscrigno.it\\\/beautycase\\\/index.php\\\/provenzali-balsamo-semi-di-lino-ritirato-per-rischio-microbiologico\\\/#primaryimage\"},\"thumbnailUrl\":\"https:\\\/\\\/www.loscrigno.it\\\/beautycase\\\/wp-content\\\/uploads\\\/2018\\\/09\\\/Provenzali-balsamo-erboristico-ai-semi-di-lino-cop.jpg\",\"keywords\":[\"Consigli di bellezza\"],\"articleSection\":[\"Capelli\"],\"inLanguage\":\"it-IT\",\"potentialAction\":[{\"@type\":\"CommentAction\",\"name\":\"Comment\",\"target\":[\"https:\\\/\\\/www.loscrigno.it\\\/beautycase\\\/index.php\\\/provenzali-balsamo-semi-di-lino-ritirato-per-rischio-microbiologico\\\/#respond\"]}]},{\"@type\":\"WebPage\",\"@id\":\"https:\\\/\\\/www.loscrigno.it\\\/beautycase\\\/index.php\\\/provenzali-balsamo-semi-di-lino-ritirato-per-rischio-microbiologico\\\/\",\"url\":\"https:\\\/\\\/www.loscrigno.it\\\/beautycase\\\/index.php\\\/provenzali-balsamo-semi-di-lino-ritirato-per-rischio-microbiologico\\\/\",\"name\":\"RITIRATI alcuni lotti di balsamo semi di lino I Provenzali: rischio microbiologico\",\"isPartOf\":{\"@id\":\"https:\\\/\\\/www.loscrigno.it\\\/beautycase\\\/#website\"},\"primaryImageOfPage\":{\"@id\":\"https:\\\/\\\/www.loscrigno.it\\\/beautycase\\\/index.php\\\/provenzali-balsamo-semi-di-lino-ritirato-per-rischio-microbiologico\\\/#primaryimage\"},\"image\":{\"@id\":\"https:\\\/\\\/www.loscrigno.it\\\/beautycase\\\/index.php\\\/provenzali-balsamo-semi-di-lino-ritirato-per-rischio-microbiologico\\\/#primaryimage\"},\"thumbnailUrl\":\"https:\\\/\\\/www.loscrigno.it\\\/beautycase\\\/wp-content\\\/uploads\\\/2018\\\/09\\\/Provenzali-balsamo-erboristico-ai-semi-di-lino-cop.jpg\",\"datePublished\":\"2018-09-13T10:37:31+00:00\",\"author\":{\"@id\":\"https:\\\/\\\/www.loscrigno.it\\\/beautycase\\\/#\\\/schema\\\/person\\\/11eee6092821563eadc965b96ca0314d\"},\"description\":\"Alcuni lotti del Balsamo ai Semi di Lino de I Provenzali sono stati ritirati dal mercato per rischio microbiologico. L'uso potrebbe portare irritazioni e infezioni alla pelle ed agli occhi. Se ne hai una confezione confronta il numero di lotto con quelli riportati nell'articolo per verificare che sia sicuro usarlo.\",\"breadcrumb\":{\"@id\":\"https:\\\/\\\/www.loscrigno.it\\\/beautycase\\\/index.php\\\/provenzali-balsamo-semi-di-lino-ritirato-per-rischio-microbiologico\\\/#breadcrumb\"},\"inLanguage\":\"it-IT\",\"potentialAction\":[{\"@type\":\"ReadAction\",\"target\":[\"https:\\\/\\\/www.loscrigno.it\\\/beautycase\\\/index.php\\\/provenzali-balsamo-semi-di-lino-ritirato-per-rischio-microbiologico\\\/\"]}]},{\"@type\":\"ImageObject\",\"inLanguage\":\"it-IT\",\"@id\":\"https:\\\/\\\/www.loscrigno.it\\\/beautycase\\\/index.php\\\/provenzali-balsamo-semi-di-lino-ritirato-per-rischio-microbiologico\\\/#primaryimage\",\"url\":\"https:\\\/\\\/www.loscrigno.it\\\/beautycase\\\/wp-content\\\/uploads\\\/2018\\\/09\\\/Provenzali-balsamo-erboristico-ai-semi-di-lino-cop.jpg\",\"contentUrl\":\"https:\\\/\\\/www.loscrigno.it\\\/beautycase\\\/wp-content\\\/uploads\\\/2018\\\/09\\\/Provenzali-balsamo-erboristico-ai-semi-di-lino-cop.jpg\",\"width\":950,\"height\":443,\"caption\":\"Provenzali balsamo ai semi di lino\"},{\"@type\":\"BreadcrumbList\",\"@id\":\"https:\\\/\\\/www.loscrigno.it\\\/beautycase\\\/index.php\\\/provenzali-balsamo-semi-di-lino-ritirato-per-rischio-microbiologico\\\/#breadcrumb\",\"itemListElement\":[{\"@type\":\"ListItem\",\"position\":1,\"name\":\"Home\",\"item\":\"https:\\\/\\\/www.loscrigno.it\\\/beautycase\\\/\"},{\"@type\":\"ListItem\",\"position\":2,\"name\":\"RITIRATI alcuni lotti di balsamo semi di lino I Provenzali: rischio microbiologico\"}]},{\"@type\":\"WebSite\",\"@id\":\"https:\\\/\\\/www.loscrigno.it\\\/beautycase\\\/#website\",\"url\":\"https:\\\/\\\/www.loscrigno.it\\\/beautycase\\\/\",\"name\":\"Beauty Case Blog - Beauty blog italiano su make-up e bellezza\",\"description\":\"Beauty Case Blog \u00e8 uno dei pi\u00f9 importanti beauty blog italiani. Leggi ora tutte le novit\u00e0 del mondo beauty e scopri i miei consigli su make-up e bellezza.\",\"potentialAction\":[{\"@type\":\"SearchAction\",\"target\":{\"@type\":\"EntryPoint\",\"urlTemplate\":\"https:\\\/\\\/www.loscrigno.it\\\/beautycase\\\/?s={search_term_string}\"},\"query-input\":{\"@type\":\"PropertyValueSpecification\",\"valueRequired\":true,\"valueName\":\"search_term_string\"}}],\"inLanguage\":\"it-IT\"},{\"@type\":\"Person\",\"@id\":\"https:\\\/\\\/www.loscrigno.it\\\/beautycase\\\/#\\\/schema\\\/person\\\/11eee6092821563eadc965b96ca0314d\",\"name\":\"Marica\",\"image\":{\"@type\":\"ImageObject\",\"inLanguage\":\"it-IT\",\"@id\":\"https:\\\/\\\/secure.gravatar.com\\\/avatar\\\/17ff8fae2051e8d0c09037bc4e9ab017ac93233f8d559691101577712100fa39?s=96&d=blank&r=g\",\"url\":\"https:\\\/\\\/secure.gravatar.com\\\/avatar\\\/17ff8fae2051e8d0c09037bc4e9ab017ac93233f8d559691101577712100fa39?s=96&d=blank&r=g\",\"contentUrl\":\"https:\\\/\\\/secure.gravatar.com\\\/avatar\\\/17ff8fae2051e8d0c09037bc4e9ab017ac93233f8d559691101577712100fa39?s=96&d=blank&r=g\",\"caption\":\"Marica\"},\"description\":\"Appassionata di cosmesi e di tutto ci\u00f2 che \u00e8 bello. Dal 2015 vivo a cavallo tra Italia e Inghilterra e ho un'inarrestabile passione per borse e rossetti. Il super-potere che vorrei? Quello dei capelli sempre in piega! Su Instagram mi trovi come @beautycaseblog.\",\"sameAs\":[\"http:\\\/\\\/www.instagram.com\\\/beautycaseblog\",\"http:\\\/\\\/www.facebook.com\\\/beautycaseblog\",\"https:\\\/\\\/x.com\\\/http:\\\/\\\/www.twitter.com\\\/beautycaseblog\"],\"url\":\"https:\\\/\\\/www.loscrigno.it\\\/beautycase\\\/index.php\\\/author\\\/verdiana\\\/\"}]}<\/script>\r\n<!-- \/ Yoast SEO plugin. -->","yoast_head_json":{"title":"RITIRATI alcuni lotti di balsamo semi di lino I Provenzali: rischio microbiologico","description":"Alcuni lotti del Balsamo ai Semi di Lino de I Provenzali sono stati ritirati dal mercato per rischio microbiologico. L'uso potrebbe portare irritazioni e infezioni alla pelle ed agli occhi. Se ne hai una confezione confronta il numero di lotto con quelli riportati nell'articolo per verificare che sia sicuro usarlo.","robots":{"index":"index","follow":"follow","max-snippet":"max-snippet:-1","max-image-preview":"max-image-preview:large","max-video-preview":"max-video-preview:-1"},"canonical":"https:\/\/www.loscrigno.it\/beautycase\/index.php\/provenzali-balsamo-semi-di-lino-ritirato-per-rischio-microbiologico\/","twitter_card":"summary_large_image","twitter_title":"RITIRATI alcuni lotti di balsamo semi di lino I Provenzali: rischio microbiologico","twitter_description":"Alcuni lotti del Balsamo ai Semi di Lino de I Provenzali sono stati ritirati dal mercato per rischio microbiologico. L'uso potrebbe portare irritazioni e infezioni alla pelle ed agli occhi. Se ne hai una confezione confronta il numero di lotto con quelli riportati nell'articolo per verificare che sia sicuro usarlo.","twitter_image":"https:\/\/www.loscrigno.it\/beautycase\/wp-content\/uploads\/2018\/09\/Provenzali-balsamo-erboristico-ai-semi-di-lino-cop.jpg","twitter_creator":"@http:\/\/www.twitter.com\/beautycaseblog","twitter_misc":{"Scritto da":"Marica","Tempo di lettura stimato":"2 minuti"},"schema":{"@context":"https:\/\/schema.org","@graph":[{"@type":"Article","@id":"https:\/\/www.loscrigno.it\/beautycase\/index.php\/provenzali-balsamo-semi-di-lino-ritirato-per-rischio-microbiologico\/#article","isPartOf":{"@id":"https:\/\/www.loscrigno.it\/beautycase\/index.php\/provenzali-balsamo-semi-di-lino-ritirato-per-rischio-microbiologico\/"},"author":{"name":"Marica","@id":"https:\/\/www.loscrigno.it\/beautycase\/#\/schema\/person\/11eee6092821563eadc965b96ca0314d"},"headline":"RITIRATI alcuni lotti di balsamo semi di lino I Provenzali: rischio microbiologico","datePublished":"2018-09-13T10:37:31+00:00","mainEntityOfPage":{"@id":"https:\/\/www.loscrigno.it\/beautycase\/index.php\/provenzali-balsamo-semi-di-lino-ritirato-per-rischio-microbiologico\/"},"wordCount":334,"commentCount":1,"image":{"@id":"https:\/\/www.loscrigno.it\/beautycase\/index.php\/provenzali-balsamo-semi-di-lino-ritirato-per-rischio-microbiologico\/#primaryimage"},"thumbnailUrl":"https:\/\/www.loscrigno.it\/beautycase\/wp-content\/uploads\/2018\/09\/Provenzali-balsamo-erboristico-ai-semi-di-lino-cop.jpg","keywords":["Consigli di bellezza"],"articleSection":["Capelli"],"inLanguage":"it-IT","potentialAction":[{"@type":"CommentAction","name":"Comment","target":["https:\/\/www.loscrigno.it\/beautycase\/index.php\/provenzali-balsamo-semi-di-lino-ritirato-per-rischio-microbiologico\/#respond"]}]},{"@type":"WebPage","@id":"https:\/\/www.loscrigno.it\/beautycase\/index.php\/provenzali-balsamo-semi-di-lino-ritirato-per-rischio-microbiologico\/","url":"https:\/\/www.loscrigno.it\/beautycase\/index.php\/provenzali-balsamo-semi-di-lino-ritirato-per-rischio-microbiologico\/","name":"RITIRATI alcuni lotti di balsamo semi di lino I Provenzali: rischio microbiologico","isPartOf":{"@id":"https:\/\/www.loscrigno.it\/beautycase\/#website"},"primaryImageOfPage":{"@id":"https:\/\/www.loscrigno.it\/beautycase\/index.php\/provenzali-balsamo-semi-di-lino-ritirato-per-rischio-microbiologico\/#primaryimage"},"image":{"@id":"https:\/\/www.loscrigno.it\/beautycase\/index.php\/provenzali-balsamo-semi-di-lino-ritirato-per-rischio-microbiologico\/#primaryimage"},"thumbnailUrl":"https:\/\/www.loscrigno.it\/beautycase\/wp-content\/uploads\/2018\/09\/Provenzali-balsamo-erboristico-ai-semi-di-lino-cop.jpg","datePublished":"2018-09-13T10:37:31+00:00","author":{"@id":"https:\/\/www.loscrigno.it\/beautycase\/#\/schema\/person\/11eee6092821563eadc965b96ca0314d"},"description":"Alcuni lotti del Balsamo ai Semi di Lino de I Provenzali sono stati ritirati dal mercato per rischio microbiologico. L'uso potrebbe portare irritazioni e infezioni alla pelle ed agli occhi. Se ne hai una confezione confronta il numero di lotto con quelli riportati nell'articolo per verificare che sia sicuro usarlo.","breadcrumb":{"@id":"https:\/\/www.loscrigno.it\/beautycase\/index.php\/provenzali-balsamo-semi-di-lino-ritirato-per-rischio-microbiologico\/#breadcrumb"},"inLanguage":"it-IT","potentialAction":[{"@type":"ReadAction","target":["https:\/\/www.loscrigno.it\/beautycase\/index.php\/provenzali-balsamo-semi-di-lino-ritirato-per-rischio-microbiologico\/"]}]},{"@type":"ImageObject","inLanguage":"it-IT","@id":"https:\/\/www.loscrigno.it\/beautycase\/index.php\/provenzali-balsamo-semi-di-lino-ritirato-per-rischio-microbiologico\/#primaryimage","url":"https:\/\/www.loscrigno.it\/beautycase\/wp-content\/uploads\/2018\/09\/Provenzali-balsamo-erboristico-ai-semi-di-lino-cop.jpg","contentUrl":"https:\/\/www.loscrigno.it\/beautycase\/wp-content\/uploads\/2018\/09\/Provenzali-balsamo-erboristico-ai-semi-di-lino-cop.jpg","width":950,"height":443,"caption":"Provenzali balsamo ai semi di lino"},{"@type":"BreadcrumbList","@id":"https:\/\/www.loscrigno.it\/beautycase\/index.php\/provenzali-balsamo-semi-di-lino-ritirato-per-rischio-microbiologico\/#breadcrumb","itemListElement":[{"@type":"ListItem","position":1,"name":"Home","item":"https:\/\/www.loscrigno.it\/beautycase\/"},{"@type":"ListItem","position":2,"name":"RITIRATI alcuni lotti di balsamo semi di lino I Provenzali: rischio microbiologico"}]},{"@type":"WebSite","@id":"https:\/\/www.loscrigno.it\/beautycase\/#website","url":"https:\/\/www.loscrigno.it\/beautycase\/","name":"Beauty Case Blog - Beauty blog italiano su make-up e bellezza","description":"Beauty Case Blog \u00e8 uno dei pi\u00f9 importanti beauty blog italiani. Leggi ora tutte le novit\u00e0 del mondo beauty e scopri i miei consigli su make-up e bellezza.","potentialAction":[{"@type":"SearchAction","target":{"@type":"EntryPoint","urlTemplate":"https:\/\/www.loscrigno.it\/beautycase\/?s={search_term_string}"},"query-input":{"@type":"PropertyValueSpecification","valueRequired":true,"valueName":"search_term_string"}}],"inLanguage":"it-IT"},{"@type":"Person","@id":"https:\/\/www.loscrigno.it\/beautycase\/#\/schema\/person\/11eee6092821563eadc965b96ca0314d","name":"Marica","image":{"@type":"ImageObject","inLanguage":"it-IT","@id":"https:\/\/secure.gravatar.com\/avatar\/17ff8fae2051e8d0c09037bc4e9ab017ac93233f8d559691101577712100fa39?s=96&d=blank&r=g","url":"https:\/\/secure.gravatar.com\/avatar\/17ff8fae2051e8d0c09037bc4e9ab017ac93233f8d559691101577712100fa39?s=96&d=blank&r=g","contentUrl":"https:\/\/secure.gravatar.com\/avatar\/17ff8fae2051e8d0c09037bc4e9ab017ac93233f8d559691101577712100fa39?s=96&d=blank&r=g","caption":"Marica"},"description":"Appassionata di cosmesi e di tutto ci\u00f2 che \u00e8 bello. Dal 2015 vivo a cavallo tra Italia e Inghilterra e ho un'inarrestabile passione per borse e rossetti. Il super-potere che vorrei? Quello dei capelli sempre in piega! Su Instagram mi trovi come @beautycaseblog.","sameAs":["http:\/\/www.instagram.com\/beautycaseblog","http:\/\/www.facebook.com\/beautycaseblog","https:\/\/x.com\/http:\/\/www.twitter.com\/beautycaseblog"],"url":"https:\/\/www.loscrigno.it\/beautycase\/index.php\/author\/verdiana\/"}]}},"_links":{"self":[{"href":"https:\/\/www.loscrigno.it\/beautycase\/index.php\/wp-json\/wp\/v2\/posts\/19142","targetHints":{"allow":["GET"]}}],"collection":[{"href":"https:\/\/www.loscrigno.it\/beautycase\/index.php\/wp-json\/wp\/v2\/posts"}],"about":[{"href":"https:\/\/www.loscrigno.it\/beautycase\/index.php\/wp-json\/wp\/v2\/types\/post"}],"author":[{"embeddable":true,"href":"https:\/\/www.loscrigno.it\/beautycase\/index.php\/wp-json\/wp\/v2\/users\/1"}],"replies":[{"embeddable":true,"href":"https:\/\/www.loscrigno.it\/beautycase\/index.php\/wp-json\/wp\/v2\/comments?post=19142"}],"version-history":[{"count":5,"href":"https:\/\/www.loscrigno.it\/beautycase\/index.php\/wp-json\/wp\/v2\/posts\/19142\/revisions"}],"predecessor-version":[{"id":19150,"href":"https:\/\/www.loscrigno.it\/beautycase\/index.php\/wp-json\/wp\/v2\/posts\/19142\/revisions\/19150"}],"wp:featuredmedia":[{"embeddable":true,"href":"https:\/\/www.loscrigno.it\/beautycase\/index.php\/wp-json\/wp\/v2\/media\/19145"}],"wp:attachment":[{"href":"https:\/\/www.loscrigno.it\/beautycase\/index.php\/wp-json\/wp\/v2\/media?parent=19142"}],"wp:term":[{"taxonomy":"category","embeddable":true,"href":"https:\/\/www.loscrigno.it\/beautycase\/index.php\/wp-json\/wp\/v2\/categories?post=19142"},{"taxonomy":"post_tag","embeddable":true,"href":"https:\/\/www.loscrigno.it\/beautycase\/index.php\/wp-json\/wp\/v2\/tags?post=19142"},{"taxonomy":"thb-sponsors","embeddable":true,"href":"https:\/\/www.loscrigno.it\/beautycase\/index.php\/wp-json\/wp\/v2\/thb-sponsors?post=19142"}],"curies":[{"name":"wp","href":"https:\/\/api.w.org\/{rel}","templated":true}]}}