{"id":20076,"date":"2020-08-14T01:30:15","date_gmt":"2020-08-13T23:30:15","guid":{"rendered":"http:\/\/www.loscrigno.it\/beautycase\/?p=20076"},"modified":"2020-08-14T02:18:58","modified_gmt":"2020-08-14T00:18:58","slug":"bronz-repair-sunkissed-crema-solare-colorata-institut-esthederm","status":"publish","type":"post","link":"https:\/\/www.loscrigno.it\/beautycase\/index.php\/bronz-repair-sunkissed-crema-solare-colorata-institut-esthederm\/","title":{"rendered":"<strong><em>Bronze Repair Sunkiss<\/em><\/strong>: la crema solare colorata di <em>Institut Esthederm<\/em>"},"content":{"rendered":"\n<figure class=\"wp-block-image size-large\"><img loading=\"lazy\" decoding=\"async\" width=\"1024\" height=\"1024\" src=\"data:image\/gif;base64,R0lGODlhAQABAAAAACH5BAEKAAEALAAAAAABAAEAAAICTAEAOw==\" data-src=\"https:\/\/www.loscrigno.it\/beautycase\/wp-content\/uploads\/2020\/08\/Bronze-Repair-Sunkiss-Institut-Esthederm-1-1024x1024.jpg\" alt=\"Bronze Repair Sunkiss Institut Esthederm\" class=\"wp-image-20099 lazyload\" data-sizes=\"auto\" data-srcset=\"https:\/\/www.loscrigno.it\/beautycase\/wp-content\/uploads\/2020\/08\/Bronze-Repair-Sunkiss-Institut-Esthederm-1-1024x1024.jpg 1024w, https:\/\/www.loscrigno.it\/beautycase\/wp-content\/uploads\/2020\/08\/Bronze-Repair-Sunkiss-Institut-Esthederm-1-600x600.jpg 600w, https:\/\/www.loscrigno.it\/beautycase\/wp-content\/uploads\/2020\/08\/Bronze-Repair-Sunkiss-Institut-Esthederm-1-232x232.jpg 232w, https:\/\/www.loscrigno.it\/beautycase\/wp-content\/uploads\/2020\/08\/Bronze-Repair-Sunkiss-Institut-Esthederm-1-768x768.jpg 768w, https:\/\/www.loscrigno.it\/beautycase\/wp-content\/uploads\/2020\/08\/Bronze-Repair-Sunkiss-Institut-Esthederm-1-180x180.jpg 180w, https:\/\/www.loscrigno.it\/beautycase\/wp-content\/uploads\/2020\/08\/Bronze-Repair-Sunkiss-Institut-Esthederm-1-90x90.jpg 90w, https:\/\/www.loscrigno.it\/beautycase\/wp-content\/uploads\/2020\/08\/Bronze-Repair-Sunkiss-Institut-Esthederm-1-450x450.jpg 450w, https:\/\/www.loscrigno.it\/beautycase\/wp-content\/uploads\/2020\/08\/Bronze-Repair-Sunkiss-Institut-Esthederm-1-270x270.jpg 270w, https:\/\/www.loscrigno.it\/beautycase\/wp-content\/uploads\/2020\/08\/Bronze-Repair-Sunkiss-Institut-Esthederm-1-20x20.jpg 20w, https:\/\/www.loscrigno.it\/beautycase\/wp-content\/uploads\/2020\/08\/Bronze-Repair-Sunkiss-Institut-Esthederm-1-225x225.jpg 225w, https:\/\/www.loscrigno.it\/beautycase\/wp-content\/uploads\/2020\/08\/Bronze-Repair-Sunkiss-Institut-Esthederm-1-900x900.jpg 900w, https:\/\/www.loscrigno.it\/beautycase\/wp-content\/uploads\/2020\/08\/Bronze-Repair-Sunkiss-Institut-Esthederm-1-96x96.jpg 96w, https:\/\/www.loscrigno.it\/beautycase\/wp-content\/uploads\/2020\/08\/Bronze-Repair-Sunkiss-Institut-Esthederm-1.jpg 1200w\" sizes=\"auto, (max-width: 1024px) 100vw, 1024px\" \/><\/figure>\n\n\n\n<p class=\"has-text-align-center has-small-font-size\">Bronz Repair Sunkissed, Istitut Esthederm<\/p>\n\n\n\n<p>Il rapporto con il sole pu\u00f2 essere complicato e non \u00e8 inconsueto spingersi fino a considerarlo un nemico, rifuggendo ogni raggio solare e ritardando il pi\u00f9 possibile l&#8217;attivarsi della melanina. Come si pu\u00f2 facilmente immaginare non si tratta di un approccio sano e il rischio \u00e8 quello di rinunciare ai tanti benefici che una corretta esposizione pu\u00f2 portare, prima tra tutti la sintesi di vitamina D, ma anche il miglioramento di molte patologie dermatologiche quali ad esempio la sporiasi o alcune forme di dermatite.<\/p>\n\n\n\n<p>Si rende allora necessario un cambiamento radicale di paradigma, partendo dall&#8217;assunto che <strong>il sole \u00e8 un alleato<\/strong> con il quale instaurare una collaborazione proficua e che l&#8217;<strong>abbronzatura<\/strong>, la migliore difesa naturale contro i raggi UVA e UVB, non andrebbe inibita applicando creme solari con fattori di protezione troppo alta. Restano tuttavia in vigore tutte le buone pratiche imparate fino ad ora, prima tra tutte l&#8217;evitare la sovraesposizione, soprattutto nelle ore pi\u00f9 calde della giornata, quando l&#8217;indice delle radiazioni ultraviolette supera il livello di guardia. La moderazione, in questo caso, \u00e8 una virt\u00f9 preziosa.<\/p>\n\n\n\n<!--more-->\n\n\n\n<figure class=\"wp-block-image size-large\"><img loading=\"lazy\" decoding=\"async\" width=\"1024\" height=\"1024\" src=\"data:image\/gif;base64,R0lGODlhAQABAAAAACH5BAEKAAEALAAAAAABAAEAAAICTAEAOw==\" data-src=\"https:\/\/www.loscrigno.it\/beautycase\/wp-content\/uploads\/2020\/08\/Bronze-Repair-Sunkiss-Institut-Esthederm-04-1024x1024.jpg\" alt=\"Bronze Repair Sunkiss Institut Esthederm crema solare colorata\" class=\"wp-image-20102 lazyload\" data-sizes=\"auto\" data-srcset=\"https:\/\/www.loscrigno.it\/beautycase\/wp-content\/uploads\/2020\/08\/Bronze-Repair-Sunkiss-Institut-Esthederm-04-1024x1024.jpg 1024w, https:\/\/www.loscrigno.it\/beautycase\/wp-content\/uploads\/2020\/08\/Bronze-Repair-Sunkiss-Institut-Esthederm-04-600x600.jpg 600w, https:\/\/www.loscrigno.it\/beautycase\/wp-content\/uploads\/2020\/08\/Bronze-Repair-Sunkiss-Institut-Esthederm-04-232x232.jpg 232w, https:\/\/www.loscrigno.it\/beautycase\/wp-content\/uploads\/2020\/08\/Bronze-Repair-Sunkiss-Institut-Esthederm-04-768x768.jpg 768w, https:\/\/www.loscrigno.it\/beautycase\/wp-content\/uploads\/2020\/08\/Bronze-Repair-Sunkiss-Institut-Esthederm-04-180x180.jpg 180w, https:\/\/www.loscrigno.it\/beautycase\/wp-content\/uploads\/2020\/08\/Bronze-Repair-Sunkiss-Institut-Esthederm-04-90x90.jpg 90w, https:\/\/www.loscrigno.it\/beautycase\/wp-content\/uploads\/2020\/08\/Bronze-Repair-Sunkiss-Institut-Esthederm-04-450x450.jpg 450w, https:\/\/www.loscrigno.it\/beautycase\/wp-content\/uploads\/2020\/08\/Bronze-Repair-Sunkiss-Institut-Esthederm-04-270x270.jpg 270w, https:\/\/www.loscrigno.it\/beautycase\/wp-content\/uploads\/2020\/08\/Bronze-Repair-Sunkiss-Institut-Esthederm-04-20x20.jpg 20w, https:\/\/www.loscrigno.it\/beautycase\/wp-content\/uploads\/2020\/08\/Bronze-Repair-Sunkiss-Institut-Esthederm-04-225x225.jpg 225w, https:\/\/www.loscrigno.it\/beautycase\/wp-content\/uploads\/2020\/08\/Bronze-Repair-Sunkiss-Institut-Esthederm-04-900x900.jpg 900w, https:\/\/www.loscrigno.it\/beautycase\/wp-content\/uploads\/2020\/08\/Bronze-Repair-Sunkiss-Institut-Esthederm-04-96x96.jpg 96w, https:\/\/www.loscrigno.it\/beautycase\/wp-content\/uploads\/2020\/08\/Bronze-Repair-Sunkiss-Institut-Esthederm-04.jpg 1200w\" sizes=\"auto, (max-width: 1024px) 100vw, 1024px\" \/><\/figure>\n\n\n\n<div style=\"height:20px\" aria-hidden=\"true\" class=\"wp-block-spacer\"><\/div>\n\n\n\n<p>Fedele a questi principi \u00e8 anche l&#8217;ultima novit\u00e0 di <strong>Institut Esthederm<\/strong>: la <strong>Bronz Repair Sunkissed<\/strong> nella colorazione <em>Hale dor\u00e9 natural tan<\/em>, versione colorata dell&#8217;amata crema solare che porta lo stesso nome. L&#8217;ho ricevuta una decina di giorni fa e da allora l&#8217;ho indossata tutti i giorni perch\u00e9 tenevo a presentarti le mie impressioni nel pi\u00f9 breve tempo possibile. Ovviamente continuer\u00f2 ad usarla anche nel corso delle prossime settimane e dovessi riscontrare altre particolarit\u00e0 meritevoli di menzione sar\u00e0 mia cura <strong>aggiornare l&#8217;articolo<\/strong> e avvisarti su Instagram (se non siamo ancora collegate, cercami come <a href=\"https:\/\/www.instagram.com\/beautycaseblog\"><strong><em>@beautycaseblog<\/em><\/strong><\/a>).<\/p>\n\n\n\n<div style=\"height:20px\" aria-hidden=\"true\" class=\"wp-block-spacer\"><\/div>\n\n\n\n<h2 class=\"wp-block-heading\"><em><strong>Caratteristiche <\/strong><\/em>della crema solare B<strong>ronz Repair Sunkissed<\/strong> di Institut Esthederm<\/h2>\n\n\n\n<p>Uno degli aspetti che pi\u00f9 mi piacciono della <strong>Bronz Repair Sunkissed<\/strong> di Institut Esthederm \u00e8 l&#8217;aver saputo unire tutte le caratteristiche fondamentali di una <strong>crema solare<\/strong> a quelle di un <strong>idratante antirughe<\/strong> a base di acqua cellulare, la stessa che troviamo anche in formato spray, con azione antiossidante e antinfiammatoria.<\/p>\n\n\n\n<p>Il cuore della formula \u00e8 la tecnologia <strong>Global Cellular Protection<\/strong>, oggetto di brevetto e frutto di anni di ricerca, capace di proteggere le cellule non solo dai <em>raggi UVA e UVB<\/em> ma anche dagli <em>infrarossi<\/em>, dalla <em>luce visibile<\/em> e dall&#8217;<em>ozono<\/em>. Grazie ad un <strong>sistema filtrante<\/strong> pi\u00f9 intransigente rispetto a quello consigliato dalla normativa europea garantisce in particolare una protezione ottimizzata per i raggi UVA, responsabili del <strong>fotoinvecchiamento <\/strong>e della comparsa delle <strong>macchie scure<\/strong>. <\/p>\n\n\n\n<p>Gli <strong>attivi <\/strong>contenuti stimolano inoltre la produzione di collagene, prevenendo la comparsa delle rughe e la perdita di tono, e migliorano la resistenza della pelle al sole rinforzando i processi di difesa naturale. <\/p>\n\n\n\n<figure class=\"wp-block-image size-large\"><img loading=\"lazy\" decoding=\"async\" width=\"1024\" height=\"1024\" src=\"data:image\/gif;base64,R0lGODlhAQABAAAAACH5BAEKAAEALAAAAAABAAEAAAICTAEAOw==\" data-src=\"https:\/\/www.loscrigno.it\/beautycase\/wp-content\/uploads\/2020\/08\/Bronze-Repair-Sunkiss-Institut-Esthederm-02-1024x1024.jpg\" alt=\"Bronze Repair Sunkiss Institut Esthederm crema solare colorata\" class=\"wp-image-20100 lazyload\" data-sizes=\"auto\" data-srcset=\"https:\/\/www.loscrigno.it\/beautycase\/wp-content\/uploads\/2020\/08\/Bronze-Repair-Sunkiss-Institut-Esthederm-02-1024x1024.jpg 1024w, https:\/\/www.loscrigno.it\/beautycase\/wp-content\/uploads\/2020\/08\/Bronze-Repair-Sunkiss-Institut-Esthederm-02-600x600.jpg 600w, https:\/\/www.loscrigno.it\/beautycase\/wp-content\/uploads\/2020\/08\/Bronze-Repair-Sunkiss-Institut-Esthederm-02-232x232.jpg 232w, https:\/\/www.loscrigno.it\/beautycase\/wp-content\/uploads\/2020\/08\/Bronze-Repair-Sunkiss-Institut-Esthederm-02-768x768.jpg 768w, https:\/\/www.loscrigno.it\/beautycase\/wp-content\/uploads\/2020\/08\/Bronze-Repair-Sunkiss-Institut-Esthederm-02-180x180.jpg 180w, https:\/\/www.loscrigno.it\/beautycase\/wp-content\/uploads\/2020\/08\/Bronze-Repair-Sunkiss-Institut-Esthederm-02-90x90.jpg 90w, https:\/\/www.loscrigno.it\/beautycase\/wp-content\/uploads\/2020\/08\/Bronze-Repair-Sunkiss-Institut-Esthederm-02-450x450.jpg 450w, https:\/\/www.loscrigno.it\/beautycase\/wp-content\/uploads\/2020\/08\/Bronze-Repair-Sunkiss-Institut-Esthederm-02-270x270.jpg 270w, https:\/\/www.loscrigno.it\/beautycase\/wp-content\/uploads\/2020\/08\/Bronze-Repair-Sunkiss-Institut-Esthederm-02-20x20.jpg 20w, https:\/\/www.loscrigno.it\/beautycase\/wp-content\/uploads\/2020\/08\/Bronze-Repair-Sunkiss-Institut-Esthederm-02-225x225.jpg 225w, https:\/\/www.loscrigno.it\/beautycase\/wp-content\/uploads\/2020\/08\/Bronze-Repair-Sunkiss-Institut-Esthederm-02-900x900.jpg 900w, https:\/\/www.loscrigno.it\/beautycase\/wp-content\/uploads\/2020\/08\/Bronze-Repair-Sunkiss-Institut-Esthederm-02-96x96.jpg 96w, https:\/\/www.loscrigno.it\/beautycase\/wp-content\/uploads\/2020\/08\/Bronze-Repair-Sunkiss-Institut-Esthederm-02.jpg 1200w\" sizes=\"auto, (max-width: 1024px) 100vw, 1024px\" \/><\/figure>\n\n\n\n<div style=\"height:30px\" aria-hidden=\"true\" class=\"wp-block-spacer\"><\/div>\n\n\n\n<h3 class=\"wp-block-heading\">Come mi sono trovata<\/h3>\n\n\n\n<p>La <strong>texture <\/strong>della Bronz Repair Sunkissed \u00e8 molto piacevole, facile da stendere e rapida nell&#8217;asciugatura. Dopo l&#8217;applicazione il mio viso appare luminoso ma non lucido, l&#8217;incarnato \u00e8 pi\u00f9 uniforme e il colorito \u00e8 ravvivato come se vi si fosse posato sopra un velo di abbronzatura leggera e molto naturale. <\/p>\n\n\n\n<p>La <strong>coprenza medio-bassa<\/strong> camuffa sia le occhiaie che la macchiolina da brufolo che ho a lato del naso, ma non le nasconde completamente, per questo quando sono in citt\u00e0 abbino il mio consueto correttore mentre per il mare o per l&#8217;attivit\u00e0 fisica all&#8217;aperto la crema da sola risponderebbe egregiamente alle mie esigenze.<\/p>\n\n\n\n<figure class=\"wp-block-image size-large\"><img loading=\"lazy\" decoding=\"async\" width=\"1024\" height=\"1024\" src=\"data:image\/gif;base64,R0lGODlhAQABAAAAACH5BAEKAAEALAAAAAABAAEAAAICTAEAOw==\" data-src=\"https:\/\/www.loscrigno.it\/beautycase\/wp-content\/uploads\/2020\/08\/Bronze-Repair-Sunkiss-Institut-Esthederm-03-1024x1024.jpg\" alt=\"Bronze Repair Sunkiss Institut Esthederm crema solare colorata\" class=\"wp-image-20101 lazyload\" data-sizes=\"auto\" data-srcset=\"https:\/\/www.loscrigno.it\/beautycase\/wp-content\/uploads\/2020\/08\/Bronze-Repair-Sunkiss-Institut-Esthederm-03-1024x1024.jpg 1024w, https:\/\/www.loscrigno.it\/beautycase\/wp-content\/uploads\/2020\/08\/Bronze-Repair-Sunkiss-Institut-Esthederm-03-600x600.jpg 600w, https:\/\/www.loscrigno.it\/beautycase\/wp-content\/uploads\/2020\/08\/Bronze-Repair-Sunkiss-Institut-Esthederm-03-232x232.jpg 232w, https:\/\/www.loscrigno.it\/beautycase\/wp-content\/uploads\/2020\/08\/Bronze-Repair-Sunkiss-Institut-Esthederm-03-768x768.jpg 768w, https:\/\/www.loscrigno.it\/beautycase\/wp-content\/uploads\/2020\/08\/Bronze-Repair-Sunkiss-Institut-Esthederm-03-180x180.jpg 180w, https:\/\/www.loscrigno.it\/beautycase\/wp-content\/uploads\/2020\/08\/Bronze-Repair-Sunkiss-Institut-Esthederm-03-90x90.jpg 90w, https:\/\/www.loscrigno.it\/beautycase\/wp-content\/uploads\/2020\/08\/Bronze-Repair-Sunkiss-Institut-Esthederm-03-450x450.jpg 450w, https:\/\/www.loscrigno.it\/beautycase\/wp-content\/uploads\/2020\/08\/Bronze-Repair-Sunkiss-Institut-Esthederm-03-270x270.jpg 270w, https:\/\/www.loscrigno.it\/beautycase\/wp-content\/uploads\/2020\/08\/Bronze-Repair-Sunkiss-Institut-Esthederm-03-20x20.jpg 20w, https:\/\/www.loscrigno.it\/beautycase\/wp-content\/uploads\/2020\/08\/Bronze-Repair-Sunkiss-Institut-Esthederm-03-225x225.jpg 225w, https:\/\/www.loscrigno.it\/beautycase\/wp-content\/uploads\/2020\/08\/Bronze-Repair-Sunkiss-Institut-Esthederm-03-900x900.jpg 900w, https:\/\/www.loscrigno.it\/beautycase\/wp-content\/uploads\/2020\/08\/Bronze-Repair-Sunkiss-Institut-Esthederm-03-96x96.jpg 96w, https:\/\/www.loscrigno.it\/beautycase\/wp-content\/uploads\/2020\/08\/Bronze-Repair-Sunkiss-Institut-Esthederm-03.jpg 1200w\" sizes=\"auto, (max-width: 1024px) 100vw, 1024px\" \/><\/figure>\n\n\n\n<div style=\"height:30px\" aria-hidden=\"true\" class=\"wp-block-spacer\"><\/div>\n\n\n\n<h4 class=\"wp-block-heading\">La colorazione<\/h4>\n\n\n\n<p>La <strong>colorazione media<\/strong> si adatta alla maggior parte degli incarnati, ma se sei chiara come me e non ancora molto abbronzata guadagnerai un tono, il che significa dover sfumare benissimo sul collo e sul d\u00e9collet\u00e9 per evitare stacchi. Se l&#8217;idea non ti piace puoi orientarti sulla sua gemella non colorata, la <strong>crema solare Bronz Repair<\/strong>, identica quanto ad attivi contenuti e benefici apportati nonch\u00e9 uno dei prodotti pi\u00f9 apprezzati di Institut Esthederm.<\/p>\n\n\n\n<figure class=\"wp-block-image size-large\"><img loading=\"lazy\" decoding=\"async\" width=\"1024\" height=\"1024\" src=\"data:image\/gif;base64,R0lGODlhAQABAAAAACH5BAEKAAEALAAAAAABAAEAAAICTAEAOw==\" data-src=\"https:\/\/www.loscrigno.it\/beautycase\/wp-content\/uploads\/2020\/08\/Bronze-Repair-Sunkiss-Institut-Esthederm-crema-solare-colorata-swatch-1024x1024.jpg\" alt=\"Bronze Repair Sunkiss Institut Esthederm crema solare colorata\" class=\"wp-image-20112 lazyload\" data-sizes=\"auto\" data-srcset=\"https:\/\/www.loscrigno.it\/beautycase\/wp-content\/uploads\/2020\/08\/Bronze-Repair-Sunkiss-Institut-Esthederm-crema-solare-colorata-swatch-1024x1024.jpg 1024w, https:\/\/www.loscrigno.it\/beautycase\/wp-content\/uploads\/2020\/08\/Bronze-Repair-Sunkiss-Institut-Esthederm-crema-solare-colorata-swatch-600x600.jpg 600w, https:\/\/www.loscrigno.it\/beautycase\/wp-content\/uploads\/2020\/08\/Bronze-Repair-Sunkiss-Institut-Esthederm-crema-solare-colorata-swatch-232x232.jpg 232w, https:\/\/www.loscrigno.it\/beautycase\/wp-content\/uploads\/2020\/08\/Bronze-Repair-Sunkiss-Institut-Esthederm-crema-solare-colorata-swatch-768x768.jpg 768w, https:\/\/www.loscrigno.it\/beautycase\/wp-content\/uploads\/2020\/08\/Bronze-Repair-Sunkiss-Institut-Esthederm-crema-solare-colorata-swatch-180x180.jpg 180w, https:\/\/www.loscrigno.it\/beautycase\/wp-content\/uploads\/2020\/08\/Bronze-Repair-Sunkiss-Institut-Esthederm-crema-solare-colorata-swatch-90x90.jpg 90w, https:\/\/www.loscrigno.it\/beautycase\/wp-content\/uploads\/2020\/08\/Bronze-Repair-Sunkiss-Institut-Esthederm-crema-solare-colorata-swatch-450x450.jpg 450w, https:\/\/www.loscrigno.it\/beautycase\/wp-content\/uploads\/2020\/08\/Bronze-Repair-Sunkiss-Institut-Esthederm-crema-solare-colorata-swatch-270x270.jpg 270w, https:\/\/www.loscrigno.it\/beautycase\/wp-content\/uploads\/2020\/08\/Bronze-Repair-Sunkiss-Institut-Esthederm-crema-solare-colorata-swatch-20x20.jpg 20w, https:\/\/www.loscrigno.it\/beautycase\/wp-content\/uploads\/2020\/08\/Bronze-Repair-Sunkiss-Institut-Esthederm-crema-solare-colorata-swatch-225x225.jpg 225w, https:\/\/www.loscrigno.it\/beautycase\/wp-content\/uploads\/2020\/08\/Bronze-Repair-Sunkiss-Institut-Esthederm-crema-solare-colorata-swatch-900x900.jpg 900w, https:\/\/www.loscrigno.it\/beautycase\/wp-content\/uploads\/2020\/08\/Bronze-Repair-Sunkiss-Institut-Esthederm-crema-solare-colorata-swatch-96x96.jpg 96w, https:\/\/www.loscrigno.it\/beautycase\/wp-content\/uploads\/2020\/08\/Bronze-Repair-Sunkiss-Institut-Esthederm-crema-solare-colorata-swatch.jpg 1200w\" sizes=\"auto, (max-width: 1024px) 100vw, 1024px\" \/><\/figure>\n\n\n\n<p class=\"has-text-align-center has-small-font-size\">Luce naturale, la foto non \u00e8 stata modificata.<\/p>\n\n\n\n<div style=\"height:20px\" aria-hidden=\"true\" class=\"wp-block-spacer\"><\/div>\n\n\n\n<p class=\"has-text-align-center has-small-font-size\">Come appare dopo essere stata applicata. Luce naturale, la foto non \u00e8 stata modificata.<\/p>\n\n\n\n<div style=\"height:20px\" aria-hidden=\"true\" class=\"wp-block-spacer\"><\/div>\n\n\n\n<p>Una volta assorbita <strong>si fissa sulla pelle<\/strong> ma <strong>non \u00e8 completamente no-transfer<\/strong>, quindi in caso di contatto con indumenti chiari o con l&#8217;interno di una mascherina in tessuto potrebbe macchiare leggermente. Niente che non possa essere evitato con un po&#8217; di attenzione, ma tienilo a mente se per vestirti devi far scivolare dalla testa un capo bianco. <\/p>\n\n\n\n<div style=\"height:20px\" aria-hidden=\"true\" class=\"wp-block-spacer\"><\/div>\n\n\n\n<h4 class=\"wp-block-heading\">Come la applico<\/h4>\n\n\n\n<p>Come indicato sulla confezione la applico almeno <strong>20 minuti prima di uscire di casa<\/strong>, dopo il siero, condensando in un solo passaggio il momento della crema idratante e quello del solare. Quando vado al parco con un libro in mano o con un audiolibro nelle orecchie sono solita portarla con me e <strong>la riapplico ogni paio d&#8217;ore<\/strong>. Se anche tu sei un&#8217;amante delle lunghe passeggiate ti consiglio di fare lo stesso, e se progetti di usarla al mare o in piscina ricordati di <strong>riapplicarla dopo ogni bagno<\/strong>: il sole ci \u00e8 amico, ma con la protezione dai raggi UVA e UVB non si scherza!<\/p>\n\n\n\n<p><strong>La durata \u00e8 ottima<\/strong>: mi \u00e8 capitato di indossarla di mattina per alcune commissioni lampo, rimandando per pura pigrizia lo struccaggio fino a tarda sera e la crema era ancora tutta l\u00ec. Molti fondotinta non riescono ad essere altrettanto performanti!<\/p>\n\n\n\n<figure class=\"wp-block-image size-large\"><img loading=\"lazy\" decoding=\"async\" width=\"1024\" height=\"1024\" src=\"data:image\/gif;base64,R0lGODlhAQABAAAAACH5BAEKAAEALAAAAAABAAEAAAICTAEAOw==\" data-src=\"https:\/\/www.loscrigno.it\/beautycase\/wp-content\/uploads\/2020\/08\/Bronze-Repair-Sunkiss-Institut-Esthederm-05-1024x1024.jpg\" alt=\"Bronze Repair Sunkiss Institut Esthederm crema solare colorata\" class=\"wp-image-20103 lazyload\" data-sizes=\"auto\" data-srcset=\"https:\/\/www.loscrigno.it\/beautycase\/wp-content\/uploads\/2020\/08\/Bronze-Repair-Sunkiss-Institut-Esthederm-05-1024x1024.jpg 1024w, https:\/\/www.loscrigno.it\/beautycase\/wp-content\/uploads\/2020\/08\/Bronze-Repair-Sunkiss-Institut-Esthederm-05-600x600.jpg 600w, https:\/\/www.loscrigno.it\/beautycase\/wp-content\/uploads\/2020\/08\/Bronze-Repair-Sunkiss-Institut-Esthederm-05-232x232.jpg 232w, https:\/\/www.loscrigno.it\/beautycase\/wp-content\/uploads\/2020\/08\/Bronze-Repair-Sunkiss-Institut-Esthederm-05-768x768.jpg 768w, https:\/\/www.loscrigno.it\/beautycase\/wp-content\/uploads\/2020\/08\/Bronze-Repair-Sunkiss-Institut-Esthederm-05-180x180.jpg 180w, https:\/\/www.loscrigno.it\/beautycase\/wp-content\/uploads\/2020\/08\/Bronze-Repair-Sunkiss-Institut-Esthederm-05-90x90.jpg 90w, https:\/\/www.loscrigno.it\/beautycase\/wp-content\/uploads\/2020\/08\/Bronze-Repair-Sunkiss-Institut-Esthederm-05-450x450.jpg 450w, https:\/\/www.loscrigno.it\/beautycase\/wp-content\/uploads\/2020\/08\/Bronze-Repair-Sunkiss-Institut-Esthederm-05-270x270.jpg 270w, https:\/\/www.loscrigno.it\/beautycase\/wp-content\/uploads\/2020\/08\/Bronze-Repair-Sunkiss-Institut-Esthederm-05-20x20.jpg 20w, https:\/\/www.loscrigno.it\/beautycase\/wp-content\/uploads\/2020\/08\/Bronze-Repair-Sunkiss-Institut-Esthederm-05-225x225.jpg 225w, https:\/\/www.loscrigno.it\/beautycase\/wp-content\/uploads\/2020\/08\/Bronze-Repair-Sunkiss-Institut-Esthederm-05-900x900.jpg 900w, https:\/\/www.loscrigno.it\/beautycase\/wp-content\/uploads\/2020\/08\/Bronze-Repair-Sunkiss-Institut-Esthederm-05-96x96.jpg 96w, https:\/\/www.loscrigno.it\/beautycase\/wp-content\/uploads\/2020\/08\/Bronze-Repair-Sunkiss-Institut-Esthederm-05.jpg 1200w\" sizes=\"auto, (max-width: 1024px) 100vw, 1024px\" \/><\/figure>\n\n\n\n<div style=\"height:40px\" aria-hidden=\"true\" class=\"wp-block-spacer\"><\/div>\n\n\n\n<h3 class=\"wp-block-heading\">A chi consiglio la crema solare colorata <strong>Bronz Repair Sunkissed<\/strong><\/h3>\n\n\n\n<p>Semaforo verde per <strong>chiunque cerchi una crema solare multiuso<\/strong> in grado non solo di proteggere il viso dal sole, di idratarlo e di prevenire i segni dell&#8217;invecchiamento e la comparsa di macchie scure, ma anche di offrire un risultato estetico non trascurabile, uniformando l&#8217;incarnato e rendendo la pelle sana e radiosa. <\/p>\n\n\n\n<p>La Bronz Repair Sunkissed \u00e8 perfetta anche per chi cerca una <strong>crema da giorno per l&#8217;autunno<\/strong>, quando il sole ancora intenso richiede una protezione solare giornaliera e l&#8217;abbronzatura conquistata nel periodo precedente ha bisogno di attenzioni per essere mantenuta il pi\u00f9 a lungo possibile.<\/p>\n\n\n\n<p>Le uniche persone che dovrebbero riflettere prima dell&#8217;acquisto sono quelle dalla carnagione molto chiara, che potrebbero voler preferire la versione non colorata.<\/p>\n\n\n\n<div style=\"height:30px\" aria-hidden=\"true\" class=\"wp-block-spacer\"><\/div>\n\n\n\n<p>Tu <strong>che rapporto hai con il sole?<\/strong> Ti piace abbronzarti o usi creme dalla protezione altissima? Fammelo sapere in un commento e ricordati di iscriverti alla <strong>newsletter<\/strong> usando il form qui sotto!<\/p>\n\n\n\n<p class=\"has-text-align-center has-thb-accent-color has-text-color\" style=\"font-size:29px\"><strong>Iscriviti alla newsletter!<\/strong><\/p>\n\n\n\n<p class=\"has-text-align-center\" style=\"font-size:14px\">E&#8217; gratis e ti consente di ricevere tanti consigli di bellezza e tutte le novit\u00e0 del mondo beauty!<\/p>\n\n\n\n<!-- Begin Mailchimp Signup Form -->\n<link href=\"\/\/cdn-images.mailchimp.com\/embedcode\/slim-10_7.css\" rel=\"stylesheet\" type=\"text\/css\">\n<style type=\"text\/css\">\n\t#mc_embed_signup{background:#fff; clear:left; font:14px Helvetica,Arial,sans-serif; }\n\t\/* Add your own Mailchimp form style overrides in your site stylesheet or in this style block.\n\t   We recommend moving this block and the preceding CSS link to the HEAD of your HTML file. *\/\n<\/style>\n<style type=\"text\/css\">\n\t#mc-embedded-subscribe-form input[type=checkbox]{display: inline; width: auto;margin-right: 10px;}\n\t#mergeRow-gdpr {margin-top: 20px;}\n\t#mergeRow-gdpr fieldset label {font-weight: normal;}\n\t#mc-embedded-subscribe-form .mc_fieldset{border:none;min-height: 0px;padding-bottom:0px;}\n<\/style>\n<div id=\"mc_embed_signup\">\n<form action=\"https:\/\/beautycaseblog.us12.list-manage.com\/subscribe\/post?u=9acfe39153b343665da37c4ae&amp;id=bacd24f61a\" method=\"post\" id=\"mc-embedded-subscribe-form\" name=\"mc-embedded-subscribe-form\" class=\"validate\" target=\"_blank\" novalidate=\"\">\n   <div id=\"mc_embed_signup_scroll\">\n\t\n\t<input type=\"email\" value=\"\" name=\"EMAIL\" class=\"email\" id=\"mce-EMAIL\" placeholder=\"Il tuo indirizzo email\" style=\"width:100%; text-align:center;\" required=\"\">\n<div id=\"mergeRow-gdpr\" class=\"mergeRow gdpr-mergeRow content__gdprBlock mc-field-group\">\n    <div class=\"content__gdpr\">\n        <fieldset class=\"mc_fieldset gdprRequired mc-field-group\" name=\"interestgroup_field\">\n\t\t<label class=\"checkbox subfield\" for=\"gdpr_60589\"><input type=\"checkbox\" id=\"gdpr_60589\" name=\"gdpr[60589]\" value=\"Y\" class=\"av-checkbox gdpr\"><span>S\u00ec, voglio ricevere la newsletter di Beauty Case Blog!<\/span> <\/label>\n        <\/fieldset>\n        <p style=\"font-size:80%;\"><a href=\"https:\/\/www.iubenda.com\/privacy-policy\/630536\/legal\">Privacy policy<\/a> &#8211; Potrai disiscriverti quando vuoi cliccando sul link in fondo alla newsletter.<\/p>\n    <\/div>\n    <div class=\"content__gdprLegal\">\n        <p style=\"font-size:70%; margin-bottom:20px;\">We use Mailchimp as our marketing platform. By clicking below to subscribe, you acknowledge that your information will be transferred to Mailchimp for processing. <a href=\"https:\/\/mailchimp.com\/legal\/\" target=\"_blank\" rel=\"noopener noreferrer\">Learn more about Mailchimp&#8217;s privacy practices here.<\/a><\/p>\n    <\/div>\n<\/div>\n    <!-- real people should not fill this in and expect good things - do not remove this or risk form bot signups-->\n    <div style=\"position: absolute; left: -5000px;\" aria-hidden=\"true\"><input type=\"text\" name=\"b_9acfe39153b343665da37c4ae_bacd24f61a\" tabindex=\"-1\" value=\"\"><\/div>\n    <div class=\"clear\"><input type=\"submit\" value=\"Iscriviti\" name=\"subscribe\" id=\"mc-embedded-subscribe\" class=\"button\" style=\"width:100%;text-align:center; background-color:#ef2673; text-transform: capitalize;\"><\/div>\n    <\/div>\n<\/form>\n<\/div>\n\n<!--End mc_embed_signup-->\n\n\n\n<div style=\"height:60px\" aria-hidden=\"true\" class=\"wp-block-spacer\"><\/div>\n","protected":false},"excerpt":{"rendered":"<p>Bronz Repair Sunkissed, Istitut Esthederm Il rapporto con il sole pu\u00f2 essere complicato e non \u00e8 inconsueto spingersi fino a considerarlo un nemico, rifuggendo ogni raggio solare e ritardando il pi\u00f9 possibile l&#8217;attivarsi della melanina. Come si pu\u00f2 facilmente immaginare non si tratta di un approccio sano e il rischio \u00e8 quello di rinunciare ai&hellip;<\/p>\n","protected":false},"author":1,"featured_media":20104,"comment_status":"open","ping_status":"open","sticky":false,"template":"","format":"standard","meta":{"footnotes":""},"categories":[1187,27],"tags":[],"thb-sponsors":[],"class_list":["post-20076","post","type-post","status-publish","format-standard","has-post-thumbnail","hentry","category-review","category-skin-care"],"featured_image_src":"https:\/\/www.loscrigno.it\/beautycase\/wp-content\/uploads\/2020\/08\/Bronze-Repair-Sunkiss-Institut-Esthederm-crema-solare-colorata-06.jpg","author_info":{"display_name":"Marica","author_link":"https:\/\/www.loscrigno.it\/beautycase\/index.php\/author\/verdiana\/"},"yoast_head":"<!-- This site is optimized with the Yoast SEO plugin v27.5 - https:\/\/yoast.com\/product\/yoast-seo-wordpress\/ -->\r\n<title>Bronz Repair Sunkissed di Institut Esthederm: crema solare colorata<\/title>\r\n<meta name=\"description\" content=\"Recensione della crema solare colorata Bronz Repair Sunkissed di Institut Esthederm, da utulizzare al mare e in citt\u00e0. Ecco la mia opinione\" \/>\r\n<meta name=\"robots\" content=\"index, follow, max-snippet:-1, max-image-preview:large, max-video-preview:-1\" \/>\r\n<link rel=\"canonical\" href=\"https:\/\/www.loscrigno.it\/beautycase\/index.php\/bronz-repair-sunkissed-crema-solare-colorata-institut-esthederm\/\" \/>\r\n<meta name=\"twitter:card\" content=\"summary_large_image\" \/>\r\n<meta name=\"twitter:title\" content=\"Bronz Repair Sunkissed di Institut Esthederm: crema solare colorata\" \/>\r\n<meta name=\"twitter:description\" content=\"Recensione della crema solare colorata Bronz Repair Sunkissed di Institut Esthederm, da utulizzare al mare e in citt\u00e0. Ecco la mia opinione\" \/>\r\n<meta name=\"twitter:image\" content=\"https:\/\/www.loscrigno.it\/beautycase\/wp-content\/uploads\/2020\/08\/Bronze-Repair-Sunkiss-Institut-Esthederm-crema-solare-colorata-06.jpg\" \/>\r\n<meta name=\"twitter:creator\" content=\"@http:\/\/www.twitter.com\/beautycaseblog\" \/>\r\n<meta name=\"twitter:label1\" content=\"Scritto da\" \/>\n\t<meta name=\"twitter:data1\" content=\"Marica\" \/>\n\t<meta name=\"twitter:label2\" content=\"Tempo di lettura stimato\" \/>\n\t<meta name=\"twitter:data2\" content=\"5 minuti\" \/>\r\n<script type=\"application\/ld+json\" class=\"yoast-schema-graph\">{\"@context\":\"https:\\\/\\\/schema.org\",\"@graph\":[{\"@type\":\"Article\",\"@id\":\"https:\\\/\\\/www.loscrigno.it\\\/beautycase\\\/index.php\\\/bronz-repair-sunkissed-crema-solare-colorata-institut-esthederm\\\/#article\",\"isPartOf\":{\"@id\":\"https:\\\/\\\/www.loscrigno.it\\\/beautycase\\\/index.php\\\/bronz-repair-sunkissed-crema-solare-colorata-institut-esthederm\\\/\"},\"author\":{\"name\":\"Marica\",\"@id\":\"https:\\\/\\\/www.loscrigno.it\\\/beautycase\\\/#\\\/schema\\\/person\\\/11eee6092821563eadc965b96ca0314d\"},\"headline\":\"Bronze Repair Sunkiss: la crema solare colorata di Institut Esthederm\",\"datePublished\":\"2020-08-13T23:30:15+00:00\",\"dateModified\":\"2020-08-14T00:18:58+00:00\",\"mainEntityOfPage\":{\"@id\":\"https:\\\/\\\/www.loscrigno.it\\\/beautycase\\\/index.php\\\/bronz-repair-sunkissed-crema-solare-colorata-institut-esthederm\\\/\"},\"wordCount\":1024,\"commentCount\":0,\"image\":{\"@id\":\"https:\\\/\\\/www.loscrigno.it\\\/beautycase\\\/index.php\\\/bronz-repair-sunkissed-crema-solare-colorata-institut-esthederm\\\/#primaryimage\"},\"thumbnailUrl\":\"https:\\\/\\\/www.loscrigno.it\\\/beautycase\\\/wp-content\\\/uploads\\\/2020\\\/08\\\/Bronze-Repair-Sunkiss-Institut-Esthederm-crema-solare-colorata-06.jpg\",\"articleSection\":[\"Review\",\"Skin Care\"],\"inLanguage\":\"it-IT\",\"potentialAction\":[{\"@type\":\"CommentAction\",\"name\":\"Comment\",\"target\":[\"https:\\\/\\\/www.loscrigno.it\\\/beautycase\\\/index.php\\\/bronz-repair-sunkissed-crema-solare-colorata-institut-esthederm\\\/#respond\"]}]},{\"@type\":\"WebPage\",\"@id\":\"https:\\\/\\\/www.loscrigno.it\\\/beautycase\\\/index.php\\\/bronz-repair-sunkissed-crema-solare-colorata-institut-esthederm\\\/\",\"url\":\"https:\\\/\\\/www.loscrigno.it\\\/beautycase\\\/index.php\\\/bronz-repair-sunkissed-crema-solare-colorata-institut-esthederm\\\/\",\"name\":\"Bronz Repair Sunkissed di Institut Esthederm: crema solare colorata\",\"isPartOf\":{\"@id\":\"https:\\\/\\\/www.loscrigno.it\\\/beautycase\\\/#website\"},\"primaryImageOfPage\":{\"@id\":\"https:\\\/\\\/www.loscrigno.it\\\/beautycase\\\/index.php\\\/bronz-repair-sunkissed-crema-solare-colorata-institut-esthederm\\\/#primaryimage\"},\"image\":{\"@id\":\"https:\\\/\\\/www.loscrigno.it\\\/beautycase\\\/index.php\\\/bronz-repair-sunkissed-crema-solare-colorata-institut-esthederm\\\/#primaryimage\"},\"thumbnailUrl\":\"https:\\\/\\\/www.loscrigno.it\\\/beautycase\\\/wp-content\\\/uploads\\\/2020\\\/08\\\/Bronze-Repair-Sunkiss-Institut-Esthederm-crema-solare-colorata-06.jpg\",\"datePublished\":\"2020-08-13T23:30:15+00:00\",\"dateModified\":\"2020-08-14T00:18:58+00:00\",\"author\":{\"@id\":\"https:\\\/\\\/www.loscrigno.it\\\/beautycase\\\/#\\\/schema\\\/person\\\/11eee6092821563eadc965b96ca0314d\"},\"description\":\"Recensione della crema solare colorata Bronz Repair Sunkissed di Institut Esthederm, da utulizzare al mare e in citt\u00e0. Ecco la mia opinione\",\"breadcrumb\":{\"@id\":\"https:\\\/\\\/www.loscrigno.it\\\/beautycase\\\/index.php\\\/bronz-repair-sunkissed-crema-solare-colorata-institut-esthederm\\\/#breadcrumb\"},\"inLanguage\":\"it-IT\",\"potentialAction\":[{\"@type\":\"ReadAction\",\"target\":[\"https:\\\/\\\/www.loscrigno.it\\\/beautycase\\\/index.php\\\/bronz-repair-sunkissed-crema-solare-colorata-institut-esthederm\\\/\"]}]},{\"@type\":\"ImageObject\",\"inLanguage\":\"it-IT\",\"@id\":\"https:\\\/\\\/www.loscrigno.it\\\/beautycase\\\/index.php\\\/bronz-repair-sunkissed-crema-solare-colorata-institut-esthederm\\\/#primaryimage\",\"url\":\"https:\\\/\\\/www.loscrigno.it\\\/beautycase\\\/wp-content\\\/uploads\\\/2020\\\/08\\\/Bronze-Repair-Sunkiss-Institut-Esthederm-crema-solare-colorata-06.jpg\",\"contentUrl\":\"https:\\\/\\\/www.loscrigno.it\\\/beautycase\\\/wp-content\\\/uploads\\\/2020\\\/08\\\/Bronze-Repair-Sunkiss-Institut-Esthederm-crema-solare-colorata-06.jpg\",\"width\":1440,\"height\":1080,\"caption\":\"Bronze Repair Sunkiss Institut Esthederm crema solare colorata\"},{\"@type\":\"BreadcrumbList\",\"@id\":\"https:\\\/\\\/www.loscrigno.it\\\/beautycase\\\/index.php\\\/bronz-repair-sunkissed-crema-solare-colorata-institut-esthederm\\\/#breadcrumb\",\"itemListElement\":[{\"@type\":\"ListItem\",\"position\":1,\"name\":\"Home\",\"item\":\"https:\\\/\\\/www.loscrigno.it\\\/beautycase\\\/\"},{\"@type\":\"ListItem\",\"position\":2,\"name\":\"Bronze Repair Sunkiss: la crema solare colorata di Institut Esthederm\"}]},{\"@type\":\"WebSite\",\"@id\":\"https:\\\/\\\/www.loscrigno.it\\\/beautycase\\\/#website\",\"url\":\"https:\\\/\\\/www.loscrigno.it\\\/beautycase\\\/\",\"name\":\"Beauty Case Blog - Beauty blog italiano su make-up e bellezza\",\"description\":\"Beauty Case Blog \u00e8 uno dei pi\u00f9 importanti beauty blog italiani. Leggi ora tutte le novit\u00e0 del mondo beauty e scopri i miei consigli su make-up e bellezza.\",\"potentialAction\":[{\"@type\":\"SearchAction\",\"target\":{\"@type\":\"EntryPoint\",\"urlTemplate\":\"https:\\\/\\\/www.loscrigno.it\\\/beautycase\\\/?s={search_term_string}\"},\"query-input\":{\"@type\":\"PropertyValueSpecification\",\"valueRequired\":true,\"valueName\":\"search_term_string\"}}],\"inLanguage\":\"it-IT\"},{\"@type\":\"Person\",\"@id\":\"https:\\\/\\\/www.loscrigno.it\\\/beautycase\\\/#\\\/schema\\\/person\\\/11eee6092821563eadc965b96ca0314d\",\"name\":\"Marica\",\"image\":{\"@type\":\"ImageObject\",\"inLanguage\":\"it-IT\",\"@id\":\"https:\\\/\\\/secure.gravatar.com\\\/avatar\\\/17ff8fae2051e8d0c09037bc4e9ab017ac93233f8d559691101577712100fa39?s=96&d=blank&r=g\",\"url\":\"https:\\\/\\\/secure.gravatar.com\\\/avatar\\\/17ff8fae2051e8d0c09037bc4e9ab017ac93233f8d559691101577712100fa39?s=96&d=blank&r=g\",\"contentUrl\":\"https:\\\/\\\/secure.gravatar.com\\\/avatar\\\/17ff8fae2051e8d0c09037bc4e9ab017ac93233f8d559691101577712100fa39?s=96&d=blank&r=g\",\"caption\":\"Marica\"},\"description\":\"Appassionata di cosmesi e di tutto ci\u00f2 che \u00e8 bello. Dal 2015 vivo a cavallo tra Italia e Inghilterra e ho un'inarrestabile passione per borse e rossetti. Il super-potere che vorrei? Quello dei capelli sempre in piega! Su Instagram mi trovi come @beautycaseblog.\",\"sameAs\":[\"http:\\\/\\\/www.instagram.com\\\/beautycaseblog\",\"http:\\\/\\\/www.facebook.com\\\/beautycaseblog\",\"https:\\\/\\\/x.com\\\/http:\\\/\\\/www.twitter.com\\\/beautycaseblog\"],\"url\":\"https:\\\/\\\/www.loscrigno.it\\\/beautycase\\\/index.php\\\/author\\\/verdiana\\\/\"}]}<\/script>\r\n<!-- \/ Yoast SEO plugin. -->","yoast_head_json":{"title":"Bronz Repair Sunkissed di Institut Esthederm: crema solare colorata","description":"Recensione della crema solare colorata Bronz Repair Sunkissed di Institut Esthederm, da utulizzare al mare e in citt\u00e0. Ecco la mia opinione","robots":{"index":"index","follow":"follow","max-snippet":"max-snippet:-1","max-image-preview":"max-image-preview:large","max-video-preview":"max-video-preview:-1"},"canonical":"https:\/\/www.loscrigno.it\/beautycase\/index.php\/bronz-repair-sunkissed-crema-solare-colorata-institut-esthederm\/","twitter_card":"summary_large_image","twitter_title":"Bronz Repair Sunkissed di Institut Esthederm: crema solare colorata","twitter_description":"Recensione della crema solare colorata Bronz Repair Sunkissed di Institut Esthederm, da utulizzare al mare e in citt\u00e0. Ecco la mia opinione","twitter_image":"https:\/\/www.loscrigno.it\/beautycase\/wp-content\/uploads\/2020\/08\/Bronze-Repair-Sunkiss-Institut-Esthederm-crema-solare-colorata-06.jpg","twitter_creator":"@http:\/\/www.twitter.com\/beautycaseblog","twitter_misc":{"Scritto da":"Marica","Tempo di lettura stimato":"5 minuti"},"schema":{"@context":"https:\/\/schema.org","@graph":[{"@type":"Article","@id":"https:\/\/www.loscrigno.it\/beautycase\/index.php\/bronz-repair-sunkissed-crema-solare-colorata-institut-esthederm\/#article","isPartOf":{"@id":"https:\/\/www.loscrigno.it\/beautycase\/index.php\/bronz-repair-sunkissed-crema-solare-colorata-institut-esthederm\/"},"author":{"name":"Marica","@id":"https:\/\/www.loscrigno.it\/beautycase\/#\/schema\/person\/11eee6092821563eadc965b96ca0314d"},"headline":"Bronze Repair Sunkiss: la crema solare colorata di Institut Esthederm","datePublished":"2020-08-13T23:30:15+00:00","dateModified":"2020-08-14T00:18:58+00:00","mainEntityOfPage":{"@id":"https:\/\/www.loscrigno.it\/beautycase\/index.php\/bronz-repair-sunkissed-crema-solare-colorata-institut-esthederm\/"},"wordCount":1024,"commentCount":0,"image":{"@id":"https:\/\/www.loscrigno.it\/beautycase\/index.php\/bronz-repair-sunkissed-crema-solare-colorata-institut-esthederm\/#primaryimage"},"thumbnailUrl":"https:\/\/www.loscrigno.it\/beautycase\/wp-content\/uploads\/2020\/08\/Bronze-Repair-Sunkiss-Institut-Esthederm-crema-solare-colorata-06.jpg","articleSection":["Review","Skin Care"],"inLanguage":"it-IT","potentialAction":[{"@type":"CommentAction","name":"Comment","target":["https:\/\/www.loscrigno.it\/beautycase\/index.php\/bronz-repair-sunkissed-crema-solare-colorata-institut-esthederm\/#respond"]}]},{"@type":"WebPage","@id":"https:\/\/www.loscrigno.it\/beautycase\/index.php\/bronz-repair-sunkissed-crema-solare-colorata-institut-esthederm\/","url":"https:\/\/www.loscrigno.it\/beautycase\/index.php\/bronz-repair-sunkissed-crema-solare-colorata-institut-esthederm\/","name":"Bronz Repair Sunkissed di Institut Esthederm: crema solare colorata","isPartOf":{"@id":"https:\/\/www.loscrigno.it\/beautycase\/#website"},"primaryImageOfPage":{"@id":"https:\/\/www.loscrigno.it\/beautycase\/index.php\/bronz-repair-sunkissed-crema-solare-colorata-institut-esthederm\/#primaryimage"},"image":{"@id":"https:\/\/www.loscrigno.it\/beautycase\/index.php\/bronz-repair-sunkissed-crema-solare-colorata-institut-esthederm\/#primaryimage"},"thumbnailUrl":"https:\/\/www.loscrigno.it\/beautycase\/wp-content\/uploads\/2020\/08\/Bronze-Repair-Sunkiss-Institut-Esthederm-crema-solare-colorata-06.jpg","datePublished":"2020-08-13T23:30:15+00:00","dateModified":"2020-08-14T00:18:58+00:00","author":{"@id":"https:\/\/www.loscrigno.it\/beautycase\/#\/schema\/person\/11eee6092821563eadc965b96ca0314d"},"description":"Recensione della crema solare colorata Bronz Repair Sunkissed di Institut Esthederm, da utulizzare al mare e in citt\u00e0. Ecco la mia opinione","breadcrumb":{"@id":"https:\/\/www.loscrigno.it\/beautycase\/index.php\/bronz-repair-sunkissed-crema-solare-colorata-institut-esthederm\/#breadcrumb"},"inLanguage":"it-IT","potentialAction":[{"@type":"ReadAction","target":["https:\/\/www.loscrigno.it\/beautycase\/index.php\/bronz-repair-sunkissed-crema-solare-colorata-institut-esthederm\/"]}]},{"@type":"ImageObject","inLanguage":"it-IT","@id":"https:\/\/www.loscrigno.it\/beautycase\/index.php\/bronz-repair-sunkissed-crema-solare-colorata-institut-esthederm\/#primaryimage","url":"https:\/\/www.loscrigno.it\/beautycase\/wp-content\/uploads\/2020\/08\/Bronze-Repair-Sunkiss-Institut-Esthederm-crema-solare-colorata-06.jpg","contentUrl":"https:\/\/www.loscrigno.it\/beautycase\/wp-content\/uploads\/2020\/08\/Bronze-Repair-Sunkiss-Institut-Esthederm-crema-solare-colorata-06.jpg","width":1440,"height":1080,"caption":"Bronze Repair Sunkiss Institut Esthederm crema solare colorata"},{"@type":"BreadcrumbList","@id":"https:\/\/www.loscrigno.it\/beautycase\/index.php\/bronz-repair-sunkissed-crema-solare-colorata-institut-esthederm\/#breadcrumb","itemListElement":[{"@type":"ListItem","position":1,"name":"Home","item":"https:\/\/www.loscrigno.it\/beautycase\/"},{"@type":"ListItem","position":2,"name":"Bronze Repair Sunkiss: la crema solare colorata di Institut Esthederm"}]},{"@type":"WebSite","@id":"https:\/\/www.loscrigno.it\/beautycase\/#website","url":"https:\/\/www.loscrigno.it\/beautycase\/","name":"Beauty Case Blog - Beauty blog italiano su make-up e bellezza","description":"Beauty Case Blog \u00e8 uno dei pi\u00f9 importanti beauty blog italiani. Leggi ora tutte le novit\u00e0 del mondo beauty e scopri i miei consigli su make-up e bellezza.","potentialAction":[{"@type":"SearchAction","target":{"@type":"EntryPoint","urlTemplate":"https:\/\/www.loscrigno.it\/beautycase\/?s={search_term_string}"},"query-input":{"@type":"PropertyValueSpecification","valueRequired":true,"valueName":"search_term_string"}}],"inLanguage":"it-IT"},{"@type":"Person","@id":"https:\/\/www.loscrigno.it\/beautycase\/#\/schema\/person\/11eee6092821563eadc965b96ca0314d","name":"Marica","image":{"@type":"ImageObject","inLanguage":"it-IT","@id":"https:\/\/secure.gravatar.com\/avatar\/17ff8fae2051e8d0c09037bc4e9ab017ac93233f8d559691101577712100fa39?s=96&d=blank&r=g","url":"https:\/\/secure.gravatar.com\/avatar\/17ff8fae2051e8d0c09037bc4e9ab017ac93233f8d559691101577712100fa39?s=96&d=blank&r=g","contentUrl":"https:\/\/secure.gravatar.com\/avatar\/17ff8fae2051e8d0c09037bc4e9ab017ac93233f8d559691101577712100fa39?s=96&d=blank&r=g","caption":"Marica"},"description":"Appassionata di cosmesi e di tutto ci\u00f2 che \u00e8 bello. Dal 2015 vivo a cavallo tra Italia e Inghilterra e ho un'inarrestabile passione per borse e rossetti. Il super-potere che vorrei? Quello dei capelli sempre in piega! Su Instagram mi trovi come @beautycaseblog.","sameAs":["http:\/\/www.instagram.com\/beautycaseblog","http:\/\/www.facebook.com\/beautycaseblog","https:\/\/x.com\/http:\/\/www.twitter.com\/beautycaseblog"],"url":"https:\/\/www.loscrigno.it\/beautycase\/index.php\/author\/verdiana\/"}]}},"_links":{"self":[{"href":"https:\/\/www.loscrigno.it\/beautycase\/index.php\/wp-json\/wp\/v2\/posts\/20076","targetHints":{"allow":["GET"]}}],"collection":[{"href":"https:\/\/www.loscrigno.it\/beautycase\/index.php\/wp-json\/wp\/v2\/posts"}],"about":[{"href":"https:\/\/www.loscrigno.it\/beautycase\/index.php\/wp-json\/wp\/v2\/types\/post"}],"author":[{"embeddable":true,"href":"https:\/\/www.loscrigno.it\/beautycase\/index.php\/wp-json\/wp\/v2\/users\/1"}],"replies":[{"embeddable":true,"href":"https:\/\/www.loscrigno.it\/beautycase\/index.php\/wp-json\/wp\/v2\/comments?post=20076"}],"version-history":[{"count":19,"href":"https:\/\/www.loscrigno.it\/beautycase\/index.php\/wp-json\/wp\/v2\/posts\/20076\/revisions"}],"predecessor-version":[{"id":20113,"href":"https:\/\/www.loscrigno.it\/beautycase\/index.php\/wp-json\/wp\/v2\/posts\/20076\/revisions\/20113"}],"wp:featuredmedia":[{"embeddable":true,"href":"https:\/\/www.loscrigno.it\/beautycase\/index.php\/wp-json\/wp\/v2\/media\/20104"}],"wp:attachment":[{"href":"https:\/\/www.loscrigno.it\/beautycase\/index.php\/wp-json\/wp\/v2\/media?parent=20076"}],"wp:term":[{"taxonomy":"category","embeddable":true,"href":"https:\/\/www.loscrigno.it\/beautycase\/index.php\/wp-json\/wp\/v2\/categories?post=20076"},{"taxonomy":"post_tag","embeddable":true,"href":"https:\/\/www.loscrigno.it\/beautycase\/index.php\/wp-json\/wp\/v2\/tags?post=20076"},{"taxonomy":"thb-sponsors","embeddable":true,"href":"https:\/\/www.loscrigno.it\/beautycase\/index.php\/wp-json\/wp\/v2\/thb-sponsors?post=20076"}],"curies":[{"name":"wp","href":"https:\/\/api.w.org\/{rel}","templated":true}]}}