{"id":20763,"date":"2021-03-23T08:00:00","date_gmt":"2021-03-23T07:00:00","guid":{"rendered":"http:\/\/www.loscrigno.it\/beautycase\/?p=20763"},"modified":"2021-03-23T14:48:53","modified_gmt":"2021-03-23T13:48:53","slug":"novita-capelli-primavera-estate-2021-sephora","status":"publish","type":"post","link":"https:\/\/www.loscrigno.it\/beautycase\/index.php\/novita-capelli-primavera-estate-2021-sephora\/","title":{"rendered":"Tutte le <strong>novit\u00e0 capelli<\/strong> <em>primavera\/estate 2021<\/em> in arrivo da Sephora"},"content":{"rendered":"\n<figure class=\"wp-block-image size-large\"><img loading=\"lazy\" decoding=\"async\" width=\"1024\" height=\"768\" src=\"data:image\/gif;base64,R0lGODlhAQABAAAAACH5BAEKAAEALAAAAAABAAEAAAICTAEAOw==\" data-src=\"https:\/\/www.loscrigno.it\/beautycase\/wp-content\/uploads\/2021\/03\/Novita-capelli-primavera-estate-2021-1024x768.jpg\" alt=\"Novit\u00e0 capelli primavera estate 2021 sephora\" class=\"wp-image-20786 lazyload\" data-sizes=\"auto\" data-srcset=\"https:\/\/www.loscrigno.it\/beautycase\/wp-content\/uploads\/2021\/03\/Novita-capelli-primavera-estate-2021-1024x768.jpg 1024w, https:\/\/www.loscrigno.it\/beautycase\/wp-content\/uploads\/2021\/03\/Novita-capelli-primavera-estate-2021-600x450.jpg 600w, https:\/\/www.loscrigno.it\/beautycase\/wp-content\/uploads\/2021\/03\/Novita-capelli-primavera-estate-2021-232x174.jpg 232w, https:\/\/www.loscrigno.it\/beautycase\/wp-content\/uploads\/2021\/03\/Novita-capelli-primavera-estate-2021-768x576.jpg 768w, https:\/\/www.loscrigno.it\/beautycase\/wp-content\/uploads\/2021\/03\/Novita-capelli-primavera-estate-2021-1536x1152.jpg 1536w, https:\/\/www.loscrigno.it\/beautycase\/wp-content\/uploads\/2021\/03\/Novita-capelli-primavera-estate-2021-450x338.jpg 450w, https:\/\/www.loscrigno.it\/beautycase\/wp-content\/uploads\/2021\/03\/Novita-capelli-primavera-estate-2021-225x169.jpg 225w, https:\/\/www.loscrigno.it\/beautycase\/wp-content\/uploads\/2021\/03\/Novita-capelli-primavera-estate-2021-900x675.jpg 900w, https:\/\/www.loscrigno.it\/beautycase\/wp-content\/uploads\/2021\/03\/Novita-capelli-primavera-estate-2021-1350x1013.jpg 1350w, https:\/\/www.loscrigno.it\/beautycase\/wp-content\/uploads\/2021\/03\/Novita-capelli-primavera-estate-2021-20x15.jpg 20w, https:\/\/www.loscrigno.it\/beautycase\/wp-content\/uploads\/2021\/03\/Novita-capelli-primavera-estate-2021-128x96.jpg 128w, https:\/\/www.loscrigno.it\/beautycase\/wp-content\/uploads\/2021\/03\/Novita-capelli-primavera-estate-2021.jpg 1600w\" sizes=\"auto, (max-width: 1024px) 100vw, 1024px\" \/><\/figure>\n\n\n\n<p>La primavera e l&#8217;estate sono stagioni stressanti per i capelli, che si trovano ad affrontare non solo l&#8217;aggressione esterna di smog e trattamenti chimici, ma anche quella dei raggi solari, della salsedine e del cloro. Per fortuna sono in arrivo da Sephora una serie di interessanti novit\u00e0 firmate <strong>Briogeo<\/strong>, <strong>Olaplex <\/strong>e <strong>Moroccanoil<\/strong>, Per preservarne la lucentezza e l&#8217;aspetto sano.<\/p>\n\n\n\n<!--more-->\n\n\n\n<div style=\"height:40px\" aria-hidden=\"true\" class=\"wp-block-spacer\"><\/div>\n\n\n\n<h2 class=\"has-text-align-center has-thb-accent-color has-text-color wp-block-heading\"><strong>Novit\u00e0 <em>Briogeo <\/em>per capelli danneggiati<\/strong><\/h2>\n\n\n\n<p>Oli naturali, vitamine e antiossidanti di origine naturale: ai prodotti per la cura dei capelli firmati <strong>Briogeo <\/strong>non manca proprio niente. E per affrontare con brio la primavera-estate 2021, il brand propone una nuova coppia balsamo e maschera super idratanti.<\/p>\n\n\n\n<figure class=\"wp-block-image size-large\"><img loading=\"lazy\" decoding=\"async\" width=\"1024\" height=\"1024\" src=\"data:image\/gif;base64,R0lGODlhAQABAAAAACH5BAEKAAEALAAAAAABAAEAAAICTAEAOw==\" data-src=\"https:\/\/www.loscrigno.it\/beautycase\/wp-content\/uploads\/2021\/03\/BRIOGEO-Conditioner_packshot-1024x1024.jpg\" alt=\"Novit\u00e0 capelli BRIOGEO balsamo don't despair repair!\" class=\"wp-image-20765 lazyload\" data-sizes=\"auto\" data-srcset=\"https:\/\/www.loscrigno.it\/beautycase\/wp-content\/uploads\/2021\/03\/BRIOGEO-Conditioner_packshot-1024x1024.jpg 1024w, https:\/\/www.loscrigno.it\/beautycase\/wp-content\/uploads\/2021\/03\/BRIOGEO-Conditioner_packshot-600x600.jpg 600w, https:\/\/www.loscrigno.it\/beautycase\/wp-content\/uploads\/2021\/03\/BRIOGEO-Conditioner_packshot-232x232.jpg 232w, https:\/\/www.loscrigno.it\/beautycase\/wp-content\/uploads\/2021\/03\/BRIOGEO-Conditioner_packshot-768x768.jpg 768w, https:\/\/www.loscrigno.it\/beautycase\/wp-content\/uploads\/2021\/03\/BRIOGEO-Conditioner_packshot-1536x1536.jpg 1536w, https:\/\/www.loscrigno.it\/beautycase\/wp-content\/uploads\/2021\/03\/BRIOGEO-Conditioner_packshot-180x180.jpg 180w, https:\/\/www.loscrigno.it\/beautycase\/wp-content\/uploads\/2021\/03\/BRIOGEO-Conditioner_packshot-90x90.jpg 90w, https:\/\/www.loscrigno.it\/beautycase\/wp-content\/uploads\/2021\/03\/BRIOGEO-Conditioner_packshot-450x450.jpg 450w, https:\/\/www.loscrigno.it\/beautycase\/wp-content\/uploads\/2021\/03\/BRIOGEO-Conditioner_packshot-270x270.jpg 270w, https:\/\/www.loscrigno.it\/beautycase\/wp-content\/uploads\/2021\/03\/BRIOGEO-Conditioner_packshot-20x20.jpg 20w, https:\/\/www.loscrigno.it\/beautycase\/wp-content\/uploads\/2021\/03\/BRIOGEO-Conditioner_packshot-225x225.jpg 225w, https:\/\/www.loscrigno.it\/beautycase\/wp-content\/uploads\/2021\/03\/BRIOGEO-Conditioner_packshot-900x900.jpg 900w, https:\/\/www.loscrigno.it\/beautycase\/wp-content\/uploads\/2021\/03\/BRIOGEO-Conditioner_packshot-1350x1350.jpg 1350w, https:\/\/www.loscrigno.it\/beautycase\/wp-content\/uploads\/2021\/03\/BRIOGEO-Conditioner_packshot-96x96.jpg 96w, https:\/\/www.loscrigno.it\/beautycase\/wp-content\/uploads\/2021\/03\/BRIOGEO-Conditioner_packshot.jpg 2000w\" sizes=\"auto, (max-width: 1024px) 100vw, 1024px\" \/><\/figure>\n\n\n\n<p><strong><em>Don&#8217;t Despair, repair!<\/em><\/strong> (473ml -38,50 euro) \u00e8 il balsamo che fortifica i capelli danneggiati e aiuta a prevenire le rotture grazie a un mix di olio di argan microincapsulato, pantenolo ed estratto d&#8217;alga ricco di minerali e amminoacidi. Provalo se hai bisogno di rinforzare e idratare allo stesso tempo.<\/p>\n\n\n\n<figure class=\"wp-block-image size-large\"><img loading=\"lazy\" decoding=\"async\" width=\"1024\" height=\"1024\" src=\"data:image\/gif;base64,R0lGODlhAQABAAAAACH5BAEKAAEALAAAAAABAAEAAAICTAEAOw==\" data-src=\"https:\/\/www.loscrigno.it\/beautycase\/wp-content\/uploads\/2021\/03\/BRIOGEO-Mask_packshot-1024x1024.jpg\" alt=\"Novit\u00e0 capelli BRIOGEO Maschera cuoio capelluto Scalp Revival\" class=\"wp-image-20766 lazyload\" data-sizes=\"auto\" data-srcset=\"https:\/\/www.loscrigno.it\/beautycase\/wp-content\/uploads\/2021\/03\/BRIOGEO-Mask_packshot-1024x1024.jpg 1024w, https:\/\/www.loscrigno.it\/beautycase\/wp-content\/uploads\/2021\/03\/BRIOGEO-Mask_packshot-600x600.jpg 600w, https:\/\/www.loscrigno.it\/beautycase\/wp-content\/uploads\/2021\/03\/BRIOGEO-Mask_packshot-232x232.jpg 232w, https:\/\/www.loscrigno.it\/beautycase\/wp-content\/uploads\/2021\/03\/BRIOGEO-Mask_packshot-768x768.jpg 768w, https:\/\/www.loscrigno.it\/beautycase\/wp-content\/uploads\/2021\/03\/BRIOGEO-Mask_packshot-1536x1536.jpg 1536w, https:\/\/www.loscrigno.it\/beautycase\/wp-content\/uploads\/2021\/03\/BRIOGEO-Mask_packshot-180x180.jpg 180w, https:\/\/www.loscrigno.it\/beautycase\/wp-content\/uploads\/2021\/03\/BRIOGEO-Mask_packshot-90x90.jpg 90w, https:\/\/www.loscrigno.it\/beautycase\/wp-content\/uploads\/2021\/03\/BRIOGEO-Mask_packshot-450x450.jpg 450w, https:\/\/www.loscrigno.it\/beautycase\/wp-content\/uploads\/2021\/03\/BRIOGEO-Mask_packshot-270x270.jpg 270w, https:\/\/www.loscrigno.it\/beautycase\/wp-content\/uploads\/2021\/03\/BRIOGEO-Mask_packshot-20x20.jpg 20w, https:\/\/www.loscrigno.it\/beautycase\/wp-content\/uploads\/2021\/03\/BRIOGEO-Mask_packshot-225x225.jpg 225w, https:\/\/www.loscrigno.it\/beautycase\/wp-content\/uploads\/2021\/03\/BRIOGEO-Mask_packshot-900x900.jpg 900w, https:\/\/www.loscrigno.it\/beautycase\/wp-content\/uploads\/2021\/03\/BRIOGEO-Mask_packshot-1350x1350.jpg 1350w, https:\/\/www.loscrigno.it\/beautycase\/wp-content\/uploads\/2021\/03\/BRIOGEO-Mask_packshot-96x96.jpg 96w, https:\/\/www.loscrigno.it\/beautycase\/wp-content\/uploads\/2021\/03\/BRIOGEO-Mask_packshot.jpg 2000w\" sizes=\"auto, (max-width: 1024px) 100vw, 1024px\" \/><\/figure>\n\n\n\n<p>Ma la novit\u00e0 pi\u00f9 interessante, se vuoi il mio parere, \u00e8 la <strong><em>Scalp Revival <\/em><\/strong>(177ml &#8211; 34,50 euro): una <strong>maschera idratante per il cuoio capelluto<\/strong>, studiata per contrastare irritazioni e desquamazioni. La formula, naturale al 98%, unisce l&#8217;effetto benefico del carbone binchotan all&#8217;olio essenziale di menta piperita, menta verde e tea tre, per un effetto calmante, idratante e nutriente. L&#8217;unico aspetto negativo \u00e8 che bisogner\u00e0 aspettare <strong>fine maggio<\/strong> per trovarla da Sephora, mentre io la vorrei avere tra le mani in questo preciso istante!<\/p>\n\n\n\n<div style=\"height:40px\" aria-hidden=\"true\" class=\"wp-block-spacer\"><\/div>\n\n\n\n<h2 class=\"has-text-align-center has-thb-accent-color has-text-color wp-block-heading\"><strong>Novit\u00e0 <em>Olaplex <\/em>per capelli tinti o decolorati<\/strong><\/h2>\n\n\n\n<p>Li abbiamo gi\u00e0 visti sugli scaffali di Sephora (o sul sito web), ma in attesa della bella stagione vale la pena di tornare a parlare dei prodotti Olaplex, basati su un ingrediente sintentico che permette di riallacciare i ponti che si sono rotti tra i capelli a causa delle tinte e delle decolorazioni.<\/p>\n\n\n\n<figure class=\"wp-block-image size-large\"><img loading=\"lazy\" decoding=\"async\" width=\"1024\" height=\"819\" src=\"data:image\/gif;base64,R0lGODlhAQABAAAAACH5BAEKAAEALAAAAAABAAEAAAICTAEAOw==\" data-src=\"https:\/\/www.loscrigno.it\/beautycase\/wp-content\/uploads\/2021\/03\/OLAPLEX-No.3-French-1-1024x819.jpg\" alt=\"Olaplex Hair Perfector No. 3 \" class=\"wp-image-20769 lazyload\" data-sizes=\"auto\" data-srcset=\"https:\/\/www.loscrigno.it\/beautycase\/wp-content\/uploads\/2021\/03\/OLAPLEX-No.3-French-1-1024x819.jpg 1024w, https:\/\/www.loscrigno.it\/beautycase\/wp-content\/uploads\/2021\/03\/OLAPLEX-No.3-French-1-600x480.jpg 600w, https:\/\/www.loscrigno.it\/beautycase\/wp-content\/uploads\/2021\/03\/OLAPLEX-No.3-French-1-232x186.jpg 232w, https:\/\/www.loscrigno.it\/beautycase\/wp-content\/uploads\/2021\/03\/OLAPLEX-No.3-French-1-768x614.jpg 768w, https:\/\/www.loscrigno.it\/beautycase\/wp-content\/uploads\/2021\/03\/OLAPLEX-No.3-French-1-450x360.jpg 450w, https:\/\/www.loscrigno.it\/beautycase\/wp-content\/uploads\/2021\/03\/OLAPLEX-No.3-French-1-225x180.jpg 225w, https:\/\/www.loscrigno.it\/beautycase\/wp-content\/uploads\/2021\/03\/OLAPLEX-No.3-French-1-900x720.jpg 900w, https:\/\/www.loscrigno.it\/beautycase\/wp-content\/uploads\/2021\/03\/OLAPLEX-No.3-French-1-1350x1080.jpg 1350w, https:\/\/www.loscrigno.it\/beautycase\/wp-content\/uploads\/2021\/03\/OLAPLEX-No.3-French-1-20x15.jpg 20w, https:\/\/www.loscrigno.it\/beautycase\/wp-content\/uploads\/2021\/03\/OLAPLEX-No.3-French-1-120x96.jpg 120w, https:\/\/www.loscrigno.it\/beautycase\/wp-content\/uploads\/2021\/03\/OLAPLEX-No.3-French-1.jpg 1500w\" sizes=\"auto, (max-width: 1024px) 100vw, 1024px\" \/><\/figure>\n\n\n\n<p>Applicato prima dello shampoo e lasciato agire per 10 minuti, l&#8217;<strong><em>Hair Perfector No. 3<\/em><\/strong> (100ml &#8211; 27,50 euro) ha infatti l&#8217;obiettivo di ripristinare i legami capillari tra un trattamento chimico e l&#8217;altro, rendendo i capelli pi\u00f9 forti e capaci di resistere alle aggressioni esterne.<\/p>\n\n\n\n<div style=\"height:20px\" aria-hidden=\"true\" class=\"wp-block-spacer\"><\/div>\n\n\n\n<figure class=\"wp-block-image size-large\"><img loading=\"lazy\" decoding=\"async\" width=\"1024\" height=\"819\" src=\"data:image\/gif;base64,R0lGODlhAQABAAAAACH5BAEKAAEALAAAAAABAAEAAAICTAEAOw==\" data-src=\"https:\/\/www.loscrigno.it\/beautycase\/wp-content\/uploads\/2021\/03\/OLAPLEX-No.4-French-shadow-1-1024x819.jpg\" alt=\"Novit\u00e0 capelli Olaplex Shampoo No.4 Bond Maintenance\" class=\"wp-image-20770 lazyload\" data-sizes=\"auto\" data-srcset=\"https:\/\/www.loscrigno.it\/beautycase\/wp-content\/uploads\/2021\/03\/OLAPLEX-No.4-French-shadow-1-1024x819.jpg 1024w, https:\/\/www.loscrigno.it\/beautycase\/wp-content\/uploads\/2021\/03\/OLAPLEX-No.4-French-shadow-1-600x480.jpg 600w, https:\/\/www.loscrigno.it\/beautycase\/wp-content\/uploads\/2021\/03\/OLAPLEX-No.4-French-shadow-1-232x186.jpg 232w, https:\/\/www.loscrigno.it\/beautycase\/wp-content\/uploads\/2021\/03\/OLAPLEX-No.4-French-shadow-1-768x614.jpg 768w, https:\/\/www.loscrigno.it\/beautycase\/wp-content\/uploads\/2021\/03\/OLAPLEX-No.4-French-shadow-1-450x360.jpg 450w, https:\/\/www.loscrigno.it\/beautycase\/wp-content\/uploads\/2021\/03\/OLAPLEX-No.4-French-shadow-1-225x180.jpg 225w, https:\/\/www.loscrigno.it\/beautycase\/wp-content\/uploads\/2021\/03\/OLAPLEX-No.4-French-shadow-1-900x720.jpg 900w, https:\/\/www.loscrigno.it\/beautycase\/wp-content\/uploads\/2021\/03\/OLAPLEX-No.4-French-shadow-1-1350x1080.jpg 1350w, https:\/\/www.loscrigno.it\/beautycase\/wp-content\/uploads\/2021\/03\/OLAPLEX-No.4-French-shadow-1-20x15.jpg 20w, https:\/\/www.loscrigno.it\/beautycase\/wp-content\/uploads\/2021\/03\/OLAPLEX-No.4-French-shadow-1-120x96.jpg 120w, https:\/\/www.loscrigno.it\/beautycase\/wp-content\/uploads\/2021\/03\/OLAPLEX-No.4-French-shadow-1.jpg 1500w\" sizes=\"auto, (max-width: 1024px) 100vw, 1024px\" \/><\/figure>\n\n\n\n<p>Il passaggio successivo \u00e8 lo <strong><em>Shampoo No.4 Bond Maintenance<\/em><\/strong> (250ml &#8211; 27,50 euro), che deterge delicatamente i capelli riparando le punte grazie alla tecnologia brevettata che gli permette di riparare i legami disolfuro, con un occhio di riguardo anche alla morbidezza e alla luminosit\u00e0 della chioma.<\/p>\n\n\n\n<div style=\"height:20px\" aria-hidden=\"true\" class=\"wp-block-spacer\"><\/div>\n\n\n\n<figure class=\"wp-block-image size-large\"><img loading=\"lazy\" decoding=\"async\" width=\"1024\" height=\"819\" src=\"data:image\/gif;base64,R0lGODlhAQABAAAAACH5BAEKAAEALAAAAAABAAEAAAICTAEAOw==\" data-src=\"https:\/\/www.loscrigno.it\/beautycase\/wp-content\/uploads\/2021\/03\/OLAPLEX-No.5-French-shadow-1-1024x819.jpg\" alt=\"Olaplex Bond Maintenance No. 5\" class=\"wp-image-20771 lazyload\" data-sizes=\"auto\" data-srcset=\"https:\/\/www.loscrigno.it\/beautycase\/wp-content\/uploads\/2021\/03\/OLAPLEX-No.5-French-shadow-1-1024x819.jpg 1024w, https:\/\/www.loscrigno.it\/beautycase\/wp-content\/uploads\/2021\/03\/OLAPLEX-No.5-French-shadow-1-600x480.jpg 600w, https:\/\/www.loscrigno.it\/beautycase\/wp-content\/uploads\/2021\/03\/OLAPLEX-No.5-French-shadow-1-232x186.jpg 232w, https:\/\/www.loscrigno.it\/beautycase\/wp-content\/uploads\/2021\/03\/OLAPLEX-No.5-French-shadow-1-768x614.jpg 768w, https:\/\/www.loscrigno.it\/beautycase\/wp-content\/uploads\/2021\/03\/OLAPLEX-No.5-French-shadow-1-450x360.jpg 450w, https:\/\/www.loscrigno.it\/beautycase\/wp-content\/uploads\/2021\/03\/OLAPLEX-No.5-French-shadow-1-225x180.jpg 225w, https:\/\/www.loscrigno.it\/beautycase\/wp-content\/uploads\/2021\/03\/OLAPLEX-No.5-French-shadow-1-900x720.jpg 900w, https:\/\/www.loscrigno.it\/beautycase\/wp-content\/uploads\/2021\/03\/OLAPLEX-No.5-French-shadow-1-1350x1080.jpg 1350w, https:\/\/www.loscrigno.it\/beautycase\/wp-content\/uploads\/2021\/03\/OLAPLEX-No.5-French-shadow-1-20x15.jpg 20w, https:\/\/www.loscrigno.it\/beautycase\/wp-content\/uploads\/2021\/03\/OLAPLEX-No.5-French-shadow-1-120x96.jpg 120w, https:\/\/www.loscrigno.it\/beautycase\/wp-content\/uploads\/2021\/03\/OLAPLEX-No.5-French-shadow-1.jpg 1500w\" sizes=\"auto, (max-width: 1024px) 100vw, 1024px\" \/><\/figure>\n\n\n\n<p>La routine di detersione non pu\u00f2 dirsi conclusa senza un <strong>balsamo<\/strong>, ed \u00e8 qui che entra in gioco il <strong><em>Bond Maintenance No. 5<\/em><\/strong> (250ml &#8211; 27,50 euro), che come i prodotti precedenti si prende cura dei capelli tinti o decolorati, ripristinando, riparando, eliminando l&#8217;effetto crespo e idratando senza appesantire.<\/p>\n\n\n\n<div style=\"height:20px\" aria-hidden=\"true\" class=\"wp-block-spacer\"><\/div>\n\n\n\n<figure class=\"wp-block-image size-large\"><img loading=\"lazy\" decoding=\"async\" width=\"1024\" height=\"717\" src=\"data:image\/gif;base64,R0lGODlhAQABAAAAACH5BAEKAAEALAAAAAABAAEAAAICTAEAOw==\" data-src=\"https:\/\/www.loscrigno.it\/beautycase\/wp-content\/uploads\/2021\/03\/OLAPLEX_No6_HeroImage_Print_Consumer_ROSE_GOLD_.cmyk_-1024x717.jpg\" alt=\"Olaplex No. 6 Bond Smoother Restorative Cream\" class=\"wp-image-20768 lazyload\" data-sizes=\"auto\" data-srcset=\"https:\/\/www.loscrigno.it\/beautycase\/wp-content\/uploads\/2021\/03\/OLAPLEX_No6_HeroImage_Print_Consumer_ROSE_GOLD_.cmyk_-1024x717.jpg 1024w, https:\/\/www.loscrigno.it\/beautycase\/wp-content\/uploads\/2021\/03\/OLAPLEX_No6_HeroImage_Print_Consumer_ROSE_GOLD_.cmyk_-600x420.jpg 600w, https:\/\/www.loscrigno.it\/beautycase\/wp-content\/uploads\/2021\/03\/OLAPLEX_No6_HeroImage_Print_Consumer_ROSE_GOLD_.cmyk_-232x162.jpg 232w, https:\/\/www.loscrigno.it\/beautycase\/wp-content\/uploads\/2021\/03\/OLAPLEX_No6_HeroImage_Print_Consumer_ROSE_GOLD_.cmyk_-768x538.jpg 768w, https:\/\/www.loscrigno.it\/beautycase\/wp-content\/uploads\/2021\/03\/OLAPLEX_No6_HeroImage_Print_Consumer_ROSE_GOLD_.cmyk_-450x315.jpg 450w, https:\/\/www.loscrigno.it\/beautycase\/wp-content\/uploads\/2021\/03\/OLAPLEX_No6_HeroImage_Print_Consumer_ROSE_GOLD_.cmyk_-225x158.jpg 225w, https:\/\/www.loscrigno.it\/beautycase\/wp-content\/uploads\/2021\/03\/OLAPLEX_No6_HeroImage_Print_Consumer_ROSE_GOLD_.cmyk_-900x630.jpg 900w, https:\/\/www.loscrigno.it\/beautycase\/wp-content\/uploads\/2021\/03\/OLAPLEX_No6_HeroImage_Print_Consumer_ROSE_GOLD_.cmyk_-1350x945.jpg 1350w, https:\/\/www.loscrigno.it\/beautycase\/wp-content\/uploads\/2021\/03\/OLAPLEX_No6_HeroImage_Print_Consumer_ROSE_GOLD_.cmyk_-20x15.jpg 20w, https:\/\/www.loscrigno.it\/beautycase\/wp-content\/uploads\/2021\/03\/OLAPLEX_No6_HeroImage_Print_Consumer_ROSE_GOLD_.cmyk_-137x96.jpg 137w, https:\/\/www.loscrigno.it\/beautycase\/wp-content\/uploads\/2021\/03\/OLAPLEX_No6_HeroImage_Print_Consumer_ROSE_GOLD_.cmyk_.jpg 1500w\" sizes=\"auto, (max-width: 1024px) 100vw, 1024px\" \/><\/figure>\n\n\n\n<p>Per un liscio perfetto Olaplex propone inoltre il trattamento <strong><em>No. 6 Bond Smoother Restorative Cream<\/em><\/strong> (250ml &#8211; 27,50 euro), una <strong>crema lisciante<\/strong> concentrata, capace di idratare e levigare i capelli riducendo anche i tempi di asciugatura. Senza solfati, ftalati, parabeni o glutine (a tal proposito mi preme sottolineare che i celiaci possono usare tutti i tipi di cosmetici, con o senza glutine), \u00e8 vegano e si presta alla cura di tutti i tipi di capelli.<\/p>\n\n\n\n<div style=\"height:20px\" aria-hidden=\"true\" class=\"wp-block-spacer\"><\/div>\n\n\n\n<figure class=\"wp-block-image size-large\"><img loading=\"lazy\" decoding=\"async\" width=\"1024\" height=\"819\" src=\"data:image\/gif;base64,R0lGODlhAQABAAAAACH5BAEKAAEALAAAAAABAAEAAAICTAEAOw==\" data-src=\"https:\/\/www.loscrigno.it\/beautycase\/wp-content\/uploads\/2021\/03\/OLAPLEX-No7_30ml_3340x5625-1024x819.jpg\" alt=\"Olaplex Bonding Oil No. 7\" class=\"wp-image-20772 lazyload\" data-sizes=\"auto\" data-srcset=\"https:\/\/www.loscrigno.it\/beautycase\/wp-content\/uploads\/2021\/03\/OLAPLEX-No7_30ml_3340x5625-1024x819.jpg 1024w, https:\/\/www.loscrigno.it\/beautycase\/wp-content\/uploads\/2021\/03\/OLAPLEX-No7_30ml_3340x5625-600x480.jpg 600w, https:\/\/www.loscrigno.it\/beautycase\/wp-content\/uploads\/2021\/03\/OLAPLEX-No7_30ml_3340x5625-232x186.jpg 232w, https:\/\/www.loscrigno.it\/beautycase\/wp-content\/uploads\/2021\/03\/OLAPLEX-No7_30ml_3340x5625-768x614.jpg 768w, https:\/\/www.loscrigno.it\/beautycase\/wp-content\/uploads\/2021\/03\/OLAPLEX-No7_30ml_3340x5625-450x360.jpg 450w, https:\/\/www.loscrigno.it\/beautycase\/wp-content\/uploads\/2021\/03\/OLAPLEX-No7_30ml_3340x5625-225x180.jpg 225w, https:\/\/www.loscrigno.it\/beautycase\/wp-content\/uploads\/2021\/03\/OLAPLEX-No7_30ml_3340x5625-900x720.jpg 900w, https:\/\/www.loscrigno.it\/beautycase\/wp-content\/uploads\/2021\/03\/OLAPLEX-No7_30ml_3340x5625-1350x1080.jpg 1350w, https:\/\/www.loscrigno.it\/beautycase\/wp-content\/uploads\/2021\/03\/OLAPLEX-No7_30ml_3340x5625-20x15.jpg 20w, https:\/\/www.loscrigno.it\/beautycase\/wp-content\/uploads\/2021\/03\/OLAPLEX-No7_30ml_3340x5625-120x96.jpg 120w, https:\/\/www.loscrigno.it\/beautycase\/wp-content\/uploads\/2021\/03\/OLAPLEX-No7_30ml_3340x5625.jpg 1500w\" sizes=\"auto, (max-width: 1024px) 100vw, 1024px\" \/><\/figure>\n\n\n\n<div style=\"height:20px\" aria-hidden=\"true\" class=\"wp-block-spacer\"><\/div>\n\n\n\n<p>Per chi come me ama gli oli, ecco in tutto il suo splendore l&#8217;<strong><em>Olaplex Bonding Oil No. 7<\/em><\/strong> (30ml &#8211; 27,50 euro). Ultra concentrato e ultra leggero, pu\u00f2 essere utilizzato come termoprotettore e per eliminare l&#8217;effetto crespo. Oltre a questo, dona un&#8217;incredibile luminosit\u00e0 e rende i capelli morbidi al tatto e brillanti alla vista.<\/p>\n\n\n\n<div style=\"height:40px\" aria-hidden=\"true\" class=\"wp-block-spacer\"><\/div>\n\n\n\n<h2 class=\"has-text-align-center has-thb-accent-color has-text-color wp-block-heading\"><strong>Novit\u00e0: <em>Moroccanoil<\/em> arriva da Sephora!<\/strong><\/h2>\n\n\n\n<p>Completa la carrellata delle novit\u00e0 capelli primavera\/estate 2021 l&#8217;intera linea <strong><em>Moroccan Oil<\/em><\/strong>, che arriva finalmente da Sephora. <\/p>\n\n\n\n<p>Tra i tantissimi prodotti disponibili, io amo particolarmente il <strong><em>Moroccanoil Treatment<\/em><\/strong>, un olio che vi consiglio sia nella versione per capelli normali che per capelli fini: \u00e8 ottimo perch\u00e9 non appesantisce, nutre, lucida e ha un profumo fantastico.<\/p>\n\n\n\n<figure class=\"wp-block-image size-large\"><img loading=\"lazy\" decoding=\"async\" width=\"1024\" height=\"717\" src=\"data:image\/gif;base64,R0lGODlhAQABAAAAACH5BAEKAAEALAAAAAABAAEAAAICTAEAOw==\" data-src=\"https:\/\/www.loscrigno.it\/beautycase\/wp-content\/uploads\/2021\/03\/Moroccanoil_Treatment_100ml-1-1024x717.jpg\" alt=\"Novit\u00e0 capelli Moroccanoil Treatment\" class=\"wp-image-20777 lazyload\" data-sizes=\"auto\" data-srcset=\"https:\/\/www.loscrigno.it\/beautycase\/wp-content\/uploads\/2021\/03\/Moroccanoil_Treatment_100ml-1-1024x717.jpg 1024w, https:\/\/www.loscrigno.it\/beautycase\/wp-content\/uploads\/2021\/03\/Moroccanoil_Treatment_100ml-1-600x420.jpg 600w, https:\/\/www.loscrigno.it\/beautycase\/wp-content\/uploads\/2021\/03\/Moroccanoil_Treatment_100ml-1-232x162.jpg 232w, https:\/\/www.loscrigno.it\/beautycase\/wp-content\/uploads\/2021\/03\/Moroccanoil_Treatment_100ml-1-768x538.jpg 768w, https:\/\/www.loscrigno.it\/beautycase\/wp-content\/uploads\/2021\/03\/Moroccanoil_Treatment_100ml-1-450x315.jpg 450w, https:\/\/www.loscrigno.it\/beautycase\/wp-content\/uploads\/2021\/03\/Moroccanoil_Treatment_100ml-1-225x158.jpg 225w, https:\/\/www.loscrigno.it\/beautycase\/wp-content\/uploads\/2021\/03\/Moroccanoil_Treatment_100ml-1-900x630.jpg 900w, https:\/\/www.loscrigno.it\/beautycase\/wp-content\/uploads\/2021\/03\/Moroccanoil_Treatment_100ml-1-1350x945.jpg 1350w, https:\/\/www.loscrigno.it\/beautycase\/wp-content\/uploads\/2021\/03\/Moroccanoil_Treatment_100ml-1-20x15.jpg 20w, https:\/\/www.loscrigno.it\/beautycase\/wp-content\/uploads\/2021\/03\/Moroccanoil_Treatment_100ml-1-137x96.jpg 137w, https:\/\/www.loscrigno.it\/beautycase\/wp-content\/uploads\/2021\/03\/Moroccanoil_Treatment_100ml-1.jpg 1500w\" sizes=\"auto, (max-width: 1024px) 100vw, 1024px\" \/><\/figure>\n\n\n\n<div style=\"height:20px\" aria-hidden=\"true\" class=\"wp-block-spacer\"><\/div>\n\n\n\n<p>Altro must have del marchio \u00e8 la <strong><em>Maschera Idratante Intensa<\/em><\/strong> (44 euro), che agisce in profondit\u00e0 ripristinando i capelli grazie agli antiossidanti dell&#8217;olio di argan e all&#8217;estratto dei semi di lino, che agiscono in sinergia per migliorare la consistenza, l&#8217;elasticit\u00e0 e la lucentezza dei capelli.<\/p>\n\n\n\n<figure class=\"wp-block-image size-large\"><img loading=\"lazy\" decoding=\"async\" width=\"1024\" height=\"512\" src=\"data:image\/gif;base64,R0lGODlhAQABAAAAACH5BAEKAAEALAAAAAABAAEAAAICTAEAOw==\" data-src=\"https:\/\/www.loscrigno.it\/beautycase\/wp-content\/uploads\/2021\/03\/7290011521004_Intense_Hydrating_Mask_250ml-2-1024x512.jpg\" alt=\"Moroccanoil Maschera capelli riparatrice Intensa\" class=\"wp-image-20775 lazyload\" data-sizes=\"auto\" data-srcset=\"https:\/\/www.loscrigno.it\/beautycase\/wp-content\/uploads\/2021\/03\/7290011521004_Intense_Hydrating_Mask_250ml-2-1024x512.jpg 1024w, https:\/\/www.loscrigno.it\/beautycase\/wp-content\/uploads\/2021\/03\/7290011521004_Intense_Hydrating_Mask_250ml-2-600x300.jpg 600w, https:\/\/www.loscrigno.it\/beautycase\/wp-content\/uploads\/2021\/03\/7290011521004_Intense_Hydrating_Mask_250ml-2-232x116.jpg 232w, https:\/\/www.loscrigno.it\/beautycase\/wp-content\/uploads\/2021\/03\/7290011521004_Intense_Hydrating_Mask_250ml-2-768x384.jpg 768w, https:\/\/www.loscrigno.it\/beautycase\/wp-content\/uploads\/2021\/03\/7290011521004_Intense_Hydrating_Mask_250ml-2-450x225.jpg 450w, https:\/\/www.loscrigno.it\/beautycase\/wp-content\/uploads\/2021\/03\/7290011521004_Intense_Hydrating_Mask_250ml-2-20x11.jpg 20w, https:\/\/www.loscrigno.it\/beautycase\/wp-content\/uploads\/2021\/03\/7290011521004_Intense_Hydrating_Mask_250ml-2-225x113.jpg 225w, https:\/\/www.loscrigno.it\/beautycase\/wp-content\/uploads\/2021\/03\/7290011521004_Intense_Hydrating_Mask_250ml-2-900x450.jpg 900w, https:\/\/www.loscrigno.it\/beautycase\/wp-content\/uploads\/2021\/03\/7290011521004_Intense_Hydrating_Mask_250ml-2-1350x675.jpg 1350w, https:\/\/www.loscrigno.it\/beautycase\/wp-content\/uploads\/2021\/03\/7290011521004_Intense_Hydrating_Mask_250ml-2-192x96.jpg 192w, https:\/\/www.loscrigno.it\/beautycase\/wp-content\/uploads\/2021\/03\/7290011521004_Intense_Hydrating_Mask_250ml-2.jpg 1500w\" sizes=\"auto, (max-width: 1024px) 100vw, 1024px\" \/><\/figure>\n\n\n\n<div style=\"height:30px\" aria-hidden=\"true\" class=\"wp-block-spacer\"><\/div>\n\n\n\n<p>Amatissimo \u00e8 anche lo <strong><em>Shampoo Secco<\/em><\/strong> (28 euro), disponibile nella doppia versione per capelli scuri e per capelli chiari. Assorbe il sebo senza lasciare residui, protegge dai raggi UV e avvolge la capigliatura con il caratteristico profumo Moroccanoil. Un prodotto utilissimo sempre, ma in particolar modo durante la stagione calda.<\/p>\n\n\n\n<figure class=\"wp-block-image size-large\"><img loading=\"lazy\" decoding=\"async\" width=\"1024\" height=\"717\" src=\"data:image\/gif;base64,R0lGODlhAQABAAAAACH5BAEKAAEALAAAAAABAAEAAAICTAEAOw==\" data-src=\"https:\/\/www.loscrigno.it\/beautycase\/wp-content\/uploads\/2021\/03\/7290015485951_Dry_Shampoo_Dark_205ml-1024x717.jpg\" alt=\"Moroccanoil Shampoo secco\" class=\"wp-image-20776 lazyload\" data-sizes=\"auto\" data-srcset=\"https:\/\/www.loscrigno.it\/beautycase\/wp-content\/uploads\/2021\/03\/7290015485951_Dry_Shampoo_Dark_205ml-1024x717.jpg 1024w, https:\/\/www.loscrigno.it\/beautycase\/wp-content\/uploads\/2021\/03\/7290015485951_Dry_Shampoo_Dark_205ml-600x420.jpg 600w, https:\/\/www.loscrigno.it\/beautycase\/wp-content\/uploads\/2021\/03\/7290015485951_Dry_Shampoo_Dark_205ml-232x162.jpg 232w, https:\/\/www.loscrigno.it\/beautycase\/wp-content\/uploads\/2021\/03\/7290015485951_Dry_Shampoo_Dark_205ml-768x538.jpg 768w, https:\/\/www.loscrigno.it\/beautycase\/wp-content\/uploads\/2021\/03\/7290015485951_Dry_Shampoo_Dark_205ml-450x315.jpg 450w, https:\/\/www.loscrigno.it\/beautycase\/wp-content\/uploads\/2021\/03\/7290015485951_Dry_Shampoo_Dark_205ml-225x158.jpg 225w, https:\/\/www.loscrigno.it\/beautycase\/wp-content\/uploads\/2021\/03\/7290015485951_Dry_Shampoo_Dark_205ml-900x630.jpg 900w, https:\/\/www.loscrigno.it\/beautycase\/wp-content\/uploads\/2021\/03\/7290015485951_Dry_Shampoo_Dark_205ml-1350x945.jpg 1350w, https:\/\/www.loscrigno.it\/beautycase\/wp-content\/uploads\/2021\/03\/7290015485951_Dry_Shampoo_Dark_205ml-20x15.jpg 20w, https:\/\/www.loscrigno.it\/beautycase\/wp-content\/uploads\/2021\/03\/7290015485951_Dry_Shampoo_Dark_205ml-137x96.jpg 137w, https:\/\/www.loscrigno.it\/beautycase\/wp-content\/uploads\/2021\/03\/7290015485951_Dry_Shampoo_Dark_205ml.jpg 1500w\" sizes=\"auto, (max-width: 1024px) 100vw, 1024px\" \/><\/figure>\n\n\n\n<div style=\"height:40px\" aria-hidden=\"true\" class=\"wp-block-spacer\"><\/div>\n\n\n\n<p>Come sono i tuoi capelli in questo periodo? Sei riuscita ad andare dal parrucchiere o ti sei completamente votata ai trattamenti casalinghi? Fammelo sapere in un commento qui sotto o su Instagram: mi trovi come <a href=\"http:\/\/instagram.com\/beautycaseblog\">@beautycaseblog<\/a> <\/p>\n\n\n\n<p class=\"has-text-align-center has-thb-accent-color has-text-color\" style=\"font-size:29px\"><strong>Iscriviti alla newsletter!<\/strong><\/p>\n\n\n\n<p class=\"has-text-align-center\" style=\"font-size:14px\">E&#8217; gratis e ti consente di ricevere tanti consigli di bellezza e tutte le novit\u00e0 del mondo beauty!<\/p>\n\n\n\n<!-- Begin Mailchimp Signup Form -->\n<link href=\"\/\/cdn-images.mailchimp.com\/embedcode\/slim-10_7.css\" rel=\"stylesheet\" type=\"text\/css\">\n<style type=\"text\/css\">\n\t#mc_embed_signup{background:#fff; clear:left; font:14px Helvetica,Arial,sans-serif; }\n\t\/* Add your own Mailchimp form style overrides in your site stylesheet or in this style block.\n\t   We recommend moving this block and the preceding CSS link to the HEAD of your HTML file. *\/\n<\/style>\n<style type=\"text\/css\">\n\t#mc-embedded-subscribe-form input[type=checkbox]{display: inline; width: auto;margin-right: 10px;}\n\t#mergeRow-gdpr {margin-top: 20px;}\n\t#mergeRow-gdpr fieldset label {font-weight: normal;}\n\t#mc-embedded-subscribe-form .mc_fieldset{border:none;min-height: 0px;padding-bottom:0px;}\n<\/style>\n<div id=\"mc_embed_signup\">\n<form action=\"https:\/\/beautycaseblog.us12.list-manage.com\/subscribe\/post?u=9acfe39153b343665da37c4ae&amp;id=bacd24f61a\" method=\"post\" id=\"mc-embedded-subscribe-form\" name=\"mc-embedded-subscribe-form\" class=\"validate\" target=\"_blank\" novalidate=\"\">\n   <div id=\"mc_embed_signup_scroll\">\n\t\n\t<input type=\"email\" value=\"\" name=\"EMAIL\" class=\"email\" id=\"mce-EMAIL\" placeholder=\"Il tuo indirizzo email\" style=\"width:100%; text-align:center;\" required=\"\">\n<div id=\"mergeRow-gdpr\" class=\"mergeRow gdpr-mergeRow content__gdprBlock mc-field-group\">\n    <div class=\"content__gdpr\">\n        <fieldset class=\"mc_fieldset gdprRequired mc-field-group\" name=\"interestgroup_field\">\n\t\t<label class=\"checkbox subfield\" for=\"gdpr_60589\"><input type=\"checkbox\" id=\"gdpr_60589\" name=\"gdpr[60589]\" value=\"Y\" class=\"av-checkbox gdpr\"><span>S\u00ec, voglio ricevere la newsletter di Beauty Case Blog!<\/span> <\/label>\n        <\/fieldset>\n        <p style=\"font-size:80%;\"><a href=\"https:\/\/www.iubenda.com\/privacy-policy\/630536\/legal\">Privacy policy<\/a> &#8211; Potrai disiscriverti quando vuoi cliccando sul link in fondo alla newsletter.<\/p>\n    <\/div>\n    <div class=\"content__gdprLegal\">\n        <p style=\"font-size:70%; margin-bottom:20px;\">We use Mailchimp as our marketing platform. By clicking below to subscribe, you acknowledge that your information will be transferred to Mailchimp for processing. <a href=\"https:\/\/mailchimp.com\/legal\/\" target=\"_blank\" rel=\"noopener noreferrer\">Learn more about Mailchimp&#8217;s privacy practices here.<\/a><\/p>\n    <\/div>\n<\/div>\n    <!-- real people should not fill this in and expect good things - do not remove this or risk form bot signups-->\n    <div style=\"position: absolute; left: -5000px;\" aria-hidden=\"true\"><input type=\"text\" name=\"b_9acfe39153b343665da37c4ae_bacd24f61a\" tabindex=\"-1\" value=\"\"><\/div>\n    <div class=\"clear\"><input type=\"submit\" value=\"Iscriviti\" name=\"subscribe\" id=\"mc-embedded-subscribe\" class=\"button\" style=\"width:100%;text-align:center; background-color:#ef2673; text-transform: capitalize;\"><\/div>\n    <\/div>\n<\/form>\n<\/div>\n\n<!--End mc_embed_signup-->\n\n\n\n<div style=\"height:60px\" aria-hidden=\"true\" class=\"wp-block-spacer\"><\/div>\n\n\n\n<div style=\"height:40px\" aria-hidden=\"true\" class=\"wp-block-spacer\"><\/div>\n","protected":false},"excerpt":{"rendered":"<p>La primavera e l&#8217;estate sono stagioni stressanti per i capelli, che si trovano ad affrontare non solo l&#8217;aggressione esterna di smog e trattamenti chimici, ma anche quella dei raggi solari, della salsedine e del cloro. Per fortuna sono in arrivo da Sephora una serie di interessanti novit\u00e0 firmate Briogeo, Olaplex e Moroccanoil, Per preservarne la&hellip;<\/p>\n","protected":false},"author":1,"featured_media":20786,"comment_status":"open","ping_status":"open","sticky":false,"template":"","format":"standard","meta":{"footnotes":""},"categories":[26],"tags":[],"thb-sponsors":[],"class_list":["post-20763","post","type-post","status-publish","format-standard","has-post-thumbnail","hentry","category-hair-care"],"featured_image_src":"https:\/\/www.loscrigno.it\/beautycase\/wp-content\/uploads\/2021\/03\/Novita-capelli-primavera-estate-2021.jpg","author_info":{"display_name":"Marica","author_link":"https:\/\/www.loscrigno.it\/beautycase\/index.php\/author\/verdiana\/"},"yoast_head":"<!-- This site is optimized with the Yoast SEO plugin v27.4 - https:\/\/yoast.com\/product\/yoast-seo-wordpress\/ -->\r\n<title>Tutte le novit\u00e0 capelli primavera\/estate 2021 in arrivo da Sephora<\/title>\r\n<meta name=\"description\" content=\"Ecco tutte le novit\u00e0 capelli disponibili da Sephora Italia per la primavera-estate 2021. Shampo, balsamo, oli e tanto altro!\" \/>\r\n<meta name=\"robots\" content=\"index, follow, max-snippet:-1, max-image-preview:large, max-video-preview:-1\" \/>\r\n<link rel=\"canonical\" href=\"https:\/\/www.loscrigno.it\/beautycase\/index.php\/novita-capelli-primavera-estate-2021-sephora\/\" \/>\r\n<meta name=\"twitter:card\" content=\"summary_large_image\" \/>\r\n<meta name=\"twitter:title\" content=\"Tutte le novit\u00e0 capelli primavera\/estate 2021 in arrivo da Sephora\" \/>\r\n<meta name=\"twitter:description\" content=\"Ecco tutte le novit\u00e0 capelli disponibili da Sephora Italia per la primavera-estate 2021. Shampo, balsamo, oli e tanto altro!\" \/>\r\n<meta name=\"twitter:image\" content=\"https:\/\/www.loscrigno.it\/beautycase\/wp-content\/uploads\/2021\/03\/Novita-capelli-primavera-estate-2021.jpg\" \/>\r\n<meta name=\"twitter:creator\" content=\"@http:\/\/www.twitter.com\/beautycaseblog\" \/>\r\n<meta name=\"twitter:label1\" content=\"Scritto da\" \/>\n\t<meta name=\"twitter:data1\" content=\"Marica\" \/>\n\t<meta name=\"twitter:label2\" content=\"Tempo di lettura stimato\" \/>\n\t<meta name=\"twitter:data2\" content=\"6 minuti\" \/>\r\n<script type=\"application\/ld+json\" class=\"yoast-schema-graph\">{\"@context\":\"https:\\\/\\\/schema.org\",\"@graph\":[{\"@type\":\"Article\",\"@id\":\"https:\\\/\\\/www.loscrigno.it\\\/beautycase\\\/index.php\\\/novita-capelli-primavera-estate-2021-sephora\\\/#article\",\"isPartOf\":{\"@id\":\"https:\\\/\\\/www.loscrigno.it\\\/beautycase\\\/index.php\\\/novita-capelli-primavera-estate-2021-sephora\\\/\"},\"author\":{\"name\":\"Marica\",\"@id\":\"https:\\\/\\\/www.loscrigno.it\\\/beautycase\\\/#\\\/schema\\\/person\\\/11eee6092821563eadc965b96ca0314d\"},\"headline\":\"Tutte le novit\u00e0 capelli primavera\\\/estate 2021 in arrivo da Sephora\",\"datePublished\":\"2021-03-23T07:00:00+00:00\",\"dateModified\":\"2021-03-23T13:48:53+00:00\",\"mainEntityOfPage\":{\"@id\":\"https:\\\/\\\/www.loscrigno.it\\\/beautycase\\\/index.php\\\/novita-capelli-primavera-estate-2021-sephora\\\/\"},\"wordCount\":761,\"commentCount\":0,\"image\":{\"@id\":\"https:\\\/\\\/www.loscrigno.it\\\/beautycase\\\/index.php\\\/novita-capelli-primavera-estate-2021-sephora\\\/#primaryimage\"},\"thumbnailUrl\":\"https:\\\/\\\/www.loscrigno.it\\\/beautycase\\\/wp-content\\\/uploads\\\/2021\\\/03\\\/Novita-capelli-primavera-estate-2021.jpg\",\"articleSection\":[\"Capelli\"],\"inLanguage\":\"it-IT\",\"potentialAction\":[{\"@type\":\"CommentAction\",\"name\":\"Comment\",\"target\":[\"https:\\\/\\\/www.loscrigno.it\\\/beautycase\\\/index.php\\\/novita-capelli-primavera-estate-2021-sephora\\\/#respond\"]}]},{\"@type\":\"WebPage\",\"@id\":\"https:\\\/\\\/www.loscrigno.it\\\/beautycase\\\/index.php\\\/novita-capelli-primavera-estate-2021-sephora\\\/\",\"url\":\"https:\\\/\\\/www.loscrigno.it\\\/beautycase\\\/index.php\\\/novita-capelli-primavera-estate-2021-sephora\\\/\",\"name\":\"Tutte le novit\u00e0 capelli primavera\\\/estate 2021 in arrivo da Sephora\",\"isPartOf\":{\"@id\":\"https:\\\/\\\/www.loscrigno.it\\\/beautycase\\\/#website\"},\"primaryImageOfPage\":{\"@id\":\"https:\\\/\\\/www.loscrigno.it\\\/beautycase\\\/index.php\\\/novita-capelli-primavera-estate-2021-sephora\\\/#primaryimage\"},\"image\":{\"@id\":\"https:\\\/\\\/www.loscrigno.it\\\/beautycase\\\/index.php\\\/novita-capelli-primavera-estate-2021-sephora\\\/#primaryimage\"},\"thumbnailUrl\":\"https:\\\/\\\/www.loscrigno.it\\\/beautycase\\\/wp-content\\\/uploads\\\/2021\\\/03\\\/Novita-capelli-primavera-estate-2021.jpg\",\"datePublished\":\"2021-03-23T07:00:00+00:00\",\"dateModified\":\"2021-03-23T13:48:53+00:00\",\"author\":{\"@id\":\"https:\\\/\\\/www.loscrigno.it\\\/beautycase\\\/#\\\/schema\\\/person\\\/11eee6092821563eadc965b96ca0314d\"},\"description\":\"Ecco tutte le novit\u00e0 capelli disponibili da Sephora Italia per la primavera-estate 2021. Shampo, balsamo, oli e tanto altro!\",\"breadcrumb\":{\"@id\":\"https:\\\/\\\/www.loscrigno.it\\\/beautycase\\\/index.php\\\/novita-capelli-primavera-estate-2021-sephora\\\/#breadcrumb\"},\"inLanguage\":\"it-IT\",\"potentialAction\":[{\"@type\":\"ReadAction\",\"target\":[\"https:\\\/\\\/www.loscrigno.it\\\/beautycase\\\/index.php\\\/novita-capelli-primavera-estate-2021-sephora\\\/\"]}]},{\"@type\":\"ImageObject\",\"inLanguage\":\"it-IT\",\"@id\":\"https:\\\/\\\/www.loscrigno.it\\\/beautycase\\\/index.php\\\/novita-capelli-primavera-estate-2021-sephora\\\/#primaryimage\",\"url\":\"https:\\\/\\\/www.loscrigno.it\\\/beautycase\\\/wp-content\\\/uploads\\\/2021\\\/03\\\/Novita-capelli-primavera-estate-2021.jpg\",\"contentUrl\":\"https:\\\/\\\/www.loscrigno.it\\\/beautycase\\\/wp-content\\\/uploads\\\/2021\\\/03\\\/Novita-capelli-primavera-estate-2021.jpg\",\"width\":1600,\"height\":1200,\"caption\":\"Novit\u00e0 capelli primavera estate 2021 sephora\"},{\"@type\":\"BreadcrumbList\",\"@id\":\"https:\\\/\\\/www.loscrigno.it\\\/beautycase\\\/index.php\\\/novita-capelli-primavera-estate-2021-sephora\\\/#breadcrumb\",\"itemListElement\":[{\"@type\":\"ListItem\",\"position\":1,\"name\":\"Home\",\"item\":\"https:\\\/\\\/www.loscrigno.it\\\/beautycase\\\/\"},{\"@type\":\"ListItem\",\"position\":2,\"name\":\"Tutte le novit\u00e0 capelli primavera\\\/estate 2021 in arrivo da Sephora\"}]},{\"@type\":\"WebSite\",\"@id\":\"https:\\\/\\\/www.loscrigno.it\\\/beautycase\\\/#website\",\"url\":\"https:\\\/\\\/www.loscrigno.it\\\/beautycase\\\/\",\"name\":\"Beauty Case Blog - Beauty blog italiano su make-up e bellezza\",\"description\":\"Beauty Case Blog \u00e8 uno dei pi\u00f9 importanti beauty blog italiani. Leggi ora tutte le novit\u00e0 del mondo beauty e scopri i miei consigli su make-up e bellezza.\",\"potentialAction\":[{\"@type\":\"SearchAction\",\"target\":{\"@type\":\"EntryPoint\",\"urlTemplate\":\"https:\\\/\\\/www.loscrigno.it\\\/beautycase\\\/?s={search_term_string}\"},\"query-input\":{\"@type\":\"PropertyValueSpecification\",\"valueRequired\":true,\"valueName\":\"search_term_string\"}}],\"inLanguage\":\"it-IT\"},{\"@type\":\"Person\",\"@id\":\"https:\\\/\\\/www.loscrigno.it\\\/beautycase\\\/#\\\/schema\\\/person\\\/11eee6092821563eadc965b96ca0314d\",\"name\":\"Marica\",\"image\":{\"@type\":\"ImageObject\",\"inLanguage\":\"it-IT\",\"@id\":\"https:\\\/\\\/secure.gravatar.com\\\/avatar\\\/17ff8fae2051e8d0c09037bc4e9ab017ac93233f8d559691101577712100fa39?s=96&d=blank&r=g\",\"url\":\"https:\\\/\\\/secure.gravatar.com\\\/avatar\\\/17ff8fae2051e8d0c09037bc4e9ab017ac93233f8d559691101577712100fa39?s=96&d=blank&r=g\",\"contentUrl\":\"https:\\\/\\\/secure.gravatar.com\\\/avatar\\\/17ff8fae2051e8d0c09037bc4e9ab017ac93233f8d559691101577712100fa39?s=96&d=blank&r=g\",\"caption\":\"Marica\"},\"description\":\"Appassionata di cosmesi e di tutto ci\u00f2 che \u00e8 bello. Dal 2015 vivo a cavallo tra Italia e Inghilterra e ho un'inarrestabile passione per borse e rossetti. Il super-potere che vorrei? Quello dei capelli sempre in piega! Su Instagram mi trovi come @beautycaseblog.\",\"sameAs\":[\"http:\\\/\\\/www.instagram.com\\\/beautycaseblog\",\"http:\\\/\\\/www.facebook.com\\\/beautycaseblog\",\"https:\\\/\\\/x.com\\\/http:\\\/\\\/www.twitter.com\\\/beautycaseblog\"],\"url\":\"https:\\\/\\\/www.loscrigno.it\\\/beautycase\\\/index.php\\\/author\\\/verdiana\\\/\"}]}<\/script>\r\n<!-- \/ Yoast SEO plugin. -->","yoast_head_json":{"title":"Tutte le novit\u00e0 capelli primavera\/estate 2021 in arrivo da Sephora","description":"Ecco tutte le novit\u00e0 capelli disponibili da Sephora Italia per la primavera-estate 2021. Shampo, balsamo, oli e tanto altro!","robots":{"index":"index","follow":"follow","max-snippet":"max-snippet:-1","max-image-preview":"max-image-preview:large","max-video-preview":"max-video-preview:-1"},"canonical":"https:\/\/www.loscrigno.it\/beautycase\/index.php\/novita-capelli-primavera-estate-2021-sephora\/","twitter_card":"summary_large_image","twitter_title":"Tutte le novit\u00e0 capelli primavera\/estate 2021 in arrivo da Sephora","twitter_description":"Ecco tutte le novit\u00e0 capelli disponibili da Sephora Italia per la primavera-estate 2021. Shampo, balsamo, oli e tanto altro!","twitter_image":"https:\/\/www.loscrigno.it\/beautycase\/wp-content\/uploads\/2021\/03\/Novita-capelli-primavera-estate-2021.jpg","twitter_creator":"@http:\/\/www.twitter.com\/beautycaseblog","twitter_misc":{"Scritto da":"Marica","Tempo di lettura stimato":"6 minuti"},"schema":{"@context":"https:\/\/schema.org","@graph":[{"@type":"Article","@id":"https:\/\/www.loscrigno.it\/beautycase\/index.php\/novita-capelli-primavera-estate-2021-sephora\/#article","isPartOf":{"@id":"https:\/\/www.loscrigno.it\/beautycase\/index.php\/novita-capelli-primavera-estate-2021-sephora\/"},"author":{"name":"Marica","@id":"https:\/\/www.loscrigno.it\/beautycase\/#\/schema\/person\/11eee6092821563eadc965b96ca0314d"},"headline":"Tutte le novit\u00e0 capelli primavera\/estate 2021 in arrivo da Sephora","datePublished":"2021-03-23T07:00:00+00:00","dateModified":"2021-03-23T13:48:53+00:00","mainEntityOfPage":{"@id":"https:\/\/www.loscrigno.it\/beautycase\/index.php\/novita-capelli-primavera-estate-2021-sephora\/"},"wordCount":761,"commentCount":0,"image":{"@id":"https:\/\/www.loscrigno.it\/beautycase\/index.php\/novita-capelli-primavera-estate-2021-sephora\/#primaryimage"},"thumbnailUrl":"https:\/\/www.loscrigno.it\/beautycase\/wp-content\/uploads\/2021\/03\/Novita-capelli-primavera-estate-2021.jpg","articleSection":["Capelli"],"inLanguage":"it-IT","potentialAction":[{"@type":"CommentAction","name":"Comment","target":["https:\/\/www.loscrigno.it\/beautycase\/index.php\/novita-capelli-primavera-estate-2021-sephora\/#respond"]}]},{"@type":"WebPage","@id":"https:\/\/www.loscrigno.it\/beautycase\/index.php\/novita-capelli-primavera-estate-2021-sephora\/","url":"https:\/\/www.loscrigno.it\/beautycase\/index.php\/novita-capelli-primavera-estate-2021-sephora\/","name":"Tutte le novit\u00e0 capelli primavera\/estate 2021 in arrivo da Sephora","isPartOf":{"@id":"https:\/\/www.loscrigno.it\/beautycase\/#website"},"primaryImageOfPage":{"@id":"https:\/\/www.loscrigno.it\/beautycase\/index.php\/novita-capelli-primavera-estate-2021-sephora\/#primaryimage"},"image":{"@id":"https:\/\/www.loscrigno.it\/beautycase\/index.php\/novita-capelli-primavera-estate-2021-sephora\/#primaryimage"},"thumbnailUrl":"https:\/\/www.loscrigno.it\/beautycase\/wp-content\/uploads\/2021\/03\/Novita-capelli-primavera-estate-2021.jpg","datePublished":"2021-03-23T07:00:00+00:00","dateModified":"2021-03-23T13:48:53+00:00","author":{"@id":"https:\/\/www.loscrigno.it\/beautycase\/#\/schema\/person\/11eee6092821563eadc965b96ca0314d"},"description":"Ecco tutte le novit\u00e0 capelli disponibili da Sephora Italia per la primavera-estate 2021. Shampo, balsamo, oli e tanto altro!","breadcrumb":{"@id":"https:\/\/www.loscrigno.it\/beautycase\/index.php\/novita-capelli-primavera-estate-2021-sephora\/#breadcrumb"},"inLanguage":"it-IT","potentialAction":[{"@type":"ReadAction","target":["https:\/\/www.loscrigno.it\/beautycase\/index.php\/novita-capelli-primavera-estate-2021-sephora\/"]}]},{"@type":"ImageObject","inLanguage":"it-IT","@id":"https:\/\/www.loscrigno.it\/beautycase\/index.php\/novita-capelli-primavera-estate-2021-sephora\/#primaryimage","url":"https:\/\/www.loscrigno.it\/beautycase\/wp-content\/uploads\/2021\/03\/Novita-capelli-primavera-estate-2021.jpg","contentUrl":"https:\/\/www.loscrigno.it\/beautycase\/wp-content\/uploads\/2021\/03\/Novita-capelli-primavera-estate-2021.jpg","width":1600,"height":1200,"caption":"Novit\u00e0 capelli primavera estate 2021 sephora"},{"@type":"BreadcrumbList","@id":"https:\/\/www.loscrigno.it\/beautycase\/index.php\/novita-capelli-primavera-estate-2021-sephora\/#breadcrumb","itemListElement":[{"@type":"ListItem","position":1,"name":"Home","item":"https:\/\/www.loscrigno.it\/beautycase\/"},{"@type":"ListItem","position":2,"name":"Tutte le novit\u00e0 capelli primavera\/estate 2021 in arrivo da Sephora"}]},{"@type":"WebSite","@id":"https:\/\/www.loscrigno.it\/beautycase\/#website","url":"https:\/\/www.loscrigno.it\/beautycase\/","name":"Beauty Case Blog - Beauty blog italiano su make-up e bellezza","description":"Beauty Case Blog \u00e8 uno dei pi\u00f9 importanti beauty blog italiani. Leggi ora tutte le novit\u00e0 del mondo beauty e scopri i miei consigli su make-up e bellezza.","potentialAction":[{"@type":"SearchAction","target":{"@type":"EntryPoint","urlTemplate":"https:\/\/www.loscrigno.it\/beautycase\/?s={search_term_string}"},"query-input":{"@type":"PropertyValueSpecification","valueRequired":true,"valueName":"search_term_string"}}],"inLanguage":"it-IT"},{"@type":"Person","@id":"https:\/\/www.loscrigno.it\/beautycase\/#\/schema\/person\/11eee6092821563eadc965b96ca0314d","name":"Marica","image":{"@type":"ImageObject","inLanguage":"it-IT","@id":"https:\/\/secure.gravatar.com\/avatar\/17ff8fae2051e8d0c09037bc4e9ab017ac93233f8d559691101577712100fa39?s=96&d=blank&r=g","url":"https:\/\/secure.gravatar.com\/avatar\/17ff8fae2051e8d0c09037bc4e9ab017ac93233f8d559691101577712100fa39?s=96&d=blank&r=g","contentUrl":"https:\/\/secure.gravatar.com\/avatar\/17ff8fae2051e8d0c09037bc4e9ab017ac93233f8d559691101577712100fa39?s=96&d=blank&r=g","caption":"Marica"},"description":"Appassionata di cosmesi e di tutto ci\u00f2 che \u00e8 bello. Dal 2015 vivo a cavallo tra Italia e Inghilterra e ho un'inarrestabile passione per borse e rossetti. Il super-potere che vorrei? Quello dei capelli sempre in piega! Su Instagram mi trovi come @beautycaseblog.","sameAs":["http:\/\/www.instagram.com\/beautycaseblog","http:\/\/www.facebook.com\/beautycaseblog","https:\/\/x.com\/http:\/\/www.twitter.com\/beautycaseblog"],"url":"https:\/\/www.loscrigno.it\/beautycase\/index.php\/author\/verdiana\/"}]}},"_links":{"self":[{"href":"https:\/\/www.loscrigno.it\/beautycase\/index.php\/wp-json\/wp\/v2\/posts\/20763","targetHints":{"allow":["GET"]}}],"collection":[{"href":"https:\/\/www.loscrigno.it\/beautycase\/index.php\/wp-json\/wp\/v2\/posts"}],"about":[{"href":"https:\/\/www.loscrigno.it\/beautycase\/index.php\/wp-json\/wp\/v2\/types\/post"}],"author":[{"embeddable":true,"href":"https:\/\/www.loscrigno.it\/beautycase\/index.php\/wp-json\/wp\/v2\/users\/1"}],"replies":[{"embeddable":true,"href":"https:\/\/www.loscrigno.it\/beautycase\/index.php\/wp-json\/wp\/v2\/comments?post=20763"}],"version-history":[{"count":13,"href":"https:\/\/www.loscrigno.it\/beautycase\/index.php\/wp-json\/wp\/v2\/posts\/20763\/revisions"}],"predecessor-version":[{"id":20813,"href":"https:\/\/www.loscrigno.it\/beautycase\/index.php\/wp-json\/wp\/v2\/posts\/20763\/revisions\/20813"}],"wp:featuredmedia":[{"embeddable":true,"href":"https:\/\/www.loscrigno.it\/beautycase\/index.php\/wp-json\/wp\/v2\/media\/20786"}],"wp:attachment":[{"href":"https:\/\/www.loscrigno.it\/beautycase\/index.php\/wp-json\/wp\/v2\/media?parent=20763"}],"wp:term":[{"taxonomy":"category","embeddable":true,"href":"https:\/\/www.loscrigno.it\/beautycase\/index.php\/wp-json\/wp\/v2\/categories?post=20763"},{"taxonomy":"post_tag","embeddable":true,"href":"https:\/\/www.loscrigno.it\/beautycase\/index.php\/wp-json\/wp\/v2\/tags?post=20763"},{"taxonomy":"thb-sponsors","embeddable":true,"href":"https:\/\/www.loscrigno.it\/beautycase\/index.php\/wp-json\/wp\/v2\/thb-sponsors?post=20763"}],"curies":[{"name":"wp","href":"https:\/\/api.w.org\/{rel}","templated":true}]}}