{"id":2783,"date":"2011-09-28T20:47:40","date_gmt":"2011-09-28T18:47:40","guid":{"rendered":"http:\/\/www.loscrigno.it\/beautycase\/?p=2783"},"modified":"2016-02-06T14:50:17","modified_gmt":"2016-02-06T13:50:17","slug":"concorso-zalando-fashion-no-limits","status":"publish","type":"post","link":"https:\/\/www.loscrigno.it\/beautycase\/index.php\/concorso-zalando-fashion-no-limits\/","title":{"rendered":"Concorso Zalando: Fashion No Limits!"},"content":{"rendered":"<p><strong>L\u2019autunno ha <\/strong><strong>su di me un effetto inconsueto<\/strong>: anzich\u00e9  segnare il ritorno alla routine invernale mi spinge verso stazioni ed  aeroporti, valigia alla mano e voglia di scoperta in testa.<br \/>\nCon questa premessa, non sarete sorprese dal <strong>tema dell\u2019outfit realizzato per Zalando in occasione del concorso &#8220;Fashion no limits&#8221;:\u00a0 <em>City sightseeing<\/em><\/strong>.<\/p>\n<p>Per favore, <strong>fate click sull&#8217;immagine per ingrandire!<\/strong> Sono molto orgogliosa sia dell&#8217;outfit che della foto che gli fa da sfondo: <strong>l&#8217;ho scattata io stessa al <em>Palau Nacional<\/em> di Barcellona<\/strong>, splendida struttura i cui interni ospitano il\u00a0 <strong>MNAC, il Museo d\u2019arte della Catalunya<\/strong>, e tengo molto a mostrarvela.<\/p>\n<p><strong><br \/>\n<\/strong><\/p>\n<figure id=\"attachment_2803\" aria-describedby=\"caption-attachment-2803\" style=\"width: 500px\" class=\"wp-caption aligncenter\"><a href=\"https:\/\/www.loscrigno.it\/beautycase\/wp-content\/uploads\/2011\/09\/Zalandobianco2.jpg\" rel=\"mfp\"><img loading=\"lazy\" decoding=\"async\" class=\"size-medium wp-image-2803 lazyload\" title=\"Zalandobianco2\" src=\"data:image\/gif;base64,R0lGODlhAQABAAAAACH5BAEKAAEALAAAAAABAAEAAAICTAEAOw==\" data-src=\"https:\/\/www.loscrigno.it\/beautycase\/wp-content\/uploads\/2011\/09\/Zalandobianco2-500x333.jpg\" alt=\"\" width=\"500\" height=\"333\" data-sizes=\"auto\" data-srcset=\"https:\/\/www.loscrigno.it\/beautycase\/wp-content\/uploads\/2011\/09\/Zalandobianco2-500x333.jpg 500w, https:\/\/www.loscrigno.it\/beautycase\/wp-content\/uploads\/2011\/09\/Zalandobianco2-232x154.jpg 232w, https:\/\/www.loscrigno.it\/beautycase\/wp-content\/uploads\/2011\/09\/Zalandobianco2.jpg 960w\" sizes=\"auto, (max-width: 500px) 100vw, 500px\" \/><\/a><figcaption id=\"caption-attachment-2803\" class=\"wp-caption-text\">Outfit realizzato per Zalando Fashion no limits<\/figcaption><\/figure>\n<p><!--more--><\/p>\n<p>&nbsp;<\/p>\n<p>Ma andiamo con ordine. Alcune di voi si staranno chiedendo cosa sia Zalando: ebbene, <a title=\"Vai al sito Zalando.it\" href=\"http:\/\/www.zalando.it\" target=\"_blank\"><strong>Zalando.it <\/strong><\/a><strong>\u00e8 un sito di vendita on line con un vasto catalogo di abbigliamento, calzature ed accessori uomo, donna e bambino<\/strong>.<\/p>\n<p><a href=\"http:\/\/www.zalando.it\/fashion-no-limits\/\" target=\"_blank\"><img loading=\"lazy\" decoding=\"async\" class=\"alignright lazyload\" style=\"margin: 5px 10px; border: 0pt none;\" title=\"zalando fashion no limits\" src=\"data:image\/gif;base64,R0lGODlhAQABAAAAACH5BAEKAAEALAAAAAABAAEAAAICTAEAOw==\" data-src=\"http:\/\/media.ztat.net\/media\/A1276\/lp\/data\/images\/downloads\/fashion-flatrate\/it\/fashion-logo-it.png\" border=\"0\" alt=\"zalando fashion no limits\" width=\"200\" height=\"125\" \/><\/a>Di origine tedesca, l\u2019azienda ha recentemente volto lo sguardo al mercato italiano, aprendo il relativo shop on line ed indicendo il concorso cui vi accennavo qualche riga fa. Potevo lasciarmelo scappare? Naturalmente no, ed altrettanto naturalmente <strong>estendo l\u2019invito a partecipare a chiunque possieda un blog o un sito internet<\/strong>, ma se non ne siete provviste non demoralizzatevi: <strong>\u00e8 possibile concorrere anche con il vostro profilo facebook<\/strong>; se volete scoprire come correte subito a leggere <a title=\"Leggi il regolamento del concorso\" href=\"http:\/\/www.zalando.it\/fashion-no-limits-ulteriori-informazioni\/\" target=\"_blank\">il regolamento sul sito ufficiale<\/a>: mancano pochissimi giorni alla scadenza!<\/p>\n<p style=\"text-align: center;\">&nbsp;<\/p>\n<p style=\"text-align: center;\"><a href=\"http:\/\/www.zalando.it\/morgan-rerain-grigio-m5921x00z-917.html\"><img loading=\"lazy\" decoding=\"async\" class=\"size-medium wp-image-2786 aligncenter lazyload\" title=\"M5921X00Z-917__default__1\" src=\"data:image\/gif;base64,R0lGODlhAQABAAAAACH5BAEKAAEALAAAAAABAAEAAAICTAEAOw==\" data-src=\"https:\/\/www.loscrigno.it\/beautycase\/wp-content\/uploads\/2011\/09\/M5921X00Z-917__default__1-311x450.jpg\" alt=\"\" width=\"311\" height=\"450\" data-sizes=\"auto\" data-srcset=\"https:\/\/www.loscrigno.it\/beautycase\/wp-content\/uploads\/2011\/09\/M5921X00Z-917__default__1-311x450.jpg 311w, https:\/\/www.loscrigno.it\/beautycase\/wp-content\/uploads\/2011\/09\/M5921X00Z-917__default__1-173x250.jpg 173w, https:\/\/www.loscrigno.it\/beautycase\/wp-content\/uploads\/2011\/09\/M5921X00Z-917__default__1-709x1024.jpg 709w, https:\/\/www.loscrigno.it\/beautycase\/wp-content\/uploads\/2011\/09\/M5921X00Z-917__default__1.jpg 762w\" sizes=\"auto, (max-width: 311px) 100vw, 311px\" \/><\/a><\/p>\n<p><a href=\"http:\/\/www.zalando.it\/morgan-rerain-grigio-m5921x00z-917.html\"><\/a><\/p>\n<p><strong><span style=\"text-decoration: underline;\">Vestito Morgan &#8211; RERAIN<\/span><\/strong><\/p>\n<p><strong>L\u2019abito \u00e8 abbastanza frufru<\/strong> da accontentare la mia voglia di divertimento e di spensieratezza:<strong> le balze animalier movimentano smorfiose la gonna<\/strong> e <strong>la cintura sottolinea il punto vita<\/strong> con grazia. Delizioso il fiocchetto in corrispondenza dell\u2019ombelico.<\/p>\n<p>La scollatura \u00e8 discreta e<strong> il maculato della pettorina si sposa molto bene con la fantasia astratta<\/strong> del corpetto e della gonna.<\/p>\n<p>Elegante senza essere eccessivo, alla moda senza essere inportabile, grazie alla stoffa leggera <strong>lancia un ultimo richiamo all\u2019estate<\/strong> mentre <strong>il velluto della cintura lo classifica nelle collezioni autunnali<\/strong>.<\/p>\n<p>&nbsp;<\/p>\n<p>&nbsp;<\/p>\n<p><a href=\"http:\/\/www.zalando.it\/day-birger-et-mikkelsen-day-pleated-cuir-bolero-giacca-di-pelle-nero-da321d002-802.html\"><img loading=\"lazy\" decoding=\"async\" class=\"aligncenter size-medium wp-image-2790 lazyload\" title=\"Giacchino\" src=\"data:image\/gif;base64,R0lGODlhAQABAAAAACH5BAEKAAEALAAAAAABAAEAAAICTAEAOw==\" data-src=\"https:\/\/www.loscrigno.it\/beautycase\/wp-content\/uploads\/2011\/09\/Giacchino-428x450.jpg\" alt=\"\" width=\"428\" height=\"450\" data-sizes=\"auto\" data-srcset=\"https:\/\/www.loscrigno.it\/beautycase\/wp-content\/uploads\/2011\/09\/Giacchino-428x450.jpg 428w, https:\/\/www.loscrigno.it\/beautycase\/wp-content\/uploads\/2011\/09\/Giacchino-232x243.jpg 232w, https:\/\/www.loscrigno.it\/beautycase\/wp-content\/uploads\/2011\/09\/Giacchino.jpg 762w\" sizes=\"auto, (max-width: 428px) 100vw, 428px\" \/><\/a><\/p>\n<p><span style=\"text-decoration: underline;\"><strong>Giacca DAY Birger et Mikkelsen &#8211; DAY PLEATED CUIR BOLERO<\/strong><\/span><\/p>\n<p>Il <strong>giacchino in pelle<\/strong> offre la possibilit\u00e0 di <strong>ripararsi dal freddo nella prima mattinata o nel tardo pomeriggio<\/strong>, quando le temperature sono pi\u00f9 basse, ma risulta <strong>facile da portare a mano o vezzosamente appoggiato alla borsa <\/strong>quando il sole scalda le ore centrali della giornata.<\/p>\n<p>&nbsp;<\/p>\n<p>&nbsp;<\/p>\n<p><a href=\"http:\/\/www.zalando.it\/harlot-tamsin-stivaletti-rosa-ho111c004-401.html\"><img loading=\"lazy\" decoding=\"async\" class=\"alignleft size-thumbnail wp-image-2791 lazyload\" title=\"HO111C004-401__default__1\" src=\"data:image\/gif;base64,R0lGODlhAQABAAAAACH5BAEKAAEALAAAAAABAAEAAAICTAEAOw==\" data-src=\"https:\/\/www.loscrigno.it\/beautycase\/wp-content\/uploads\/2011\/09\/HO111C004-401__default__1-173x250.jpg\" alt=\"\" width=\"173\" height=\"250\" data-sizes=\"auto\" data-srcset=\"https:\/\/www.loscrigno.it\/beautycase\/wp-content\/uploads\/2011\/09\/HO111C004-401__default__1-173x250.jpg 173w, https:\/\/www.loscrigno.it\/beautycase\/wp-content\/uploads\/2011\/09\/HO111C004-401__default__1-311x450.jpg 311w, https:\/\/www.loscrigno.it\/beautycase\/wp-content\/uploads\/2011\/09\/HO111C004-401__default__1-709x1024.jpg 709w, https:\/\/www.loscrigno.it\/beautycase\/wp-content\/uploads\/2011\/09\/HO111C004-401__default__1.jpg 762w\" sizes=\"auto, (max-width: 173px) 100vw, 173px\" \/><\/a><span style=\"text-decoration: underline;\"><strong> <\/strong><\/span><\/p>\n<p><a href=\"http:\/\/www.zalando.it\/harlot-tamsin-stivaletti-rosa-ho111c004-401.html\"><img loading=\"lazy\" decoding=\"async\" class=\"alignleft size-thumbnail wp-image-2792 lazyload\" title=\"HO111C004-401__default__4\" src=\"data:image\/gif;base64,R0lGODlhAQABAAAAACH5BAEKAAEALAAAAAABAAEAAAICTAEAOw==\" data-src=\"https:\/\/www.loscrigno.it\/beautycase\/wp-content\/uploads\/2011\/09\/HO111C004-401__default__4-173x250.jpg\" alt=\"\" width=\"173\" height=\"250\" data-sizes=\"auto\" data-srcset=\"https:\/\/www.loscrigno.it\/beautycase\/wp-content\/uploads\/2011\/09\/HO111C004-401__default__4-173x250.jpg 173w, https:\/\/www.loscrigno.it\/beautycase\/wp-content\/uploads\/2011\/09\/HO111C004-401__default__4-311x450.jpg 311w, https:\/\/www.loscrigno.it\/beautycase\/wp-content\/uploads\/2011\/09\/HO111C004-401__default__4-709x1024.jpg 709w, https:\/\/www.loscrigno.it\/beautycase\/wp-content\/uploads\/2011\/09\/HO111C004-401__default__4.jpg 762w\" sizes=\"auto, (max-width: 173px) 100vw, 173px\" \/><\/a><span style=\"text-decoration: underline;\"><strong>Harlot &#8211; TAMSIN<\/strong><\/span><\/p>\n<p>Le scarpe danno <strong>un tocco di colore all\u2019insieme<\/strong>, mantenendosi in <strong>virtuoso equilibrio tra l\u2019elegante ed il casual<\/strong>. I tacchi alti ed il plateau non molto accentuato potrebbero far pensare a calzature scomode, ma la caviglia risulta ben sostenuta e le scarpe si rivelano adatte anche a lunghe passeggiate.<\/p>\n<p>&nbsp;<\/p>\n<p><a href=\"http:\/\/www.zalando.it\/nypd-borsetta-rosa-ny151a008-916.html\"><\/a><\/p>\n<p><a href=\"http:\/\/www.zalando.it\/nypd-borsetta-rosa-ny151a008-916.html\"><img loading=\"lazy\" decoding=\"async\" class=\"alignright size-thumbnail wp-image-2795 lazyload\" title=\"NY151A008-916__default__1\" src=\"data:image\/gif;base64,R0lGODlhAQABAAAAACH5BAEKAAEALAAAAAABAAEAAAICTAEAOw==\" data-src=\"https:\/\/www.loscrigno.it\/beautycase\/wp-content\/uploads\/2011\/09\/NY151A008-916__default__1-173x250.jpg\" alt=\"\" width=\"173\" height=\"250\" data-sizes=\"auto\" data-srcset=\"https:\/\/www.loscrigno.it\/beautycase\/wp-content\/uploads\/2011\/09\/NY151A008-916__default__1-173x250.jpg 173w, https:\/\/www.loscrigno.it\/beautycase\/wp-content\/uploads\/2011\/09\/NY151A008-916__default__1-311x450.jpg 311w, https:\/\/www.loscrigno.it\/beautycase\/wp-content\/uploads\/2011\/09\/NY151A008-916__default__1-709x1024.jpg 709w, https:\/\/www.loscrigno.it\/beautycase\/wp-content\/uploads\/2011\/09\/NY151A008-916__default__1.jpg 762w\" sizes=\"auto, (max-width: 173px) 100vw, 173px\" \/><\/a><\/p>\n<p>&nbsp;<\/p>\n<p>&nbsp;<\/p>\n<p><span style=\"text-decoration: underline;\"><strong>Borsa NYPD<\/strong><\/span><\/p>\n<p><strong>La borsa \u00e8 abbastanza capiente<\/strong> e pronta a contenere tutto l\u2019occorrente, compresa la guida turistica e l\u2019immancabile bottiglietta d\u2019acqua.<\/p>\n<p>&nbsp;<\/p>\n<p><strong>Spero l&#8217;abbinamento vi piaccia e che possa servirvi da spunto! :)<\/strong><\/p>\n<p>&nbsp;<\/p>\n","protected":false},"excerpt":{"rendered":"<p>L\u2019autunno ha su di me un effetto inconsueto: anzich\u00e9 segnare il ritorno alla routine invernale mi spinge verso stazioni ed aeroporti, valigia alla mano e voglia di scoperta in testa. Con questa premessa, non sarete sorprese dal tema dell\u2019outfit realizzato per Zalando in occasione del concorso &#8220;Fashion no limits&#8221;:\u00a0 City sightseeing. Per favore, fate click&hellip;<\/p>\n","protected":false},"author":1,"featured_media":2803,"comment_status":"open","ping_status":"open","sticky":false,"template":"","format":"standard","meta":{"footnotes":""},"categories":[326],"tags":[],"thb-sponsors":[],"class_list":["post-2783","post","type-post","status-publish","format-standard","has-post-thumbnail","hentry","category-fashion"],"featured_image_src":"https:\/\/www.loscrigno.it\/beautycase\/wp-content\/uploads\/2011\/09\/Zalandobianco2.jpg","author_info":{"display_name":"Marica","author_link":"https:\/\/www.loscrigno.it\/beautycase\/index.php\/author\/verdiana\/"},"yoast_head":"<!-- This site is optimized with the Yoast SEO plugin v27.4 - https:\/\/yoast.com\/product\/yoast-seo-wordpress\/ -->\r\n<title>Concorso Zalando: Fashion No Limits! - Beauty Case Blog - Beauty blog italiano su make-up e bellezza<\/title>\r\n<meta name=\"robots\" content=\"index, follow, max-snippet:-1, max-image-preview:large, max-video-preview:-1\" \/>\r\n<link rel=\"canonical\" href=\"https:\/\/www.loscrigno.it\/beautycase\/index.php\/concorso-zalando-fashion-no-limits\/\" \/>\r\n<meta name=\"twitter:card\" content=\"summary_large_image\" \/>\r\n<meta name=\"twitter:title\" content=\"Concorso Zalando: Fashion No Limits! - Beauty Case Blog - Beauty blog italiano su make-up e bellezza\" \/>\r\n<meta name=\"twitter:description\" content=\"L\u2019autunno ha su di me un effetto inconsueto: anzich\u00e9 segnare il ritorno alla routine invernale mi spinge verso stazioni ed aeroporti, valigia alla mano e voglia di scoperta in testa. Con questa premessa, non sarete sorprese dal tema dell\u2019outfit realizzato per Zalando in occasione del concorso &#8220;Fashion no limits&#8221;:\u00a0 City sightseeing. Per favore, fate click&hellip;\" \/>\r\n<meta name=\"twitter:image\" content=\"https:\/\/www.loscrigno.it\/beautycase\/wp-content\/uploads\/2011\/09\/Zalandobianco2.jpg\" \/>\r\n<meta name=\"twitter:creator\" content=\"@http:\/\/www.twitter.com\/beautycaseblog\" \/>\r\n<meta name=\"twitter:label1\" content=\"Scritto da\" \/>\n\t<meta name=\"twitter:data1\" content=\"Marica\" \/>\n\t<meta name=\"twitter:label2\" content=\"Tempo di lettura stimato\" \/>\n\t<meta name=\"twitter:data2\" content=\"2 minuti\" \/>\r\n<script type=\"application\/ld+json\" class=\"yoast-schema-graph\">{\"@context\":\"https:\\\/\\\/schema.org\",\"@graph\":[{\"@type\":\"Article\",\"@id\":\"https:\\\/\\\/www.loscrigno.it\\\/beautycase\\\/index.php\\\/concorso-zalando-fashion-no-limits\\\/#article\",\"isPartOf\":{\"@id\":\"https:\\\/\\\/www.loscrigno.it\\\/beautycase\\\/index.php\\\/concorso-zalando-fashion-no-limits\\\/\"},\"author\":{\"name\":\"Marica\",\"@id\":\"https:\\\/\\\/www.loscrigno.it\\\/beautycase\\\/#\\\/schema\\\/person\\\/11eee6092821563eadc965b96ca0314d\"},\"headline\":\"Concorso Zalando: Fashion No Limits!\",\"datePublished\":\"2011-09-28T18:47:40+00:00\",\"dateModified\":\"2016-02-06T13:50:17+00:00\",\"mainEntityOfPage\":{\"@id\":\"https:\\\/\\\/www.loscrigno.it\\\/beautycase\\\/index.php\\\/concorso-zalando-fashion-no-limits\\\/\"},\"wordCount\":488,\"commentCount\":1,\"image\":{\"@id\":\"https:\\\/\\\/www.loscrigno.it\\\/beautycase\\\/index.php\\\/concorso-zalando-fashion-no-limits\\\/#primaryimage\"},\"thumbnailUrl\":\"https:\\\/\\\/www.loscrigno.it\\\/beautycase\\\/wp-content\\\/uploads\\\/2011\\\/09\\\/Zalandobianco2.jpg\",\"articleSection\":[\"Fashion\"],\"inLanguage\":\"it-IT\",\"potentialAction\":[{\"@type\":\"CommentAction\",\"name\":\"Comment\",\"target\":[\"https:\\\/\\\/www.loscrigno.it\\\/beautycase\\\/index.php\\\/concorso-zalando-fashion-no-limits\\\/#respond\"]}]},{\"@type\":\"WebPage\",\"@id\":\"https:\\\/\\\/www.loscrigno.it\\\/beautycase\\\/index.php\\\/concorso-zalando-fashion-no-limits\\\/\",\"url\":\"https:\\\/\\\/www.loscrigno.it\\\/beautycase\\\/index.php\\\/concorso-zalando-fashion-no-limits\\\/\",\"name\":\"Concorso Zalando: Fashion No Limits! - Beauty Case Blog - Beauty blog italiano su make-up e bellezza\",\"isPartOf\":{\"@id\":\"https:\\\/\\\/www.loscrigno.it\\\/beautycase\\\/#website\"},\"primaryImageOfPage\":{\"@id\":\"https:\\\/\\\/www.loscrigno.it\\\/beautycase\\\/index.php\\\/concorso-zalando-fashion-no-limits\\\/#primaryimage\"},\"image\":{\"@id\":\"https:\\\/\\\/www.loscrigno.it\\\/beautycase\\\/index.php\\\/concorso-zalando-fashion-no-limits\\\/#primaryimage\"},\"thumbnailUrl\":\"https:\\\/\\\/www.loscrigno.it\\\/beautycase\\\/wp-content\\\/uploads\\\/2011\\\/09\\\/Zalandobianco2.jpg\",\"datePublished\":\"2011-09-28T18:47:40+00:00\",\"dateModified\":\"2016-02-06T13:50:17+00:00\",\"author\":{\"@id\":\"https:\\\/\\\/www.loscrigno.it\\\/beautycase\\\/#\\\/schema\\\/person\\\/11eee6092821563eadc965b96ca0314d\"},\"breadcrumb\":{\"@id\":\"https:\\\/\\\/www.loscrigno.it\\\/beautycase\\\/index.php\\\/concorso-zalando-fashion-no-limits\\\/#breadcrumb\"},\"inLanguage\":\"it-IT\",\"potentialAction\":[{\"@type\":\"ReadAction\",\"target\":[\"https:\\\/\\\/www.loscrigno.it\\\/beautycase\\\/index.php\\\/concorso-zalando-fashion-no-limits\\\/\"]}]},{\"@type\":\"ImageObject\",\"inLanguage\":\"it-IT\",\"@id\":\"https:\\\/\\\/www.loscrigno.it\\\/beautycase\\\/index.php\\\/concorso-zalando-fashion-no-limits\\\/#primaryimage\",\"url\":\"https:\\\/\\\/www.loscrigno.it\\\/beautycase\\\/wp-content\\\/uploads\\\/2011\\\/09\\\/Zalandobianco2.jpg\",\"contentUrl\":\"https:\\\/\\\/www.loscrigno.it\\\/beautycase\\\/wp-content\\\/uploads\\\/2011\\\/09\\\/Zalandobianco2.jpg\",\"width\":\"960\",\"height\":\"640\",\"caption\":\"Outfit realizzato per Zalando Fashion no limits\"},{\"@type\":\"BreadcrumbList\",\"@id\":\"https:\\\/\\\/www.loscrigno.it\\\/beautycase\\\/index.php\\\/concorso-zalando-fashion-no-limits\\\/#breadcrumb\",\"itemListElement\":[{\"@type\":\"ListItem\",\"position\":1,\"name\":\"Home\",\"item\":\"https:\\\/\\\/www.loscrigno.it\\\/beautycase\\\/\"},{\"@type\":\"ListItem\",\"position\":2,\"name\":\"Concorso Zalando: Fashion No Limits!\"}]},{\"@type\":\"WebSite\",\"@id\":\"https:\\\/\\\/www.loscrigno.it\\\/beautycase\\\/#website\",\"url\":\"https:\\\/\\\/www.loscrigno.it\\\/beautycase\\\/\",\"name\":\"Beauty Case Blog - Beauty blog italiano su make-up e bellezza\",\"description\":\"Beauty Case Blog \u00e8 uno dei pi\u00f9 importanti beauty blog italiani. Leggi ora tutte le novit\u00e0 del mondo beauty e scopri i miei consigli su make-up e bellezza.\",\"potentialAction\":[{\"@type\":\"SearchAction\",\"target\":{\"@type\":\"EntryPoint\",\"urlTemplate\":\"https:\\\/\\\/www.loscrigno.it\\\/beautycase\\\/?s={search_term_string}\"},\"query-input\":{\"@type\":\"PropertyValueSpecification\",\"valueRequired\":true,\"valueName\":\"search_term_string\"}}],\"inLanguage\":\"it-IT\"},{\"@type\":\"Person\",\"@id\":\"https:\\\/\\\/www.loscrigno.it\\\/beautycase\\\/#\\\/schema\\\/person\\\/11eee6092821563eadc965b96ca0314d\",\"name\":\"Marica\",\"image\":{\"@type\":\"ImageObject\",\"inLanguage\":\"it-IT\",\"@id\":\"https:\\\/\\\/secure.gravatar.com\\\/avatar\\\/17ff8fae2051e8d0c09037bc4e9ab017ac93233f8d559691101577712100fa39?s=96&d=blank&r=g\",\"url\":\"https:\\\/\\\/secure.gravatar.com\\\/avatar\\\/17ff8fae2051e8d0c09037bc4e9ab017ac93233f8d559691101577712100fa39?s=96&d=blank&r=g\",\"contentUrl\":\"https:\\\/\\\/secure.gravatar.com\\\/avatar\\\/17ff8fae2051e8d0c09037bc4e9ab017ac93233f8d559691101577712100fa39?s=96&d=blank&r=g\",\"caption\":\"Marica\"},\"description\":\"Appassionata di cosmesi e di tutto ci\u00f2 che \u00e8 bello. Dal 2015 vivo a cavallo tra Italia e Inghilterra e ho un'inarrestabile passione per borse e rossetti. Il super-potere che vorrei? Quello dei capelli sempre in piega! Su Instagram mi trovi come @beautycaseblog.\",\"sameAs\":[\"http:\\\/\\\/www.instagram.com\\\/beautycaseblog\",\"http:\\\/\\\/www.facebook.com\\\/beautycaseblog\",\"https:\\\/\\\/x.com\\\/http:\\\/\\\/www.twitter.com\\\/beautycaseblog\"],\"url\":\"https:\\\/\\\/www.loscrigno.it\\\/beautycase\\\/index.php\\\/author\\\/verdiana\\\/\"}]}<\/script>\r\n<!-- \/ Yoast SEO plugin. -->","yoast_head_json":{"title":"Concorso Zalando: Fashion No Limits! - Beauty Case Blog - Beauty blog italiano su make-up e bellezza","robots":{"index":"index","follow":"follow","max-snippet":"max-snippet:-1","max-image-preview":"max-image-preview:large","max-video-preview":"max-video-preview:-1"},"canonical":"https:\/\/www.loscrigno.it\/beautycase\/index.php\/concorso-zalando-fashion-no-limits\/","twitter_card":"summary_large_image","twitter_title":"Concorso Zalando: Fashion No Limits! - Beauty Case Blog - Beauty blog italiano su make-up e bellezza","twitter_description":"L\u2019autunno ha su di me un effetto inconsueto: anzich\u00e9 segnare il ritorno alla routine invernale mi spinge verso stazioni ed aeroporti, valigia alla mano e voglia di scoperta in testa. Con questa premessa, non sarete sorprese dal tema dell\u2019outfit realizzato per Zalando in occasione del concorso &#8220;Fashion no limits&#8221;:\u00a0 City sightseeing. Per favore, fate click&hellip;","twitter_image":"https:\/\/www.loscrigno.it\/beautycase\/wp-content\/uploads\/2011\/09\/Zalandobianco2.jpg","twitter_creator":"@http:\/\/www.twitter.com\/beautycaseblog","twitter_misc":{"Scritto da":"Marica","Tempo di lettura stimato":"2 minuti"},"schema":{"@context":"https:\/\/schema.org","@graph":[{"@type":"Article","@id":"https:\/\/www.loscrigno.it\/beautycase\/index.php\/concorso-zalando-fashion-no-limits\/#article","isPartOf":{"@id":"https:\/\/www.loscrigno.it\/beautycase\/index.php\/concorso-zalando-fashion-no-limits\/"},"author":{"name":"Marica","@id":"https:\/\/www.loscrigno.it\/beautycase\/#\/schema\/person\/11eee6092821563eadc965b96ca0314d"},"headline":"Concorso Zalando: Fashion No Limits!","datePublished":"2011-09-28T18:47:40+00:00","dateModified":"2016-02-06T13:50:17+00:00","mainEntityOfPage":{"@id":"https:\/\/www.loscrigno.it\/beautycase\/index.php\/concorso-zalando-fashion-no-limits\/"},"wordCount":488,"commentCount":1,"image":{"@id":"https:\/\/www.loscrigno.it\/beautycase\/index.php\/concorso-zalando-fashion-no-limits\/#primaryimage"},"thumbnailUrl":"https:\/\/www.loscrigno.it\/beautycase\/wp-content\/uploads\/2011\/09\/Zalandobianco2.jpg","articleSection":["Fashion"],"inLanguage":"it-IT","potentialAction":[{"@type":"CommentAction","name":"Comment","target":["https:\/\/www.loscrigno.it\/beautycase\/index.php\/concorso-zalando-fashion-no-limits\/#respond"]}]},{"@type":"WebPage","@id":"https:\/\/www.loscrigno.it\/beautycase\/index.php\/concorso-zalando-fashion-no-limits\/","url":"https:\/\/www.loscrigno.it\/beautycase\/index.php\/concorso-zalando-fashion-no-limits\/","name":"Concorso Zalando: Fashion No Limits! - Beauty Case Blog - Beauty blog italiano su make-up e bellezza","isPartOf":{"@id":"https:\/\/www.loscrigno.it\/beautycase\/#website"},"primaryImageOfPage":{"@id":"https:\/\/www.loscrigno.it\/beautycase\/index.php\/concorso-zalando-fashion-no-limits\/#primaryimage"},"image":{"@id":"https:\/\/www.loscrigno.it\/beautycase\/index.php\/concorso-zalando-fashion-no-limits\/#primaryimage"},"thumbnailUrl":"https:\/\/www.loscrigno.it\/beautycase\/wp-content\/uploads\/2011\/09\/Zalandobianco2.jpg","datePublished":"2011-09-28T18:47:40+00:00","dateModified":"2016-02-06T13:50:17+00:00","author":{"@id":"https:\/\/www.loscrigno.it\/beautycase\/#\/schema\/person\/11eee6092821563eadc965b96ca0314d"},"breadcrumb":{"@id":"https:\/\/www.loscrigno.it\/beautycase\/index.php\/concorso-zalando-fashion-no-limits\/#breadcrumb"},"inLanguage":"it-IT","potentialAction":[{"@type":"ReadAction","target":["https:\/\/www.loscrigno.it\/beautycase\/index.php\/concorso-zalando-fashion-no-limits\/"]}]},{"@type":"ImageObject","inLanguage":"it-IT","@id":"https:\/\/www.loscrigno.it\/beautycase\/index.php\/concorso-zalando-fashion-no-limits\/#primaryimage","url":"https:\/\/www.loscrigno.it\/beautycase\/wp-content\/uploads\/2011\/09\/Zalandobianco2.jpg","contentUrl":"https:\/\/www.loscrigno.it\/beautycase\/wp-content\/uploads\/2011\/09\/Zalandobianco2.jpg","width":"960","height":"640","caption":"Outfit realizzato per Zalando Fashion no limits"},{"@type":"BreadcrumbList","@id":"https:\/\/www.loscrigno.it\/beautycase\/index.php\/concorso-zalando-fashion-no-limits\/#breadcrumb","itemListElement":[{"@type":"ListItem","position":1,"name":"Home","item":"https:\/\/www.loscrigno.it\/beautycase\/"},{"@type":"ListItem","position":2,"name":"Concorso Zalando: Fashion No Limits!"}]},{"@type":"WebSite","@id":"https:\/\/www.loscrigno.it\/beautycase\/#website","url":"https:\/\/www.loscrigno.it\/beautycase\/","name":"Beauty Case Blog - Beauty blog italiano su make-up e bellezza","description":"Beauty Case Blog \u00e8 uno dei pi\u00f9 importanti beauty blog italiani. Leggi ora tutte le novit\u00e0 del mondo beauty e scopri i miei consigli su make-up e bellezza.","potentialAction":[{"@type":"SearchAction","target":{"@type":"EntryPoint","urlTemplate":"https:\/\/www.loscrigno.it\/beautycase\/?s={search_term_string}"},"query-input":{"@type":"PropertyValueSpecification","valueRequired":true,"valueName":"search_term_string"}}],"inLanguage":"it-IT"},{"@type":"Person","@id":"https:\/\/www.loscrigno.it\/beautycase\/#\/schema\/person\/11eee6092821563eadc965b96ca0314d","name":"Marica","image":{"@type":"ImageObject","inLanguage":"it-IT","@id":"https:\/\/secure.gravatar.com\/avatar\/17ff8fae2051e8d0c09037bc4e9ab017ac93233f8d559691101577712100fa39?s=96&d=blank&r=g","url":"https:\/\/secure.gravatar.com\/avatar\/17ff8fae2051e8d0c09037bc4e9ab017ac93233f8d559691101577712100fa39?s=96&d=blank&r=g","contentUrl":"https:\/\/secure.gravatar.com\/avatar\/17ff8fae2051e8d0c09037bc4e9ab017ac93233f8d559691101577712100fa39?s=96&d=blank&r=g","caption":"Marica"},"description":"Appassionata di cosmesi e di tutto ci\u00f2 che \u00e8 bello. Dal 2015 vivo a cavallo tra Italia e Inghilterra e ho un'inarrestabile passione per borse e rossetti. Il super-potere che vorrei? Quello dei capelli sempre in piega! Su Instagram mi trovi come @beautycaseblog.","sameAs":["http:\/\/www.instagram.com\/beautycaseblog","http:\/\/www.facebook.com\/beautycaseblog","https:\/\/x.com\/http:\/\/www.twitter.com\/beautycaseblog"],"url":"https:\/\/www.loscrigno.it\/beautycase\/index.php\/author\/verdiana\/"}]}},"_links":{"self":[{"href":"https:\/\/www.loscrigno.it\/beautycase\/index.php\/wp-json\/wp\/v2\/posts\/2783","targetHints":{"allow":["GET"]}}],"collection":[{"href":"https:\/\/www.loscrigno.it\/beautycase\/index.php\/wp-json\/wp\/v2\/posts"}],"about":[{"href":"https:\/\/www.loscrigno.it\/beautycase\/index.php\/wp-json\/wp\/v2\/types\/post"}],"author":[{"embeddable":true,"href":"https:\/\/www.loscrigno.it\/beautycase\/index.php\/wp-json\/wp\/v2\/users\/1"}],"replies":[{"embeddable":true,"href":"https:\/\/www.loscrigno.it\/beautycase\/index.php\/wp-json\/wp\/v2\/comments?post=2783"}],"version-history":[{"count":47,"href":"https:\/\/www.loscrigno.it\/beautycase\/index.php\/wp-json\/wp\/v2\/posts\/2783\/revisions"}],"predecessor-version":[{"id":2834,"href":"https:\/\/www.loscrigno.it\/beautycase\/index.php\/wp-json\/wp\/v2\/posts\/2783\/revisions\/2834"}],"wp:featuredmedia":[{"embeddable":true,"href":"https:\/\/www.loscrigno.it\/beautycase\/index.php\/wp-json\/wp\/v2\/media\/2803"}],"wp:attachment":[{"href":"https:\/\/www.loscrigno.it\/beautycase\/index.php\/wp-json\/wp\/v2\/media?parent=2783"}],"wp:term":[{"taxonomy":"category","embeddable":true,"href":"https:\/\/www.loscrigno.it\/beautycase\/index.php\/wp-json\/wp\/v2\/categories?post=2783"},{"taxonomy":"post_tag","embeddable":true,"href":"https:\/\/www.loscrigno.it\/beautycase\/index.php\/wp-json\/wp\/v2\/tags?post=2783"},{"taxonomy":"thb-sponsors","embeddable":true,"href":"https:\/\/www.loscrigno.it\/beautycase\/index.php\/wp-json\/wp\/v2\/thb-sponsors?post=2783"}],"curies":[{"name":"wp","href":"https:\/\/api.w.org\/{rel}","templated":true}]}}