{"id":9845,"date":"2014-04-12T16:47:21","date_gmt":"2014-04-12T14:47:21","guid":{"rendered":"http:\/\/www.loscrigno.it\/beautycase\/?p=9845"},"modified":"2016-02-06T13:56:14","modified_gmt":"2016-02-06T12:56:14","slug":"cosmoprof-cosmetica-italia","status":"publish","type":"post","link":"https:\/\/www.loscrigno.it\/beautycase\/index.php\/cosmoprof-cosmetica-italia\/","title":{"rendered":"Al Cosmoprof con Cosmetica Italia: la bellezza \u00e8 made in Italy"},"content":{"rendered":"<p style=\"text-align: justify;\">Domenica \u00e8 stato un giorno veramente speciale. Non solo ho potuto trascorrere una seconda giornata tra gli affollatissimi padiglioni di <strong>Cosmoprof Bologna<\/strong>, ma ho anche avuto due guide d&#8217;eccezione: le deliziose <strong>Valentina<\/strong> e <strong>Benedetta<\/strong> di <span style=\"color: #ff0000;\"><strong>Cosmetica Italia<\/strong><\/span>, associazione di rappresentanza delle imprese cosmetiche italiane, di cui sono stata ospite.<\/p>\n<p style=\"text-align: justify;\">Sotto un sole caldo e sorridente abbiamo varcato i tornelli d&#8217;ingresso scoprendoci subito attratte dalla graziosa postazione di <span style=\"text-decoration: underline;\"><span style=\"color: #ff0000; text-decoration: underline;\"><strong><a title=\"Visita il sito ufficiale di Accademia del Profumo\" href=\"http:\/\/www.accademiadelprofumo.it\/\"><span style=\"color: #ff0000; text-decoration: underline;\">Accademia del Profumo<\/span><\/a><\/strong><\/span><\/span>, dove abbiamo potuto saggiare alcune delle fragranze pi\u00f9 note lanciate nel 2013 e contribuire, mediante il nostro voto, all&#8217;elezione del profumo dell&#8217;anno. Nella foto sottostante potete apprezzare i contendenti femminili: volete azzardare un pronostico in attesa della proclamazione ufficiale? Io ho puntato su <strong><a title=\"Scopri di pi\u00f9 sulla fragranza di Salvatore Ferragamo\" href=\"http:\/\/www.ferragamo.com\/shop\/it\/ita\/uomo\/profumi-uomo\/acqua-essenziale-560168--4#pId=6148914691233502256\">Acqua Essenziale<\/a><\/strong> di Salvatore Ferragamo e sul meraviglioso <strong><a title=\"Visita il sito ufficiale di Armani Beauty\" href=\"http:\/\/www.armanibeauty.it\/fragranze\/fragranze-per-lei\/armani-si.aspx?gclid=CIW53_iW2b0CFXMRtAodmB8AMw\">S\u00ec<\/a><\/strong> di Giorgio Armani.<\/p>\n<p style=\"text-align: justify;\">Se piacevoli sentori custoditi in boccette di design sono la vostra passione, vi segnalo inoltre l&#8217;interessante <strong><a title=\"Scopri di pi\u00f9 sul corso di formazione\" href=\"http:\/\/www.mouillettes-and-co.com\/\">corso di formazione<\/a><\/strong> organizzato da mouillettes&amp;co., attraverso il quale potrete arricchire le vostre conoscenze e, perch\u00e9 no, avviarvi lungo la strada delle professioni olfattive.<\/p>\n<figure id=\"attachment_9848\" aria-describedby=\"caption-attachment-9848\" style=\"width: 600px\" class=\"wp-caption aligncenter\"><a href=\"https:\/\/www.loscrigno.it\/beautycase\/wp-content\/uploads\/2014\/04\/IMG_3498.jpg\" rel=\"mfp\"><img loading=\"lazy\" decoding=\"async\" class=\"size-medium wp-image-9848 lazyload\" alt=\"Al Cosmoprof con Cosmetica Italia\" src=\"data:image\/gif;base64,R0lGODlhAQABAAAAACH5BAEKAAEALAAAAAABAAEAAAICTAEAOw==\" data-src=\"https:\/\/www.loscrigno.it\/beautycase\/wp-content\/uploads\/2014\/04\/IMG_3498-600x400.jpg\" width=\"600\" height=\"400\" data-sizes=\"auto\" data-srcset=\"https:\/\/www.loscrigno.it\/beautycase\/wp-content\/uploads\/2014\/04\/IMG_3498-600x400.jpg 600w, https:\/\/www.loscrigno.it\/beautycase\/wp-content\/uploads\/2014\/04\/IMG_3498-232x154.jpg 232w, https:\/\/www.loscrigno.it\/beautycase\/wp-content\/uploads\/2014\/04\/IMG_3498.jpg 1000w\" sizes=\"auto, (max-width: 600px) 100vw, 600px\" \/><\/a><figcaption id=\"caption-attachment-9848\" class=\"wp-caption-text\">Al Cosmoprof con Cosmetica Italia<\/figcaption><\/figure>\n<p><!--more--><\/p>\n<figure id=\"attachment_9849\" aria-describedby=\"caption-attachment-9849\" style=\"width: 600px\" class=\"wp-caption aligncenter\"><a href=\"https:\/\/www.loscrigno.it\/beautycase\/wp-content\/uploads\/2014\/04\/IMG_3499.jpg\" rel=\"mfp\"><img loading=\"lazy\" decoding=\"async\" class=\"size-medium wp-image-9849 lazyload\" alt=\"Al Cosmoprof con Cosmetica Italia\" src=\"data:image\/gif;base64,R0lGODlhAQABAAAAACH5BAEKAAEALAAAAAABAAEAAAICTAEAOw==\" data-src=\"https:\/\/www.loscrigno.it\/beautycase\/wp-content\/uploads\/2014\/04\/IMG_3499-600x400.jpg\" width=\"600\" height=\"400\" data-sizes=\"auto\" data-srcset=\"https:\/\/www.loscrigno.it\/beautycase\/wp-content\/uploads\/2014\/04\/IMG_3499-600x400.jpg 600w, https:\/\/www.loscrigno.it\/beautycase\/wp-content\/uploads\/2014\/04\/IMG_3499-232x154.jpg 232w, https:\/\/www.loscrigno.it\/beautycase\/wp-content\/uploads\/2014\/04\/IMG_3499.jpg 1000w\" sizes=\"auto, (max-width: 600px) 100vw, 600px\" \/><\/a><figcaption id=\"caption-attachment-9849\" class=\"wp-caption-text\">Al Cosmoprof con Cosmetica Italia<\/figcaption><\/figure>\n<p>&nbsp;<\/p>\n<p style=\"text-align: justify;\">Chiusa questa interessante parentesi, abbiamo ascoltato una riflessione lucida e puntuale in merito ai recenti cambiamenti che hanno investito il mondo della comunicazione. A dar voce ai propri pensieri \u00e8\u00a0 stato <strong>Maurizio Crippa<\/strong>, Direttore Generale di Cosmetica Italia, un distinto signore che non permette alla sua non appartenenza alla generazione dei nativi digitali di offuscare il suo giudizio sulle immense possibilit\u00e0 offerte da Internet, ed anzi utilizza la sua esperienza per meglio comprendere la natura e la portata della rivoluzione digitale.<\/p>\n<p style=\"text-align: justify;\">Gli interventi seguenti sono all&#8217;insegna dei dati e delle statistiche: spetta infatti ad un dirigente SoGeCos informarci sulla presenza in fiera di ben 500 blogger e 700 giornalisti accreditati, un numero di molto superiore alle mie aspettative, mentre <strong>Marco Pirozzi<\/strong> ricostruisce un quadro completo della progressione del mercato cosmetico italiano. Scopriamo cos\u00ec un settore in piena salute, forte di un export in continua crescita.<\/p>\n<figure id=\"attachment_9850\" aria-describedby=\"caption-attachment-9850\" style=\"width: 600px\" class=\"wp-caption aligncenter\"><a href=\"https:\/\/www.loscrigno.it\/beautycase\/wp-content\/uploads\/2014\/04\/IMG_3502.jpg\" rel=\"mfp\"><img loading=\"lazy\" decoding=\"async\" class=\"size-medium wp-image-9850 lazyload\" alt=\"Al Cosmoprof con Cosmetica Italia\" src=\"data:image\/gif;base64,R0lGODlhAQABAAAAACH5BAEKAAEALAAAAAABAAEAAAICTAEAOw==\" data-src=\"https:\/\/www.loscrigno.it\/beautycase\/wp-content\/uploads\/2014\/04\/IMG_3502-600x400.jpg\" width=\"600\" height=\"400\" data-sizes=\"auto\" data-srcset=\"https:\/\/www.loscrigno.it\/beautycase\/wp-content\/uploads\/2014\/04\/IMG_3502-600x400.jpg 600w, https:\/\/www.loscrigno.it\/beautycase\/wp-content\/uploads\/2014\/04\/IMG_3502-232x154.jpg 232w, https:\/\/www.loscrigno.it\/beautycase\/wp-content\/uploads\/2014\/04\/IMG_3502.jpg 1000w\" sizes=\"auto, (max-width: 600px) 100vw, 600px\" \/><\/a><figcaption id=\"caption-attachment-9850\" class=\"wp-caption-text\">Al Cosmoprof con Cosmetica Italia<\/figcaption><\/figure>\n<p>&nbsp;<\/p>\n<h2 style=\"text-align: center;\">Mediterranea<\/h2>\n<p style=\"text-align: justify;\">Rinfrancate dal buon andamento economico e da un delizioso light lunch ci siamo dunque dirette verso lo stand di <span style=\"text-decoration: underline;\"><span style=\"color: #ff0000; text-decoration: underline;\"><a title=\"Vai al sito di Mediterranea\" href=\"http:\/\/www.carli.com\/mediterranea\/\"><span style=\"color: #ff0000; text-decoration: underline;\"><strong>Mediterranea<\/strong><\/span><\/a><\/span><\/span>, azienda cosmetica collegata alla notissima impresa alimentare <span style=\"text-decoration: underline; color: #ff0000;\"><a title=\"Web site Fratelli Carli\" href=\"http:\/\/www.carli.com\/\"><span style=\"color: #ff0000; text-decoration: underline;\"><strong>Fratelli Carli<\/strong><\/span><\/a><\/span>; s\u00ec, avete intuito bene: proprio quella dell&#8217;olio d&#8217;oliva! E&#8217; il titolare in persona a raccontarci le caratteristiche dei suoi prodotti e l&#8217;impegno profuso nella ricerca di formulazioni sempre pi\u00f9 confortevoli e sicure, un obiettivo che si accompagna ad un profondo radicamento nell&#8217;affascinante<strong> territorio ligure<\/strong>, con le sue terrazze a strapiombo sul mare ed i suoi boschi rigogliosi. E&#8217; l\u00ec, ad esempio, che viene coltivata la lavanda dalla quale si distilla l&#8217;essenza che infonde all&#8217;olio da massaggio il suo inebriante profumo.<\/p>\n<p style=\"text-align: justify;\">Alle linee per la <strong>skin care<\/strong> si affiancano prodotti studiati per la protezione solare e, in ultimo, una linea completa di <strong>makeup<\/strong>: terre, ombretti, matite, rossetti, mascara e ogni altro cosmetico si possa desiderare ci occhieggia dall&#8217;espositore. Vengo particolarmente colpita da un gloss trasparente in stick, nel cui cuore \u00e8 racchiusa una bianca anima idratante: un prodotto che sembra perfetto per prendersi cura delle proprie labbra senza rinunciare ad un sussurro di vanit\u00e0.<\/p>\n<figure id=\"attachment_9864\" aria-describedby=\"caption-attachment-9864\" style=\"width: 600px\" class=\"wp-caption aligncenter\"><a href=\"https:\/\/www.loscrigno.it\/beautycase\/wp-content\/uploads\/2014\/04\/MediterraneaCosmoprof.jpg\" rel=\"mfp\"><img loading=\"lazy\" decoding=\"async\" class=\"size-medium wp-image-9864 lazyload\" alt=\"Mediterranea al Cosmoprof\" src=\"data:image\/gif;base64,R0lGODlhAQABAAAAACH5BAEKAAEALAAAAAABAAEAAAICTAEAOw==\" data-src=\"https:\/\/www.loscrigno.it\/beautycase\/wp-content\/uploads\/2014\/04\/MediterraneaCosmoprof-600x400.jpg\" width=\"600\" height=\"400\" data-sizes=\"auto\" data-srcset=\"https:\/\/www.loscrigno.it\/beautycase\/wp-content\/uploads\/2014\/04\/MediterraneaCosmoprof-600x400.jpg 600w, https:\/\/www.loscrigno.it\/beautycase\/wp-content\/uploads\/2014\/04\/MediterraneaCosmoprof-232x154.jpg 232w, https:\/\/www.loscrigno.it\/beautycase\/wp-content\/uploads\/2014\/04\/MediterraneaCosmoprof.jpg 1000w\" sizes=\"auto, (max-width: 600px) 100vw, 600px\" \/><\/a><figcaption id=\"caption-attachment-9864\" class=\"wp-caption-text\">Mediterranea al Cosmoprof<\/figcaption><\/figure>\n<figure id=\"attachment_9868\" aria-describedby=\"caption-attachment-9868\" style=\"width: 600px\" class=\"wp-caption aligncenter\"><a href=\"https:\/\/www.loscrigno.it\/beautycase\/wp-content\/uploads\/2014\/04\/IMG_3520.jpg\" rel=\"mfp\"><img loading=\"lazy\" decoding=\"async\" class=\"size-medium wp-image-9868 lazyload\" alt=\"Mediterranea - Terrazze d'Italia\" src=\"data:image\/gif;base64,R0lGODlhAQABAAAAACH5BAEKAAEALAAAAAABAAEAAAICTAEAOw==\" data-src=\"https:\/\/www.loscrigno.it\/beautycase\/wp-content\/uploads\/2014\/04\/IMG_3520-600x400.jpg\" width=\"600\" height=\"400\" data-sizes=\"auto\" data-srcset=\"https:\/\/www.loscrigno.it\/beautycase\/wp-content\/uploads\/2014\/04\/IMG_3520-600x400.jpg 600w, https:\/\/www.loscrigno.it\/beautycase\/wp-content\/uploads\/2014\/04\/IMG_3520-232x154.jpg 232w, https:\/\/www.loscrigno.it\/beautycase\/wp-content\/uploads\/2014\/04\/IMG_3520.jpg 1000w\" sizes=\"auto, (max-width: 600px) 100vw, 600px\" \/><\/a><figcaption id=\"caption-attachment-9868\" class=\"wp-caption-text\">Mediterranea &#8211; Terrazze d&#8217;Italia<\/figcaption><\/figure>\n<figure id=\"attachment_9867\" aria-describedby=\"caption-attachment-9867\" style=\"width: 600px\" class=\"wp-caption aligncenter\"><a href=\"https:\/\/www.loscrigno.it\/beautycase\/wp-content\/uploads\/2014\/04\/IMG_3518.jpg\" rel=\"mfp\"><img loading=\"lazy\" decoding=\"async\" class=\"size-medium wp-image-9867 lazyload\" alt=\"Mediterranea - Terrazze d'Italia\" src=\"data:image\/gif;base64,R0lGODlhAQABAAAAACH5BAEKAAEALAAAAAABAAEAAAICTAEAOw==\" data-src=\"https:\/\/www.loscrigno.it\/beautycase\/wp-content\/uploads\/2014\/04\/IMG_3518-600x899.jpg\" width=\"600\" height=\"899\" data-sizes=\"auto\" data-srcset=\"https:\/\/www.loscrigno.it\/beautycase\/wp-content\/uploads\/2014\/04\/IMG_3518-600x899.jpg 600w, https:\/\/www.loscrigno.it\/beautycase\/wp-content\/uploads\/2014\/04\/IMG_3518-166x250.jpg 166w, https:\/\/www.loscrigno.it\/beautycase\/wp-content\/uploads\/2014\/04\/IMG_3518.jpg 667w\" sizes=\"auto, (max-width: 600px) 100vw, 600px\" \/><\/a><figcaption id=\"caption-attachment-9867\" class=\"wp-caption-text\">Mediterranea &#8211; Terrazze d&#8217;Italia<\/figcaption><\/figure>\n<figure id=\"attachment_9885\" aria-describedby=\"caption-attachment-9885\" style=\"width: 600px\" class=\"wp-caption aligncenter\"><a href=\"https:\/\/www.loscrigno.it\/beautycase\/wp-content\/uploads\/2014\/04\/IMG_3529.jpg\" rel=\"mfp\"><img loading=\"lazy\" decoding=\"async\" class=\"size-medium wp-image-9885 lazyload\" alt=\"Mediterranea al Cosmoprof\" src=\"data:image\/gif;base64,R0lGODlhAQABAAAAACH5BAEKAAEALAAAAAABAAEAAAICTAEAOw==\" data-src=\"https:\/\/www.loscrigno.it\/beautycase\/wp-content\/uploads\/2014\/04\/IMG_3529-600x400.jpg\" width=\"600\" height=\"400\" data-sizes=\"auto\" data-srcset=\"https:\/\/www.loscrigno.it\/beautycase\/wp-content\/uploads\/2014\/04\/IMG_3529-600x400.jpg 600w, https:\/\/www.loscrigno.it\/beautycase\/wp-content\/uploads\/2014\/04\/IMG_3529-232x154.jpg 232w, https:\/\/www.loscrigno.it\/beautycase\/wp-content\/uploads\/2014\/04\/IMG_3529.jpg 1000w\" sizes=\"auto, (max-width: 600px) 100vw, 600px\" \/><\/a><figcaption id=\"caption-attachment-9885\" class=\"wp-caption-text\">Mediterranea al Cosmoprof<\/figcaption><\/figure>\n<figure id=\"attachment_9887\" aria-describedby=\"caption-attachment-9887\" style=\"width: 600px\" class=\"wp-caption aligncenter\"><a href=\"https:\/\/www.loscrigno.it\/beautycase\/wp-content\/uploads\/2014\/04\/IMG_3530.jpg\" rel=\"mfp\"><img loading=\"lazy\" decoding=\"async\" class=\"size-medium wp-image-9887 lazyload\" alt=\"Mediterranea al Cosmoprof\" src=\"data:image\/gif;base64,R0lGODlhAQABAAAAACH5BAEKAAEALAAAAAABAAEAAAICTAEAOw==\" data-src=\"https:\/\/www.loscrigno.it\/beautycase\/wp-content\/uploads\/2014\/04\/IMG_3530-600x400.jpg\" width=\"600\" height=\"400\" data-sizes=\"auto\" data-srcset=\"https:\/\/www.loscrigno.it\/beautycase\/wp-content\/uploads\/2014\/04\/IMG_3530-600x400.jpg 600w, https:\/\/www.loscrigno.it\/beautycase\/wp-content\/uploads\/2014\/04\/IMG_3530-232x154.jpg 232w, https:\/\/www.loscrigno.it\/beautycase\/wp-content\/uploads\/2014\/04\/IMG_3530.jpg 1000w\" sizes=\"auto, (max-width: 600px) 100vw, 600px\" \/><\/a><figcaption id=\"caption-attachment-9887\" class=\"wp-caption-text\">Mediterranea al Cosmoprof<\/figcaption><\/figure>\n<figure id=\"attachment_9893\" aria-describedby=\"caption-attachment-9893\" style=\"width: 600px\" class=\"wp-caption aligncenter\"><a href=\"https:\/\/www.loscrigno.it\/beautycase\/wp-content\/uploads\/2014\/04\/IMG_3535.jpg\" rel=\"mfp\"><img loading=\"lazy\" decoding=\"async\" class=\"size-medium wp-image-9893 lazyload\" alt=\"Mediterranea al Cosmoprof\" src=\"data:image\/gif;base64,R0lGODlhAQABAAAAACH5BAEKAAEALAAAAAABAAEAAAICTAEAOw==\" data-src=\"https:\/\/www.loscrigno.it\/beautycase\/wp-content\/uploads\/2014\/04\/IMG_3535-600x400.jpg\" width=\"600\" height=\"400\" data-sizes=\"auto\" data-srcset=\"https:\/\/www.loscrigno.it\/beautycase\/wp-content\/uploads\/2014\/04\/IMG_3535-600x400.jpg 600w, https:\/\/www.loscrigno.it\/beautycase\/wp-content\/uploads\/2014\/04\/IMG_3535-232x154.jpg 232w, https:\/\/www.loscrigno.it\/beautycase\/wp-content\/uploads\/2014\/04\/IMG_3535.jpg 1000w\" sizes=\"auto, (max-width: 600px) 100vw, 600px\" \/><\/a><figcaption id=\"caption-attachment-9893\" class=\"wp-caption-text\">Mediterranea al Cosmoprof<\/figcaption><\/figure>\n<figure id=\"attachment_9891\" aria-describedby=\"caption-attachment-9891\" style=\"width: 600px\" class=\"wp-caption aligncenter\"><a href=\"https:\/\/www.loscrigno.it\/beautycase\/wp-content\/uploads\/2014\/04\/MediterraneaCosmoprof4.jpg\" rel=\"mfp\"><img loading=\"lazy\" decoding=\"async\" class=\"size-medium wp-image-9891 lazyload\" alt=\"Mediterranea al Cosmoprof\" src=\"data:image\/gif;base64,R0lGODlhAQABAAAAACH5BAEKAAEALAAAAAABAAEAAAICTAEAOw==\" data-src=\"https:\/\/www.loscrigno.it\/beautycase\/wp-content\/uploads\/2014\/04\/MediterraneaCosmoprof4-600x877.jpg\" width=\"600\" height=\"877\" data-sizes=\"auto\" data-srcset=\"https:\/\/www.loscrigno.it\/beautycase\/wp-content\/uploads\/2014\/04\/MediterraneaCosmoprof4-600x877.jpg 600w, https:\/\/www.loscrigno.it\/beautycase\/wp-content\/uploads\/2014\/04\/MediterraneaCosmoprof4-171x250.jpg 171w, https:\/\/www.loscrigno.it\/beautycase\/wp-content\/uploads\/2014\/04\/MediterraneaCosmoprof4-700x1024.jpg 700w, https:\/\/www.loscrigno.it\/beautycase\/wp-content\/uploads\/2014\/04\/MediterraneaCosmoprof4.jpg 710w\" sizes=\"auto, (max-width: 600px) 100vw, 600px\" \/><\/a><figcaption id=\"caption-attachment-9891\" class=\"wp-caption-text\">Mediterranea al Cosmoprof<\/figcaption><\/figure>\n<p>&nbsp;<\/p>\n<h2 style=\"text-align: center;\">Barex e Vitality&#8217;s<\/h2>\n<p style=\"text-align: justify;\">Avevamo ancora negli occhi l&#8217;evocativa louge realizzata dal celebre architetto Pier Luigi Pizzi, ospitante una piccola preview del museo del profumo recentemente inaugurato a Venezia, quando abbiamo raggiunto gli spazi di <span style=\"text-decoration: underline;\"><span style=\"color: #ff0000; text-decoration: underline;\"><strong><a title=\"Visita il sito ufficiale di Olio Seta\" href=\"http:\/\/www.barex.it\/\"><span style=\"color: #ff0000; text-decoration: underline;\">Barex<\/span><\/a><\/strong><\/span><\/span> e <span style=\"text-decoration: underline;\"><span style=\"color: #ff0000; text-decoration: underline;\"><strong><a title=\"Vai al sito ufficiale di Vitality's\" href=\"http:\/\/www.vitalitys.it\/\"><span style=\"color: #ff0000; text-decoration: underline;\">Vitality&#8217;s<\/span><\/a><\/strong><\/span><\/span>, brand entrambi dediti alla cura dei capelli.<\/p>\n<p style=\"text-align: justify;\">Nel primo abbiamo potuto fare la conoscenza di alcuni prodotti professionali forse poco noti in Italia, ma di incalcolabile successo oltre confine dove vengono utilizzati da professionisti di grande levatura. La linea <strong>Olio Seta del Marocco<\/strong>, ad esempio, \u00e8 di casa sui set di alcuni importanti telefilm tra i quali \u00e8 impossibile non citare Desperate Housewifes.<\/p>\n<p style=\"text-align: justify;\">Lo stand <strong>Vitality&#8217;s<\/strong>, marchio altrettanto celebre all&#8217;estero e legato ai centri benessere, ospitava un vero e proprio palco, sul quale presenziava la statuaria Flora Coquerel, Miss Francia 2014, una donna di straordinaria bellezza.<\/p>\n<p>&nbsp;<\/p>\n<figure id=\"attachment_9908\" aria-describedby=\"caption-attachment-9908\" style=\"width: 600px\" class=\"wp-caption aligncenter\"><a href=\"https:\/\/www.loscrigno.it\/beautycase\/wp-content\/uploads\/2014\/04\/MissFranceCosmoprof.jpg\" rel=\"mfp\"><img loading=\"lazy\" decoding=\"async\" class=\"size-medium wp-image-9908   lazyload\" alt=\"Vitality's - Miss France al Cosmoprof (immagine tratta dalla pagina Facebook Vitality's)\" src=\"data:image\/gif;base64,R0lGODlhAQABAAAAACH5BAEKAAEALAAAAAABAAEAAAICTAEAOw==\" data-src=\"https:\/\/www.loscrigno.it\/beautycase\/wp-content\/uploads\/2014\/04\/MissFranceCosmoprof-600x399.jpg\" width=\"600\" height=\"399\" data-sizes=\"auto\" data-srcset=\"https:\/\/www.loscrigno.it\/beautycase\/wp-content\/uploads\/2014\/04\/MissFranceCosmoprof-600x399.jpg 600w, https:\/\/www.loscrigno.it\/beautycase\/wp-content\/uploads\/2014\/04\/MissFranceCosmoprof-232x154.jpg 232w, https:\/\/www.loscrigno.it\/beautycase\/wp-content\/uploads\/2014\/04\/MissFranceCosmoprof.jpg 960w\" sizes=\"auto, (max-width: 600px) 100vw, 600px\" \/><\/a><figcaption id=\"caption-attachment-9908\" class=\"wp-caption-text\">Vitality&#8217;s &#8211; Miss France al Cosmoprof (immagine tratta dalla pagina Facebook Vitality&#8217;s)<\/figcaption><\/figure>\n<figure id=\"attachment_9912\" aria-describedby=\"caption-attachment-9912\" style=\"width: 600px\" class=\"wp-caption aligncenter\"><a href=\"https:\/\/www.loscrigno.it\/beautycase\/wp-content\/uploads\/2014\/04\/OlioSetaCosmoprof1.jpg\" rel=\"mfp\"><img loading=\"lazy\" decoding=\"async\" class=\"size-medium wp-image-9912 lazyload\" alt=\"Barex - Olio seta del Marocco\" src=\"data:image\/gif;base64,R0lGODlhAQABAAAAACH5BAEKAAEALAAAAAABAAEAAAICTAEAOw==\" data-src=\"https:\/\/www.loscrigno.it\/beautycase\/wp-content\/uploads\/2014\/04\/OlioSetaCosmoprof1-600x453.jpg\" width=\"600\" height=\"453\" data-sizes=\"auto\" data-srcset=\"https:\/\/www.loscrigno.it\/beautycase\/wp-content\/uploads\/2014\/04\/OlioSetaCosmoprof1-600x453.jpg 600w, https:\/\/www.loscrigno.it\/beautycase\/wp-content\/uploads\/2014\/04\/OlioSetaCosmoprof1-232x175.jpg 232w, https:\/\/www.loscrigno.it\/beautycase\/wp-content\/uploads\/2014\/04\/OlioSetaCosmoprof1-1024x774.jpg 1024w, https:\/\/www.loscrigno.it\/beautycase\/wp-content\/uploads\/2014\/04\/OlioSetaCosmoprof1.jpg 1984w\" sizes=\"auto, (max-width: 600px) 100vw, 600px\" \/><\/a><figcaption id=\"caption-attachment-9912\" class=\"wp-caption-text\">Barex &#8211; Olio seta del Marocco<\/figcaption><\/figure>\n<figure id=\"attachment_9910\" aria-describedby=\"caption-attachment-9910\" style=\"width: 600px\" class=\"wp-caption aligncenter\"><a href=\"https:\/\/www.loscrigno.it\/beautycase\/wp-content\/uploads\/2014\/04\/OlioSetaCosmoprof01.jpg\" rel=\"mfp\"><img loading=\"lazy\" decoding=\"async\" class=\"size-medium wp-image-9910 lazyload\" alt=\"Barex - Olio seta del Marocco\" src=\"data:image\/gif;base64,R0lGODlhAQABAAAAACH5BAEKAAEALAAAAAABAAEAAAICTAEAOw==\" data-src=\"https:\/\/www.loscrigno.it\/beautycase\/wp-content\/uploads\/2014\/04\/OlioSetaCosmoprof01-600x400.jpg\" width=\"600\" height=\"400\" data-sizes=\"auto\" data-srcset=\"https:\/\/www.loscrigno.it\/beautycase\/wp-content\/uploads\/2014\/04\/OlioSetaCosmoprof01-600x400.jpg 600w, https:\/\/www.loscrigno.it\/beautycase\/wp-content\/uploads\/2014\/04\/OlioSetaCosmoprof01-232x154.jpg 232w, https:\/\/www.loscrigno.it\/beautycase\/wp-content\/uploads\/2014\/04\/OlioSetaCosmoprof01.jpg 883w\" sizes=\"auto, (max-width: 600px) 100vw, 600px\" \/><\/a><figcaption id=\"caption-attachment-9910\" class=\"wp-caption-text\">Barex &#8211; Olio seta del Marocco<\/figcaption><\/figure>\n<p>&nbsp;<\/p>\n<h2 style=\"text-align: center;\">\u00a0Bioline Jat\u00f2<\/h2>\n<p style=\"text-align: justify;\">Avevo avuto modo di visitare il candido stand <span style=\"text-decoration: underline;\"><strong><span style=\"color: #ff0000; text-decoration: underline;\"><a title=\"Scopri i prodotti Bioline\" href=\"http:\/\/www.bioline-jato.com\/\"><span style=\"color: #ff0000; text-decoration: underline;\">Bioline Jat\u00f2<\/span><\/a><\/span><\/strong><\/span> nella giornata di venerd\u00ec, innamorandomi, grazie a <strong>Chiara<\/strong> e <strong>Daniela<\/strong>, dei profumi e delle texture di una serie di prodotti che sembrano poter soddisfare le esigenze non solo delle donne pi\u00f9 giovani, ma anche di quelle pi\u00f9 mature.<\/p>\n<p style=\"text-align: justify;\">Il mio entusiasmo \u00e8 cresciuto domenica, quando ho avuto la fortuna di ascoltate il racconto della fondazione dell&#8217;azienda dalla viva voce della sua creatrice: <strong>Clara Macchiella Corradini<\/strong>. Come vi ho gia accennato nel mio ultimo <strong><a title=\"Guarda il video su Youtube\" href=\"https:\/\/www.youtube.com\/watch?v=XDd8EUNKHWk\">video sul Cosmoprof<\/a><\/strong>, l&#8217;impresa \u00e8 nata quasi per caso e si \u00e8 sviluppata facendo convivere una gestione familiare, una grande fierezza per le origini trentine ed un forte spirito internazionalista, in virt\u00f9 del quale l&#8217;allora neonata <strong>Bioline Jat\u00f2<\/strong> ha immediatamente tentato -e vinto- l&#8217;avventura dei mercati esteri.<\/p>\n<p style=\"text-align: justify;\">Potete essere certi che mi sentirete parlare ancora di loro e dei loro prodotti. Qualcuno ha detto review in arrivo?<\/p>\n<p>&nbsp;<\/p>\n<figure id=\"attachment_9922\" aria-describedby=\"caption-attachment-9922\" style=\"width: 600px\" class=\"wp-caption aligncenter\"><a href=\"https:\/\/www.loscrigno.it\/beautycase\/wp-content\/uploads\/2014\/04\/IMG_3292.jpg\" rel=\"mfp\"><img loading=\"lazy\" decoding=\"async\" class=\"size-medium wp-image-9922 lazyload\" alt=\"Bioline Jat\u00f2 - Cosmoprof Bologna\" src=\"data:image\/gif;base64,R0lGODlhAQABAAAAACH5BAEKAAEALAAAAAABAAEAAAICTAEAOw==\" data-src=\"https:\/\/www.loscrigno.it\/beautycase\/wp-content\/uploads\/2014\/04\/IMG_3292-600x400.jpg\" width=\"600\" height=\"400\" data-sizes=\"auto\" data-srcset=\"https:\/\/www.loscrigno.it\/beautycase\/wp-content\/uploads\/2014\/04\/IMG_3292-600x400.jpg 600w, https:\/\/www.loscrigno.it\/beautycase\/wp-content\/uploads\/2014\/04\/IMG_3292-232x154.jpg 232w, https:\/\/www.loscrigno.it\/beautycase\/wp-content\/uploads\/2014\/04\/IMG_3292.jpg 1000w\" sizes=\"auto, (max-width: 600px) 100vw, 600px\" \/><\/a><figcaption id=\"caption-attachment-9922\" class=\"wp-caption-text\">Bioline Jat\u00f2 &#8211; Cosmoprof Bologna<\/figcaption><\/figure>\n<figure id=\"attachment_9917\" aria-describedby=\"caption-attachment-9917\" style=\"width: 600px\" class=\"wp-caption aligncenter\"><a href=\"https:\/\/www.loscrigno.it\/beautycase\/wp-content\/uploads\/2014\/04\/IMG_3556.jpg\" rel=\"mfp\"><img loading=\"lazy\" decoding=\"async\" class=\"size-medium wp-image-9917 lazyload\" alt=\"Bioline Jat\u00f2 - Cosmoprof Bologna\" src=\"data:image\/gif;base64,R0lGODlhAQABAAAAACH5BAEKAAEALAAAAAABAAEAAAICTAEAOw==\" data-src=\"https:\/\/www.loscrigno.it\/beautycase\/wp-content\/uploads\/2014\/04\/IMG_3556-600x400.jpg\" width=\"600\" height=\"400\" data-sizes=\"auto\" data-srcset=\"https:\/\/www.loscrigno.it\/beautycase\/wp-content\/uploads\/2014\/04\/IMG_3556-600x400.jpg 600w, https:\/\/www.loscrigno.it\/beautycase\/wp-content\/uploads\/2014\/04\/IMG_3556-232x154.jpg 232w, https:\/\/www.loscrigno.it\/beautycase\/wp-content\/uploads\/2014\/04\/IMG_3556.jpg 1000w\" sizes=\"auto, (max-width: 600px) 100vw, 600px\" \/><\/a><figcaption id=\"caption-attachment-9917\" class=\"wp-caption-text\">Bioline Jat\u00f2 &#8211; Cosmoprof Bologna<\/figcaption><\/figure>\n<figure id=\"attachment_9920\" aria-describedby=\"caption-attachment-9920\" style=\"width: 600px\" class=\"wp-caption aligncenter\"><a href=\"https:\/\/www.loscrigno.it\/beautycase\/wp-content\/uploads\/2014\/04\/BiolineCosmoprof.jpg\" rel=\"mfp\"><img loading=\"lazy\" decoding=\"async\" class=\"size-medium wp-image-9920 lazyload\" alt=\"Bioline Jat\u00f2 - Cosmoprof Bologna\" src=\"data:image\/gif;base64,R0lGODlhAQABAAAAACH5BAEKAAEALAAAAAABAAEAAAICTAEAOw==\" data-src=\"https:\/\/www.loscrigno.it\/beautycase\/wp-content\/uploads\/2014\/04\/BiolineCosmoprof-600x471.jpg\" width=\"600\" height=\"471\" data-sizes=\"auto\" data-srcset=\"https:\/\/www.loscrigno.it\/beautycase\/wp-content\/uploads\/2014\/04\/BiolineCosmoprof-600x471.jpg 600w, https:\/\/www.loscrigno.it\/beautycase\/wp-content\/uploads\/2014\/04\/BiolineCosmoprof-232x182.jpg 232w, https:\/\/www.loscrigno.it\/beautycase\/wp-content\/uploads\/2014\/04\/BiolineCosmoprof-1024x804.jpg 1024w, https:\/\/www.loscrigno.it\/beautycase\/wp-content\/uploads\/2014\/04\/BiolineCosmoprof.jpg 1909w\" sizes=\"auto, (max-width: 600px) 100vw, 600px\" \/><\/a><figcaption id=\"caption-attachment-9920\" class=\"wp-caption-text\">Bioline Jat\u00f2 &#8211; Cosmoprof Bologna<\/figcaption><\/figure>\n<figure id=\"attachment_9919\" aria-describedby=\"caption-attachment-9919\" style=\"width: 600px\" class=\"wp-caption aligncenter\"><a href=\"https:\/\/www.loscrigno.it\/beautycase\/wp-content\/uploads\/2014\/04\/IMG_3558.jpg\" rel=\"mfp\"><img loading=\"lazy\" decoding=\"async\" class=\"size-medium wp-image-9919 lazyload\" alt=\"Bioline Jat\u00f2 - Cosmoprof Bologna\" src=\"data:image\/gif;base64,R0lGODlhAQABAAAAACH5BAEKAAEALAAAAAABAAEAAAICTAEAOw==\" data-src=\"https:\/\/www.loscrigno.it\/beautycase\/wp-content\/uploads\/2014\/04\/IMG_3558-600x400.jpg\" width=\"600\" height=\"400\" data-sizes=\"auto\" data-srcset=\"https:\/\/www.loscrigno.it\/beautycase\/wp-content\/uploads\/2014\/04\/IMG_3558-600x400.jpg 600w, https:\/\/www.loscrigno.it\/beautycase\/wp-content\/uploads\/2014\/04\/IMG_3558-232x154.jpg 232w, https:\/\/www.loscrigno.it\/beautycase\/wp-content\/uploads\/2014\/04\/IMG_3558.jpg 1000w\" sizes=\"auto, (max-width: 600px) 100vw, 600px\" \/><\/a><figcaption id=\"caption-attachment-9919\" class=\"wp-caption-text\">Bioline Jat\u00f2 &#8211; Cosmoprof Bologna<\/figcaption><\/figure>\n<p>&nbsp;<\/p>\n<h2 style=\"text-align: center;\">\u00a0[Comfort Zone]<\/h2>\n<p style=\"text-align: justify;\">Nello splendido spazio di <span style=\"text-decoration: underline;\"><span style=\"color: #ff0000; text-decoration: underline;\"><strong><a title=\"Vai al sito ufficiale di Comfort Zone\" href=\"http:\/\/www.comfortzone.it\/it\"><span style=\"color: #ff0000; text-decoration: underline;\">[Comfort Zone]<\/span><\/a><\/strong><\/span><\/span>, che richiama nella struttura una raffinatissima serra, incontramo <strong>Davide Manzoni<\/strong>, direttore commerciale del brand. E&#8217; lui ad accompagnarci alla scoperta dell&#8217;approccio olistico con il quale il marchio affronta le problematiche legate alla bellezza: la cosmesi \u00e8 utile, ma non \u00e8 sufficiente a mantenerci in forma ed in salute se non \u00e8 abbinata ad esercizio fisico ed a un&#8217;alimentazione appropriata. Confesso di essermi sentita come una bambina di prima elementare che non ha fatto i compiti: la verit\u00e0 di quanto appena espresso \u00e8 infatti evidente, ma ammetto di essere tra coloro che faticano a seguire con costanza questi buoni precetti.<\/p>\n<p style=\"text-align: justify;\">Altro concetto inedito \u00e8 quello della <strong>cronocosmesi<\/strong>. Il corpo, macchina complessa, reagisce in modo differente agli attivi che applichiamo, all&#8217;esercizio fisico che svolgiamo ed agli alimenti che mangiamo a seconda del momento della giornata in cui collochiamo tali attivit\u00e0. Come districarci tra tutte queste complesse variabili? Attraverso una simpatica doppia ruota, vera e propria bibbia dello Skin Regimen proposto da [Comfort Zone]. Accennato su <strong><a title=\"Visita la pagina Facebook di Beauty Case\" href=\"https:\/\/www.facebook.com\/BeautyCaseBlog\">Facebook<\/a><\/strong>, l&#8217;argomento ha suscitato non poca curisiot\u00e0 e si \u00e8 meritato un articolo completamente dedicato: restate sintonizzate su questo blog.<\/p>\n<figure id=\"attachment_9929\" aria-describedby=\"caption-attachment-9929\" style=\"width: 600px\" class=\"wp-caption aligncenter\"><a href=\"https:\/\/www.loscrigno.it\/beautycase\/wp-content\/uploads\/2014\/04\/IMG_3572.jpg\" rel=\"mfp\"><img loading=\"lazy\" decoding=\"async\" class=\"size-medium wp-image-9929 lazyload\" alt=\"[Comfort zone] - Cosmetica Italia al Cosmoprof\" src=\"data:image\/gif;base64,R0lGODlhAQABAAAAACH5BAEKAAEALAAAAAABAAEAAAICTAEAOw==\" data-src=\"https:\/\/www.loscrigno.it\/beautycase\/wp-content\/uploads\/2014\/04\/IMG_3572-600x400.jpg\" width=\"600\" height=\"400\" data-sizes=\"auto\" data-srcset=\"https:\/\/www.loscrigno.it\/beautycase\/wp-content\/uploads\/2014\/04\/IMG_3572-600x400.jpg 600w, https:\/\/www.loscrigno.it\/beautycase\/wp-content\/uploads\/2014\/04\/IMG_3572-232x154.jpg 232w, https:\/\/www.loscrigno.it\/beautycase\/wp-content\/uploads\/2014\/04\/IMG_3572.jpg 1000w\" sizes=\"auto, (max-width: 600px) 100vw, 600px\" \/><\/a><figcaption id=\"caption-attachment-9929\" class=\"wp-caption-text\">[Comfort zone] &#8211; Cosmetica Italia al Cosmoprof<\/figcaption><\/figure><figure id=\"attachment_9930\" aria-describedby=\"caption-attachment-9930\" style=\"width: 600px\" class=\"wp-caption aligncenter\"><a href=\"https:\/\/www.loscrigno.it\/beautycase\/wp-content\/uploads\/2014\/04\/IMG_3560.jpg\" rel=\"mfp\"><img loading=\"lazy\" decoding=\"async\" class=\"size-medium wp-image-9930 lazyload\" alt=\"[Comfort zone] - Cosmetica Italia al Cosmoprof\" src=\"data:image\/gif;base64,R0lGODlhAQABAAAAACH5BAEKAAEALAAAAAABAAEAAAICTAEAOw==\" data-src=\"https:\/\/www.loscrigno.it\/beautycase\/wp-content\/uploads\/2014\/04\/IMG_3560-600x400.jpg\" width=\"600\" height=\"400\" data-sizes=\"auto\" data-srcset=\"https:\/\/www.loscrigno.it\/beautycase\/wp-content\/uploads\/2014\/04\/IMG_3560-600x400.jpg 600w, https:\/\/www.loscrigno.it\/beautycase\/wp-content\/uploads\/2014\/04\/IMG_3560-232x154.jpg 232w, https:\/\/www.loscrigno.it\/beautycase\/wp-content\/uploads\/2014\/04\/IMG_3560.jpg 1000w\" sizes=\"auto, (max-width: 600px) 100vw, 600px\" \/><\/a><figcaption id=\"caption-attachment-9930\" class=\"wp-caption-text\">[Comfort zone] &#8211; Cosmetica Italia al Cosmoprof<\/figcaption><\/figure><figure id=\"attachment_9928\" aria-describedby=\"caption-attachment-9928\" style=\"width: 600px\" class=\"wp-caption aligncenter\"><a href=\"https:\/\/www.loscrigno.it\/beautycase\/wp-content\/uploads\/2014\/04\/IMG_3566.jpg\" rel=\"mfp\"><img loading=\"lazy\" decoding=\"async\" class=\"size-medium wp-image-9928 lazyload\" alt=\"[Comfort zone] - Cosmetica Italia al Cosmoprof\" src=\"data:image\/gif;base64,R0lGODlhAQABAAAAACH5BAEKAAEALAAAAAABAAEAAAICTAEAOw==\" data-src=\"https:\/\/www.loscrigno.it\/beautycase\/wp-content\/uploads\/2014\/04\/IMG_3566-600x400.jpg\" width=\"600\" height=\"400\" data-sizes=\"auto\" data-srcset=\"https:\/\/www.loscrigno.it\/beautycase\/wp-content\/uploads\/2014\/04\/IMG_3566-600x400.jpg 600w, https:\/\/www.loscrigno.it\/beautycase\/wp-content\/uploads\/2014\/04\/IMG_3566-232x154.jpg 232w, https:\/\/www.loscrigno.it\/beautycase\/wp-content\/uploads\/2014\/04\/IMG_3566.jpg 1000w\" sizes=\"auto, (max-width: 600px) 100vw, 600px\" \/><\/a><figcaption id=\"caption-attachment-9928\" class=\"wp-caption-text\">[Comfort zone] &#8211; Cosmetica Italia al Cosmoprof<\/figcaption><\/figure><figure id=\"attachment_9935\" aria-describedby=\"caption-attachment-9935\" style=\"width: 600px\" class=\"wp-caption aligncenter\"><a href=\"https:\/\/www.loscrigno.it\/beautycase\/wp-content\/uploads\/2014\/04\/IMG_3564.jpg\" rel=\"mfp\"><img loading=\"lazy\" decoding=\"async\" class=\"size-medium wp-image-9935 lazyload\" alt=\"[Comfort zone] - Cosmetica Italia al Cosmoprof\" src=\"data:image\/gif;base64,R0lGODlhAQABAAAAACH5BAEKAAEALAAAAAABAAEAAAICTAEAOw==\" data-src=\"https:\/\/www.loscrigno.it\/beautycase\/wp-content\/uploads\/2014\/04\/IMG_3564-600x400.jpg\" width=\"600\" height=\"400\" data-sizes=\"auto\" data-srcset=\"https:\/\/www.loscrigno.it\/beautycase\/wp-content\/uploads\/2014\/04\/IMG_3564-600x400.jpg 600w, https:\/\/www.loscrigno.it\/beautycase\/wp-content\/uploads\/2014\/04\/IMG_3564-232x154.jpg 232w, https:\/\/www.loscrigno.it\/beautycase\/wp-content\/uploads\/2014\/04\/IMG_3564.jpg 1000w\" sizes=\"auto, (max-width: 600px) 100vw, 600px\" \/><\/a><figcaption id=\"caption-attachment-9935\" class=\"wp-caption-text\">[Comfort zone] &#8211; Cosmetica Italia al Cosmoprof<\/figcaption><\/figure><figure id=\"attachment_9927\" aria-describedby=\"caption-attachment-9927\" style=\"width: 600px\" class=\"wp-caption aligncenter\"><a href=\"https:\/\/www.loscrigno.it\/beautycase\/wp-content\/uploads\/2014\/04\/IMG_3561.jpg\" rel=\"mfp\"><img loading=\"lazy\" decoding=\"async\" class=\"size-medium wp-image-9927 lazyload\" alt=\"[Comfort zone] - Cosmetica Italia al Cosmoprof\" src=\"data:image\/gif;base64,R0lGODlhAQABAAAAACH5BAEKAAEALAAAAAABAAEAAAICTAEAOw==\" data-src=\"https:\/\/www.loscrigno.it\/beautycase\/wp-content\/uploads\/2014\/04\/IMG_3561-600x400.jpg\" width=\"600\" height=\"400\" data-sizes=\"auto\" data-srcset=\"https:\/\/www.loscrigno.it\/beautycase\/wp-content\/uploads\/2014\/04\/IMG_3561-600x400.jpg 600w, https:\/\/www.loscrigno.it\/beautycase\/wp-content\/uploads\/2014\/04\/IMG_3561-232x154.jpg 232w, https:\/\/www.loscrigno.it\/beautycase\/wp-content\/uploads\/2014\/04\/IMG_3561.jpg 1000w\" sizes=\"auto, (max-width: 600px) 100vw, 600px\" \/><\/a><figcaption id=\"caption-attachment-9927\" class=\"wp-caption-text\">[Comfort zone] &#8211; Cosmetica Italia al Cosmoprof<\/figcaption><\/figure>&nbsp;<\/p>\n<h2 style=\"text-align: center;\">\u00a0OPI<\/h2>\n<p>Il tour di <strong>Cosmetica Italia al Cosmoprof<\/strong> termina nel padiglione smalti, dove ci attende la gentilissima <strong>Valentina<\/strong>. Grazie a lei scopriamo alcune delle novit\u00e0 che ci aspettano nei prossimi mesi, entusiasmandoci per gli importanti sodalizi creativi che il brand \u00e8 riuscito a stringere con alcuni grandi colossi del settore cinematografico e&#8230; alimentare. Ebbene s\u00ec: <span style=\"text-decoration: underline;\"><span style=\"color: #ff0000;\"><strong><a title=\"Visita lo shop on line di OPI Italia\" href=\"http:\/\/www.opishop.net\/\"><span style=\"color: #ff0000; text-decoration: underline;\">OPI<\/span><\/a><\/strong><\/span><\/span> sta per proporre una collezione particolarissima, creata in <strong>partnership con <span style=\"color: #ff0000;\">Coca-Cola<\/span><\/strong>. Il mio colore preferito? Quello ispirato alle bollicine della famosa bevanda!<\/p>\n<p>Deliziosa anche la collezione ispirata ai <span style=\"color: #ff0000;\"><strong>Muppets<\/strong><\/span>, una vera e propria esplosione di luce! E se i glitter vi terrorizzano tanto quanto fanno con me, niente paura: \u00e8 in arrivo una speciale base peel off che mander\u00e0 in pensione il solvente per unghie e permetter\u00e0 una rimozione facile e veloce.<\/p>\n<p>Grande curiosit\u00e0 ha inoltre suscitato il quartetto di <span style=\"color: #ff0000;\"><strong>Top Coat Sheer Tints<\/strong><\/span>: un vero e proprio invito alla creativit\u00e0. Le appassionate di nail art potranno infatti utilizzarli da soli, in abbinamento ad un altro smalto per farne virare il colore, e come tocco di allegria su una french manicure altrimenti anonima.<\/p>\n<p>Ci\u00f2 che qui ho appena accennato sar\u00e0 protagonista di articoli specifici, dovrete solo contenere fino ad allora la vostra curiosit\u00e0: riuscirete nell&#8217;impresa? Io avrei serie difficolt\u00e0.<\/p>\n<p>&nbsp;<\/p>\n<figure id=\"attachment_9940\" aria-describedby=\"caption-attachment-9940\" style=\"width: 600px\" class=\"wp-caption aligncenter\"><a href=\"https:\/\/www.loscrigno.it\/beautycase\/wp-content\/uploads\/2014\/04\/IMG_3582.jpg\" rel=\"mfp\"><img loading=\"lazy\" decoding=\"async\" class=\"size-medium wp-image-9940 lazyload\" alt=\"OPI al cosmoprof: tutte le novit\u00e0!\" src=\"data:image\/gif;base64,R0lGODlhAQABAAAAACH5BAEKAAEALAAAAAABAAEAAAICTAEAOw==\" data-src=\"https:\/\/www.loscrigno.it\/beautycase\/wp-content\/uploads\/2014\/04\/IMG_3582-600x400.jpg\" width=\"600\" height=\"400\" data-sizes=\"auto\" data-srcset=\"https:\/\/www.loscrigno.it\/beautycase\/wp-content\/uploads\/2014\/04\/IMG_3582-600x400.jpg 600w, https:\/\/www.loscrigno.it\/beautycase\/wp-content\/uploads\/2014\/04\/IMG_3582-232x154.jpg 232w, https:\/\/www.loscrigno.it\/beautycase\/wp-content\/uploads\/2014\/04\/IMG_3582.jpg 1000w\" sizes=\"auto, (max-width: 600px) 100vw, 600px\" \/><\/a><figcaption id=\"caption-attachment-9940\" class=\"wp-caption-text\">OPI al cosmoprof: tutte le novit\u00e0!<\/figcaption><\/figure>\n<figure id=\"attachment_9953\" aria-describedby=\"caption-attachment-9953\" style=\"width: 600px\" class=\"wp-caption aligncenter\"><a href=\"https:\/\/www.loscrigno.it\/beautycase\/wp-content\/uploads\/2014\/04\/OPICosmoprof04.jpg\" rel=\"mfp\"><img loading=\"lazy\" decoding=\"async\" class=\"size-medium wp-image-9953 lazyload\" alt=\"OPI &amp; Coca Cola\" src=\"data:image\/gif;base64,R0lGODlhAQABAAAAACH5BAEKAAEALAAAAAABAAEAAAICTAEAOw==\" data-src=\"https:\/\/www.loscrigno.it\/beautycase\/wp-content\/uploads\/2014\/04\/OPICosmoprof04-600x400.jpg\" width=\"600\" height=\"400\" data-sizes=\"auto\" data-srcset=\"https:\/\/www.loscrigno.it\/beautycase\/wp-content\/uploads\/2014\/04\/OPICosmoprof04-600x400.jpg 600w, https:\/\/www.loscrigno.it\/beautycase\/wp-content\/uploads\/2014\/04\/OPICosmoprof04-232x154.jpg 232w, https:\/\/www.loscrigno.it\/beautycase\/wp-content\/uploads\/2014\/04\/OPICosmoprof04.jpg 1000w\" sizes=\"auto, (max-width: 600px) 100vw, 600px\" \/><\/a><figcaption id=\"caption-attachment-9953\" class=\"wp-caption-text\">OPI &amp; Coca Cola<\/figcaption><\/figure>\n<figure id=\"attachment_9949\" aria-describedby=\"caption-attachment-9949\" style=\"width: 600px\" class=\"wp-caption aligncenter\"><a href=\"https:\/\/www.loscrigno.it\/beautycase\/wp-content\/uploads\/2014\/04\/OPICosmoprof021.jpg\" rel=\"mfp\"><img loading=\"lazy\" decoding=\"async\" class=\"size-medium wp-image-9949 lazyload\" alt=\"OPI Sheer Top Coat\" src=\"data:image\/gif;base64,R0lGODlhAQABAAAAACH5BAEKAAEALAAAAAABAAEAAAICTAEAOw==\" data-src=\"https:\/\/www.loscrigno.it\/beautycase\/wp-content\/uploads\/2014\/04\/OPICosmoprof021-600x357.jpg\" width=\"600\" height=\"357\" data-sizes=\"auto\" data-srcset=\"https:\/\/www.loscrigno.it\/beautycase\/wp-content\/uploads\/2014\/04\/OPICosmoprof021-600x357.jpg 600w, https:\/\/www.loscrigno.it\/beautycase\/wp-content\/uploads\/2014\/04\/OPICosmoprof021-232x138.jpg 232w, https:\/\/www.loscrigno.it\/beautycase\/wp-content\/uploads\/2014\/04\/OPICosmoprof021.jpg 919w\" sizes=\"auto, (max-width: 600px) 100vw, 600px\" \/><\/a><figcaption id=\"caption-attachment-9949\" class=\"wp-caption-text\">OPI Sheer Top Coat<\/figcaption><\/figure>\n<figure id=\"attachment_9946\" aria-describedby=\"caption-attachment-9946\" style=\"width: 600px\" class=\"wp-caption aligncenter\"><a href=\"https:\/\/www.loscrigno.it\/beautycase\/wp-content\/uploads\/2014\/04\/OPICosmoprof.jpg\" rel=\"mfp\"><img loading=\"lazy\" decoding=\"async\" class=\"size-medium wp-image-9946 lazyload\" alt=\"OPI Sheer Top Coat\" src=\"data:image\/gif;base64,R0lGODlhAQABAAAAACH5BAEKAAEALAAAAAABAAEAAAICTAEAOw==\" data-src=\"https:\/\/www.loscrigno.it\/beautycase\/wp-content\/uploads\/2014\/04\/OPICosmoprof-600x400.jpg\" width=\"600\" height=\"400\" data-sizes=\"auto\" data-srcset=\"https:\/\/www.loscrigno.it\/beautycase\/wp-content\/uploads\/2014\/04\/OPICosmoprof-600x400.jpg 600w, https:\/\/www.loscrigno.it\/beautycase\/wp-content\/uploads\/2014\/04\/OPICosmoprof-232x154.jpg 232w, https:\/\/www.loscrigno.it\/beautycase\/wp-content\/uploads\/2014\/04\/OPICosmoprof.jpg 1000w\" sizes=\"auto, (max-width: 600px) 100vw, 600px\" \/><\/a><figcaption id=\"caption-attachment-9946\" class=\"wp-caption-text\">OPI Sheer Top Coat<\/figcaption><\/figure>\n<figure id=\"attachment_9951\" aria-describedby=\"caption-attachment-9951\" style=\"width: 600px\" class=\"wp-caption aligncenter\"><a href=\"https:\/\/www.loscrigno.it\/beautycase\/wp-content\/uploads\/2014\/04\/OPICosmoprof03.jpg\" rel=\"mfp\"><img loading=\"lazy\" decoding=\"async\" class=\"size-medium wp-image-9951 lazyload\" alt=\"OPI - collezioni Muppets e Gwen Stefani\" src=\"data:image\/gif;base64,R0lGODlhAQABAAAAACH5BAEKAAEALAAAAAABAAEAAAICTAEAOw==\" data-src=\"https:\/\/www.loscrigno.it\/beautycase\/wp-content\/uploads\/2014\/04\/OPICosmoprof03-600x262.jpg\" width=\"600\" height=\"262\" data-sizes=\"auto\" data-srcset=\"https:\/\/www.loscrigno.it\/beautycase\/wp-content\/uploads\/2014\/04\/OPICosmoprof03-600x262.jpg 600w, https:\/\/www.loscrigno.it\/beautycase\/wp-content\/uploads\/2014\/04\/OPICosmoprof03-232x101.jpg 232w, https:\/\/www.loscrigno.it\/beautycase\/wp-content\/uploads\/2014\/04\/OPICosmoprof03-1024x448.jpg 1024w, https:\/\/www.loscrigno.it\/beautycase\/wp-content\/uploads\/2014\/04\/OPICosmoprof03.jpg 1524w\" sizes=\"auto, (max-width: 600px) 100vw, 600px\" \/><\/a><figcaption id=\"caption-attachment-9951\" class=\"wp-caption-text\">OPI &#8211; collezioni Muppets e Gwen Stefani<\/figcaption><\/figure>\n<p>&nbsp;<\/p>\n<p>La cronaca di questa splendida giornata all&#8217;insegna della <strong>bellezza made in Italy<\/strong> si conclude qui, ma il bagaglio di conoscenze e di informazioni che gli espositori hanno voluto condividere con noi torneranno prestissimo alla ribalta: poter guardare con gli occhi di un produttore, scoprendo cosa si cela alle spalle di quelle boccettine colorate che tanto ci fanno sognare, \u00e8 stata un&#8217;esperienza preziosa ed interessante. <span style=\"color: #ff0000;\"><strong>Ringrazio sentitamente Cosmetica Italia<\/strong> <\/span>per avermi offerto questa possibilit\u00e0, che spero di poter ripetere presto, e tutte le ragazze che hanno vestito con me i panni di Alice nel Paese delle Meraviglie, lasciandosi incantare da questo universo parallelo fatto di bellezza e creativit\u00e0.<\/p>\n<p>&nbsp;<\/p>\n<figure id=\"attachment_9962\" aria-describedby=\"caption-attachment-9962\" style=\"width: 600px\" class=\"wp-caption aligncenter\"><a href=\"https:\/\/www.loscrigno.it\/beautycase\/wp-content\/uploads\/2014\/04\/Cosmoprof-gruppo.jpg\" rel=\"mfp\"><img loading=\"lazy\" decoding=\"async\" class=\"size-medium wp-image-9962 lazyload\" alt=\"Cosmetica Italia al Cosmoprof: le blogger presenti\" src=\"data:image\/gif;base64,R0lGODlhAQABAAAAACH5BAEKAAEALAAAAAABAAEAAAICTAEAOw==\" data-src=\"https:\/\/www.loscrigno.it\/beautycase\/wp-content\/uploads\/2014\/04\/Cosmoprof-gruppo-600x400.jpg\" width=\"600\" height=\"400\" data-sizes=\"auto\" data-srcset=\"https:\/\/www.loscrigno.it\/beautycase\/wp-content\/uploads\/2014\/04\/Cosmoprof-gruppo-600x400.jpg 600w, https:\/\/www.loscrigno.it\/beautycase\/wp-content\/uploads\/2014\/04\/Cosmoprof-gruppo-232x154.jpg 232w, https:\/\/www.loscrigno.it\/beautycase\/wp-content\/uploads\/2014\/04\/Cosmoprof-gruppo.jpg 1000w\" sizes=\"auto, (max-width: 600px) 100vw, 600px\" \/><\/a><figcaption id=\"caption-attachment-9962\" class=\"wp-caption-text\">Cosmetica Italia al Cosmoprof: le blogger presenti<\/figcaption><\/figure>\n","protected":false},"excerpt":{"rendered":"<p>Domenica \u00e8 stato un giorno veramente speciale. Non solo ho potuto trascorrere una seconda giornata tra gli affollatissimi padiglioni di Cosmoprof Bologna, ma ho anche avuto due guide d&#8217;eccezione: le deliziose Valentina e Benedetta di Cosmetica Italia, associazione di rappresentanza delle imprese cosmetiche italiane, di cui sono stata ospite. Sotto un sole caldo e sorridente&hellip;<\/p>\n","protected":false},"author":1,"featured_media":9848,"comment_status":"open","ping_status":"open","sticky":false,"template":"","format":"standard","meta":{"footnotes":""},"categories":[26,1196,43,659,27,28,1189],"tags":[],"thb-sponsors":[],"class_list":["post-9845","post","type-post","status-publish","format-standard","has-post-thumbnail","hentry","category-hair-care","category-lusso","category-make-up","category-profumi","category-skin-care","category-unghie","category-video-youtube"],"featured_image_src":"https:\/\/www.loscrigno.it\/beautycase\/wp-content\/uploads\/2014\/04\/IMG_3498.jpg","author_info":{"display_name":"Marica","author_link":"https:\/\/www.loscrigno.it\/beautycase\/index.php\/author\/verdiana\/"},"yoast_head":"<!-- This site is optimized with the Yoast SEO plugin v27.4 - https:\/\/yoast.com\/product\/yoast-seo-wordpress\/ -->\r\n<title>Al Cosmoprof con Cosmetica Italia: la bellezza \u00e8 made in Italy -<\/title>\r\n<meta name=\"description\" content=\"Al Cosmoprof con Cosmetica Italia: cronaca di una giornata all&#039;insegna della bellezza made in Italy. Siete pronte a scoprire tutte novit\u00e0 cosmetiche in ...\" \/>\r\n<meta name=\"robots\" content=\"index, follow, max-snippet:-1, max-image-preview:large, max-video-preview:-1\" \/>\r\n<link rel=\"canonical\" href=\"https:\/\/www.loscrigno.it\/beautycase\/index.php\/cosmoprof-cosmetica-italia\/\" \/>\r\n<meta name=\"twitter:card\" content=\"summary_large_image\" \/>\r\n<meta name=\"twitter:title\" content=\"Al Cosmoprof con Cosmetica Italia: la bellezza \u00e8 made in Italy -\" \/>\r\n<meta name=\"twitter:description\" content=\"Al Cosmoprof con Cosmetica Italia: cronaca di una giornata all&#039;insegna della bellezza made in Italy. Siete pronte a scoprire tutte novit\u00e0 cosmetiche in ...\" \/>\r\n<meta name=\"twitter:image\" content=\"https:\/\/www.loscrigno.it\/beautycase\/wp-content\/uploads\/2014\/04\/IMG_3498.jpg\" \/>\r\n<meta name=\"twitter:creator\" content=\"@http:\/\/www.twitter.com\/beautycaseblog\" \/>\r\n<meta name=\"twitter:label1\" content=\"Scritto da\" \/>\n\t<meta name=\"twitter:data1\" content=\"Marica\" \/>\n\t<meta name=\"twitter:label2\" content=\"Tempo di lettura stimato\" \/>\n\t<meta name=\"twitter:data2\" content=\"8 minuti\" \/>\r\n<script type=\"application\/ld+json\" class=\"yoast-schema-graph\">{\"@context\":\"https:\\\/\\\/schema.org\",\"@graph\":[{\"@type\":\"Article\",\"@id\":\"https:\\\/\\\/www.loscrigno.it\\\/beautycase\\\/index.php\\\/cosmoprof-cosmetica-italia\\\/#article\",\"isPartOf\":{\"@id\":\"https:\\\/\\\/www.loscrigno.it\\\/beautycase\\\/index.php\\\/cosmoprof-cosmetica-italia\\\/\"},\"author\":{\"name\":\"Marica\",\"@id\":\"https:\\\/\\\/www.loscrigno.it\\\/beautycase\\\/#\\\/schema\\\/person\\\/11eee6092821563eadc965b96ca0314d\"},\"headline\":\"Al Cosmoprof con Cosmetica Italia: la bellezza \u00e8 made in Italy\",\"datePublished\":\"2014-04-12T14:47:21+00:00\",\"dateModified\":\"2016-02-06T12:56:14+00:00\",\"mainEntityOfPage\":{\"@id\":\"https:\\\/\\\/www.loscrigno.it\\\/beautycase\\\/index.php\\\/cosmoprof-cosmetica-italia\\\/\"},\"wordCount\":1661,\"commentCount\":3,\"image\":{\"@id\":\"https:\\\/\\\/www.loscrigno.it\\\/beautycase\\\/index.php\\\/cosmoprof-cosmetica-italia\\\/#primaryimage\"},\"thumbnailUrl\":\"https:\\\/\\\/www.loscrigno.it\\\/beautycase\\\/wp-content\\\/uploads\\\/2014\\\/04\\\/IMG_3498.jpg\",\"articleSection\":[\"Capelli\",\"Lusso\",\"Make-up\",\"Profumi\",\"Skin Care\",\"Unghie\",\"Youtube\"],\"inLanguage\":\"it-IT\",\"potentialAction\":[{\"@type\":\"CommentAction\",\"name\":\"Comment\",\"target\":[\"https:\\\/\\\/www.loscrigno.it\\\/beautycase\\\/index.php\\\/cosmoprof-cosmetica-italia\\\/#respond\"]}]},{\"@type\":\"WebPage\",\"@id\":\"https:\\\/\\\/www.loscrigno.it\\\/beautycase\\\/index.php\\\/cosmoprof-cosmetica-italia\\\/\",\"url\":\"https:\\\/\\\/www.loscrigno.it\\\/beautycase\\\/index.php\\\/cosmoprof-cosmetica-italia\\\/\",\"name\":\"Al Cosmoprof con Cosmetica Italia: la bellezza \u00e8 made in Italy -\",\"isPartOf\":{\"@id\":\"https:\\\/\\\/www.loscrigno.it\\\/beautycase\\\/#website\"},\"primaryImageOfPage\":{\"@id\":\"https:\\\/\\\/www.loscrigno.it\\\/beautycase\\\/index.php\\\/cosmoprof-cosmetica-italia\\\/#primaryimage\"},\"image\":{\"@id\":\"https:\\\/\\\/www.loscrigno.it\\\/beautycase\\\/index.php\\\/cosmoprof-cosmetica-italia\\\/#primaryimage\"},\"thumbnailUrl\":\"https:\\\/\\\/www.loscrigno.it\\\/beautycase\\\/wp-content\\\/uploads\\\/2014\\\/04\\\/IMG_3498.jpg\",\"datePublished\":\"2014-04-12T14:47:21+00:00\",\"dateModified\":\"2016-02-06T12:56:14+00:00\",\"author\":{\"@id\":\"https:\\\/\\\/www.loscrigno.it\\\/beautycase\\\/#\\\/schema\\\/person\\\/11eee6092821563eadc965b96ca0314d\"},\"description\":\"Al Cosmoprof con Cosmetica Italia: cronaca di una giornata all'insegna della bellezza made in Italy. Siete pronte a scoprire tutte novit\u00e0 cosmetiche in ...\",\"breadcrumb\":{\"@id\":\"https:\\\/\\\/www.loscrigno.it\\\/beautycase\\\/index.php\\\/cosmoprof-cosmetica-italia\\\/#breadcrumb\"},\"inLanguage\":\"it-IT\",\"potentialAction\":[{\"@type\":\"ReadAction\",\"target\":[\"https:\\\/\\\/www.loscrigno.it\\\/beautycase\\\/index.php\\\/cosmoprof-cosmetica-italia\\\/\"]}]},{\"@type\":\"ImageObject\",\"inLanguage\":\"it-IT\",\"@id\":\"https:\\\/\\\/www.loscrigno.it\\\/beautycase\\\/index.php\\\/cosmoprof-cosmetica-italia\\\/#primaryimage\",\"url\":\"https:\\\/\\\/www.loscrigno.it\\\/beautycase\\\/wp-content\\\/uploads\\\/2014\\\/04\\\/IMG_3498.jpg\",\"contentUrl\":\"https:\\\/\\\/www.loscrigno.it\\\/beautycase\\\/wp-content\\\/uploads\\\/2014\\\/04\\\/IMG_3498.jpg\",\"width\":1000,\"height\":667,\"caption\":\"Al Cosmoprof con Cosmetica Italia\"},{\"@type\":\"BreadcrumbList\",\"@id\":\"https:\\\/\\\/www.loscrigno.it\\\/beautycase\\\/index.php\\\/cosmoprof-cosmetica-italia\\\/#breadcrumb\",\"itemListElement\":[{\"@type\":\"ListItem\",\"position\":1,\"name\":\"Home\",\"item\":\"https:\\\/\\\/www.loscrigno.it\\\/beautycase\\\/\"},{\"@type\":\"ListItem\",\"position\":2,\"name\":\"Al Cosmoprof con Cosmetica Italia: la bellezza \u00e8 made in Italy\"}]},{\"@type\":\"WebSite\",\"@id\":\"https:\\\/\\\/www.loscrigno.it\\\/beautycase\\\/#website\",\"url\":\"https:\\\/\\\/www.loscrigno.it\\\/beautycase\\\/\",\"name\":\"Beauty Case Blog - Beauty blog italiano su make-up e bellezza\",\"description\":\"Beauty Case Blog \u00e8 uno dei pi\u00f9 importanti beauty blog italiani. Leggi ora tutte le novit\u00e0 del mondo beauty e scopri i miei consigli su make-up e bellezza.\",\"potentialAction\":[{\"@type\":\"SearchAction\",\"target\":{\"@type\":\"EntryPoint\",\"urlTemplate\":\"https:\\\/\\\/www.loscrigno.it\\\/beautycase\\\/?s={search_term_string}\"},\"query-input\":{\"@type\":\"PropertyValueSpecification\",\"valueRequired\":true,\"valueName\":\"search_term_string\"}}],\"inLanguage\":\"it-IT\"},{\"@type\":\"Person\",\"@id\":\"https:\\\/\\\/www.loscrigno.it\\\/beautycase\\\/#\\\/schema\\\/person\\\/11eee6092821563eadc965b96ca0314d\",\"name\":\"Marica\",\"image\":{\"@type\":\"ImageObject\",\"inLanguage\":\"it-IT\",\"@id\":\"https:\\\/\\\/secure.gravatar.com\\\/avatar\\\/17ff8fae2051e8d0c09037bc4e9ab017ac93233f8d559691101577712100fa39?s=96&d=blank&r=g\",\"url\":\"https:\\\/\\\/secure.gravatar.com\\\/avatar\\\/17ff8fae2051e8d0c09037bc4e9ab017ac93233f8d559691101577712100fa39?s=96&d=blank&r=g\",\"contentUrl\":\"https:\\\/\\\/secure.gravatar.com\\\/avatar\\\/17ff8fae2051e8d0c09037bc4e9ab017ac93233f8d559691101577712100fa39?s=96&d=blank&r=g\",\"caption\":\"Marica\"},\"description\":\"Appassionata di cosmesi e di tutto ci\u00f2 che \u00e8 bello. Dal 2015 vivo a cavallo tra Italia e Inghilterra e ho un'inarrestabile passione per borse e rossetti. Il super-potere che vorrei? Quello dei capelli sempre in piega! Su Instagram mi trovi come @beautycaseblog.\",\"sameAs\":[\"http:\\\/\\\/www.instagram.com\\\/beautycaseblog\",\"http:\\\/\\\/www.facebook.com\\\/beautycaseblog\",\"https:\\\/\\\/x.com\\\/http:\\\/\\\/www.twitter.com\\\/beautycaseblog\"],\"url\":\"https:\\\/\\\/www.loscrigno.it\\\/beautycase\\\/index.php\\\/author\\\/verdiana\\\/\"}]}<\/script>\r\n<!-- \/ Yoast SEO plugin. -->","yoast_head_json":{"title":"Al Cosmoprof con Cosmetica Italia: la bellezza \u00e8 made in Italy -","description":"Al Cosmoprof con Cosmetica Italia: cronaca di una giornata all'insegna della bellezza made in Italy. Siete pronte a scoprire tutte novit\u00e0 cosmetiche in ...","robots":{"index":"index","follow":"follow","max-snippet":"max-snippet:-1","max-image-preview":"max-image-preview:large","max-video-preview":"max-video-preview:-1"},"canonical":"https:\/\/www.loscrigno.it\/beautycase\/index.php\/cosmoprof-cosmetica-italia\/","twitter_card":"summary_large_image","twitter_title":"Al Cosmoprof con Cosmetica Italia: la bellezza \u00e8 made in Italy -","twitter_description":"Al Cosmoprof con Cosmetica Italia: cronaca di una giornata all'insegna della bellezza made in Italy. Siete pronte a scoprire tutte novit\u00e0 cosmetiche in ...","twitter_image":"https:\/\/www.loscrigno.it\/beautycase\/wp-content\/uploads\/2014\/04\/IMG_3498.jpg","twitter_creator":"@http:\/\/www.twitter.com\/beautycaseblog","twitter_misc":{"Scritto da":"Marica","Tempo di lettura stimato":"8 minuti"},"schema":{"@context":"https:\/\/schema.org","@graph":[{"@type":"Article","@id":"https:\/\/www.loscrigno.it\/beautycase\/index.php\/cosmoprof-cosmetica-italia\/#article","isPartOf":{"@id":"https:\/\/www.loscrigno.it\/beautycase\/index.php\/cosmoprof-cosmetica-italia\/"},"author":{"name":"Marica","@id":"https:\/\/www.loscrigno.it\/beautycase\/#\/schema\/person\/11eee6092821563eadc965b96ca0314d"},"headline":"Al Cosmoprof con Cosmetica Italia: la bellezza \u00e8 made in Italy","datePublished":"2014-04-12T14:47:21+00:00","dateModified":"2016-02-06T12:56:14+00:00","mainEntityOfPage":{"@id":"https:\/\/www.loscrigno.it\/beautycase\/index.php\/cosmoprof-cosmetica-italia\/"},"wordCount":1661,"commentCount":3,"image":{"@id":"https:\/\/www.loscrigno.it\/beautycase\/index.php\/cosmoprof-cosmetica-italia\/#primaryimage"},"thumbnailUrl":"https:\/\/www.loscrigno.it\/beautycase\/wp-content\/uploads\/2014\/04\/IMG_3498.jpg","articleSection":["Capelli","Lusso","Make-up","Profumi","Skin Care","Unghie","Youtube"],"inLanguage":"it-IT","potentialAction":[{"@type":"CommentAction","name":"Comment","target":["https:\/\/www.loscrigno.it\/beautycase\/index.php\/cosmoprof-cosmetica-italia\/#respond"]}]},{"@type":"WebPage","@id":"https:\/\/www.loscrigno.it\/beautycase\/index.php\/cosmoprof-cosmetica-italia\/","url":"https:\/\/www.loscrigno.it\/beautycase\/index.php\/cosmoprof-cosmetica-italia\/","name":"Al Cosmoprof con Cosmetica Italia: la bellezza \u00e8 made in Italy -","isPartOf":{"@id":"https:\/\/www.loscrigno.it\/beautycase\/#website"},"primaryImageOfPage":{"@id":"https:\/\/www.loscrigno.it\/beautycase\/index.php\/cosmoprof-cosmetica-italia\/#primaryimage"},"image":{"@id":"https:\/\/www.loscrigno.it\/beautycase\/index.php\/cosmoprof-cosmetica-italia\/#primaryimage"},"thumbnailUrl":"https:\/\/www.loscrigno.it\/beautycase\/wp-content\/uploads\/2014\/04\/IMG_3498.jpg","datePublished":"2014-04-12T14:47:21+00:00","dateModified":"2016-02-06T12:56:14+00:00","author":{"@id":"https:\/\/www.loscrigno.it\/beautycase\/#\/schema\/person\/11eee6092821563eadc965b96ca0314d"},"description":"Al Cosmoprof con Cosmetica Italia: cronaca di una giornata all'insegna della bellezza made in Italy. Siete pronte a scoprire tutte novit\u00e0 cosmetiche in ...","breadcrumb":{"@id":"https:\/\/www.loscrigno.it\/beautycase\/index.php\/cosmoprof-cosmetica-italia\/#breadcrumb"},"inLanguage":"it-IT","potentialAction":[{"@type":"ReadAction","target":["https:\/\/www.loscrigno.it\/beautycase\/index.php\/cosmoprof-cosmetica-italia\/"]}]},{"@type":"ImageObject","inLanguage":"it-IT","@id":"https:\/\/www.loscrigno.it\/beautycase\/index.php\/cosmoprof-cosmetica-italia\/#primaryimage","url":"https:\/\/www.loscrigno.it\/beautycase\/wp-content\/uploads\/2014\/04\/IMG_3498.jpg","contentUrl":"https:\/\/www.loscrigno.it\/beautycase\/wp-content\/uploads\/2014\/04\/IMG_3498.jpg","width":1000,"height":667,"caption":"Al Cosmoprof con Cosmetica Italia"},{"@type":"BreadcrumbList","@id":"https:\/\/www.loscrigno.it\/beautycase\/index.php\/cosmoprof-cosmetica-italia\/#breadcrumb","itemListElement":[{"@type":"ListItem","position":1,"name":"Home","item":"https:\/\/www.loscrigno.it\/beautycase\/"},{"@type":"ListItem","position":2,"name":"Al Cosmoprof con Cosmetica Italia: la bellezza \u00e8 made in Italy"}]},{"@type":"WebSite","@id":"https:\/\/www.loscrigno.it\/beautycase\/#website","url":"https:\/\/www.loscrigno.it\/beautycase\/","name":"Beauty Case Blog - Beauty blog italiano su make-up e bellezza","description":"Beauty Case Blog \u00e8 uno dei pi\u00f9 importanti beauty blog italiani. Leggi ora tutte le novit\u00e0 del mondo beauty e scopri i miei consigli su make-up e bellezza.","potentialAction":[{"@type":"SearchAction","target":{"@type":"EntryPoint","urlTemplate":"https:\/\/www.loscrigno.it\/beautycase\/?s={search_term_string}"},"query-input":{"@type":"PropertyValueSpecification","valueRequired":true,"valueName":"search_term_string"}}],"inLanguage":"it-IT"},{"@type":"Person","@id":"https:\/\/www.loscrigno.it\/beautycase\/#\/schema\/person\/11eee6092821563eadc965b96ca0314d","name":"Marica","image":{"@type":"ImageObject","inLanguage":"it-IT","@id":"https:\/\/secure.gravatar.com\/avatar\/17ff8fae2051e8d0c09037bc4e9ab017ac93233f8d559691101577712100fa39?s=96&d=blank&r=g","url":"https:\/\/secure.gravatar.com\/avatar\/17ff8fae2051e8d0c09037bc4e9ab017ac93233f8d559691101577712100fa39?s=96&d=blank&r=g","contentUrl":"https:\/\/secure.gravatar.com\/avatar\/17ff8fae2051e8d0c09037bc4e9ab017ac93233f8d559691101577712100fa39?s=96&d=blank&r=g","caption":"Marica"},"description":"Appassionata di cosmesi e di tutto ci\u00f2 che \u00e8 bello. Dal 2015 vivo a cavallo tra Italia e Inghilterra e ho un'inarrestabile passione per borse e rossetti. Il super-potere che vorrei? Quello dei capelli sempre in piega! Su Instagram mi trovi come @beautycaseblog.","sameAs":["http:\/\/www.instagram.com\/beautycaseblog","http:\/\/www.facebook.com\/beautycaseblog","https:\/\/x.com\/http:\/\/www.twitter.com\/beautycaseblog"],"url":"https:\/\/www.loscrigno.it\/beautycase\/index.php\/author\/verdiana\/"}]}},"_links":{"self":[{"href":"https:\/\/www.loscrigno.it\/beautycase\/index.php\/wp-json\/wp\/v2\/posts\/9845","targetHints":{"allow":["GET"]}}],"collection":[{"href":"https:\/\/www.loscrigno.it\/beautycase\/index.php\/wp-json\/wp\/v2\/posts"}],"about":[{"href":"https:\/\/www.loscrigno.it\/beautycase\/index.php\/wp-json\/wp\/v2\/types\/post"}],"author":[{"embeddable":true,"href":"https:\/\/www.loscrigno.it\/beautycase\/index.php\/wp-json\/wp\/v2\/users\/1"}],"replies":[{"embeddable":true,"href":"https:\/\/www.loscrigno.it\/beautycase\/index.php\/wp-json\/wp\/v2\/comments?post=9845"}],"version-history":[{"count":105,"href":"https:\/\/www.loscrigno.it\/beautycase\/index.php\/wp-json\/wp\/v2\/posts\/9845\/revisions"}],"predecessor-version":[{"id":9994,"href":"https:\/\/www.loscrigno.it\/beautycase\/index.php\/wp-json\/wp\/v2\/posts\/9845\/revisions\/9994"}],"wp:featuredmedia":[{"embeddable":true,"href":"https:\/\/www.loscrigno.it\/beautycase\/index.php\/wp-json\/wp\/v2\/media\/9848"}],"wp:attachment":[{"href":"https:\/\/www.loscrigno.it\/beautycase\/index.php\/wp-json\/wp\/v2\/media?parent=9845"}],"wp:term":[{"taxonomy":"category","embeddable":true,"href":"https:\/\/www.loscrigno.it\/beautycase\/index.php\/wp-json\/wp\/v2\/categories?post=9845"},{"taxonomy":"post_tag","embeddable":true,"href":"https:\/\/www.loscrigno.it\/beautycase\/index.php\/wp-json\/wp\/v2\/tags?post=9845"},{"taxonomy":"thb-sponsors","embeddable":true,"href":"https:\/\/www.loscrigno.it\/beautycase\/index.php\/wp-json\/wp\/v2\/thb-sponsors?post=9845"}],"curies":[{"name":"wp","href":"https:\/\/api.w.org\/{rel}","templated":true}]}}